{"id":17800,"date":"2020-07-02T15:14:53","date_gmt":"2020-07-02T13:14:53","guid":{"rendered":"http:\/\/agora.xtec.cat\/ieslaromanica\/?p=17800"},"modified":"2022-03-28T20:54:08","modified_gmt":"2022-03-28T18:54:08","slug":"graduacions-de-2n-batxillerat-promocio-2014-2020","status":"publish","type":"post","link":"https:\/\/agora.xtec.cat\/ieslaromanica\/general\/graduacions-de-2n-batxillerat-promocio-2014-2020\/","title":{"rendered":"Graduacions de 2n Batxillerat (promoci\u00f3 2014-2020)"},"content":{"rendered":"<p style=\"text-align: center;\"><a href=\"https:\/\/agora.xtec.cat\/ieslaromanica\/wp-content\/uploads\/usu857\/2020\/07\/orla1920-1.jpg\"><img loading=\"lazy\" decoding=\"async\" class=\"alignnone wp-image-18056\" src=\"https:\/\/agora.xtec.cat\/ieslaromanica\/wp-content\/uploads\/usu857\/2020\/07\/orla1920-1.jpg\" alt=\"\" width=\"999\" height=\"707\" srcset=\"https:\/\/agora.xtec.cat\/ieslaromanica\/wp-content\/uploads\/usu857\/2020\/07\/orla1920-1.jpg 3142w, https:\/\/agora.xtec.cat\/ieslaromanica\/wp-content\/uploads\/usu857\/2020\/07\/orla1920-1-300x212.jpg 300w, https:\/\/agora.xtec.cat\/ieslaromanica\/wp-content\/uploads\/usu857\/2020\/07\/orla1920-1-768x543.jpg 768w, https:\/\/agora.xtec.cat\/ieslaromanica\/wp-content\/uploads\/usu857\/2020\/07\/orla1920-1-1024x724.jpg 1024w\" sizes=\"auto, (max-width: 999px) 100vw, 999px\" \/><\/a><\/p>\n<p>&nbsp;<\/p>\n<p style=\"text-align: justify;\">Segur que a totes i a tots ens hagu\u00e9s agradat fer una graduaci\u00f3 <em>presencial<\/em>, veient f\u00edsicament com l&#8217;alumnat pujava les escales de l&#8217;escenari del TMC per rebre l&#8217;orla, per dir unes paraules, per fer alguna actuaci\u00f3, per immortalitzar el moment amb una fotografia de grup al costat dels companys i companyes&#8230;<\/p>\n<p style=\"text-align: justify;\">Servint-nos de la tecnologia al nostre abast i amb molt bona voluntat, la Lourdes Ferran Boleda ha organitzat els actes de graduaci\u00f3\u00a0de 2n de Batxillerat d&#8217;enguany en format <em>virtual<\/em>, que han tingut lloc el 25 de juny de 2020. Gr\u00e0cies Lourdes!<\/p>\n<p style=\"text-align: justify;\">Companys i companyes, professors i professores, tots i totes \u00e9rem puntuals davant de l&#8217;ordinador, de la tauleta o del m\u00f2bil per assistir a la nostra primera graduaci\u00f3 telem\u00e0tica, emocionats per tornar-nos a retrobar despr\u00e9s de tres mesos de confinament:<\/p>\n<p style=\"text-align: justify;\">L&#8217;acte ha comen\u00e7at amb imatges plenes de records de l&#8217;estada de l&#8217;alumnat al nostre centre. La gran majoria va arribar fa sis anys a l&#8217;institut i el professorat els hem vist cr\u00e9ixer. El moment ha estat emotiu, amb esclats de rialles en veure&#8217;s a trav\u00e9s dels anys mentre compartien records.<\/p>\n<p style=\"text-align: left;\"><a href=\"https:\/\/agora.xtec.cat\/ieslaromanica\/wp-content\/uploads\/usu857\/2020\/06\/Captura-de-pantalla-18.06.17-1-e1593542922219.png\"><img loading=\"lazy\" decoding=\"async\" class=\"alignnone wp-image-17915 \" src=\"https:\/\/agora.xtec.cat\/ieslaromanica\/wp-content\/uploads\/usu857\/2020\/06\/Captura-de-pantalla-18.06.17-1-e1593542922219.png\" alt=\"\" width=\"651\" height=\"331\" srcset=\"https:\/\/agora.xtec.cat\/ieslaromanica\/wp-content\/uploads\/usu857\/2020\/06\/Captura-de-pantalla-18.06.17-1-e1593542922219.png 1111w, https:\/\/agora.xtec.cat\/ieslaromanica\/wp-content\/uploads\/usu857\/2020\/06\/Captura-de-pantalla-18.06.17-1-e1593542922219-300x153.png 300w, https:\/\/agora.xtec.cat\/ieslaromanica\/wp-content\/uploads\/usu857\/2020\/06\/Captura-de-pantalla-18.06.17-1-e1593542922219-768x391.png 768w, https:\/\/agora.xtec.cat\/ieslaromanica\/wp-content\/uploads\/usu857\/2020\/06\/Captura-de-pantalla-18.06.17-1-e1593542922219-1024x521.png 1024w\" sizes=\"auto, (max-width: 651px) 100vw, 651px\" \/><\/a><\/p>\n<p>&nbsp;<\/p>\n<p style=\"text-align: justify;\">No ens hem estat de res: com \u00e9s tradicional en totes les graduacions, hi han hagut parlaments per part de la Lourdes Ferran com a cap de la cerim\u00f2nia, de la Carmen Arag\u00f3n com a Directora, del Miquel Mart\u00ednez, la Nieves de la Flor i l&#8217;Alba Llanes com a tutors i tutores dels tres grups, de la S\u00edlvia Vallesp\u00edn com a Coordinadora de Batxillerat i&#8230; tamb\u00e9 d&#8217;alumnes.<\/p>\n<p style=\"text-align: justify;\">El Jordi Casado, l&#8217;Adri\u00e1n Hern\u00e1ndez, l&#8217;Antonio Tejada i la Lara Morante han compartit amb tots i totes els seus discursos, alguns de preparats, altres d&#8217;espontanis, per\u00f2 molt emotius i plens de sinceritat: els seus pensaments, les seves viv\u00e8ncies a l&#8217;institut, algunes an\u00e8cdotes i els seus sentiments en un moment tant simb\u00f2lic com aquest. Aqu\u00ed teniu algunes captures de pantalla que immortalitzen aquests moments:<\/p>\n<table style=\"height: 227px;\" width=\"658\">\n<tbody>\n<tr style=\"height: 158px;\">\n<td style=\"width: 323px; height: 158px;\"><a href=\"https:\/\/agora.xtec.cat\/ieslaromanica\/wp-content\/uploads\/usu857\/2020\/06\/Captura-de-pantalla-2020-06-25-a-les-18.50.56-1-e1593543018748.png\"><img loading=\"lazy\" decoding=\"async\" class=\"alignnone wp-image-17913 \" src=\"https:\/\/agora.xtec.cat\/ieslaromanica\/wp-content\/uploads\/usu857\/2020\/06\/Captura-de-pantalla-2020-06-25-a-les-18.50.56-1-e1593543018748.png\" alt=\"\" width=\"1097\" height=\"562\" srcset=\"https:\/\/agora.xtec.cat\/ieslaromanica\/wp-content\/uploads\/usu857\/2020\/06\/Captura-de-pantalla-2020-06-25-a-les-18.50.56-1-e1593543018748.png 1097w, https:\/\/agora.xtec.cat\/ieslaromanica\/wp-content\/uploads\/usu857\/2020\/06\/Captura-de-pantalla-2020-06-25-a-les-18.50.56-1-e1593543018748-300x154.png 300w, https:\/\/agora.xtec.cat\/ieslaromanica\/wp-content\/uploads\/usu857\/2020\/06\/Captura-de-pantalla-2020-06-25-a-les-18.50.56-1-e1593543018748-768x393.png 768w, https:\/\/agora.xtec.cat\/ieslaromanica\/wp-content\/uploads\/usu857\/2020\/06\/Captura-de-pantalla-2020-06-25-a-les-18.50.56-1-e1593543018748-1024x525.png 1024w\" sizes=\"auto, (max-width: 1097px) 100vw, 1097px\" \/><\/a><\/td>\n<td style=\"width: 327px; height: 158px;\"><a href=\"https:\/\/agora.xtec.cat\/ieslaromanica\/wp-content\/uploads\/usu857\/2020\/06\/Captura-de-pantalla-2020-06-25-a-les-18.53.53.png\"><img loading=\"lazy\" decoding=\"async\" class=\"alignnone wp-image-17918\" src=\"https:\/\/agora.xtec.cat\/ieslaromanica\/wp-content\/uploads\/usu857\/2020\/06\/Captura-de-pantalla-2020-06-25-a-les-18.53.53.png\" alt=\"\" width=\"311\" height=\"156\" srcset=\"https:\/\/agora.xtec.cat\/ieslaromanica\/wp-content\/uploads\/usu857\/2020\/06\/Captura-de-pantalla-2020-06-25-a-les-18.53.53.png 1113w, https:\/\/agora.xtec.cat\/ieslaromanica\/wp-content\/uploads\/usu857\/2020\/06\/Captura-de-pantalla-2020-06-25-a-les-18.53.53-300x151.png 300w, https:\/\/agora.xtec.cat\/ieslaromanica\/wp-content\/uploads\/usu857\/2020\/06\/Captura-de-pantalla-2020-06-25-a-les-18.53.53-768x386.png 768w, https:\/\/agora.xtec.cat\/ieslaromanica\/wp-content\/uploads\/usu857\/2020\/06\/Captura-de-pantalla-2020-06-25-a-les-18.53.53-1024x514.png 1024w\" sizes=\"auto, (max-width: 311px) 100vw, 311px\" \/><\/a><\/td>\n<\/tr>\n<tr style=\"height: 136px;\">\n<td style=\"width: 323px; height: 69px;\"><a href=\"https:\/\/agora.xtec.cat\/ieslaromanica\/wp-content\/uploads\/usu857\/2020\/06\/Captura-de-pantalla-2020-06-25-a-les-18.34.54.png\"><img loading=\"lazy\" decoding=\"async\" class=\"alignnone size-full wp-image-17921\" src=\"https:\/\/agora.xtec.cat\/ieslaromanica\/wp-content\/uploads\/usu857\/2020\/06\/Captura-de-pantalla-2020-06-25-a-les-18.34.54.png\" alt=\"\" width=\"1267\" height=\"637\" srcset=\"https:\/\/agora.xtec.cat\/ieslaromanica\/wp-content\/uploads\/usu857\/2020\/06\/Captura-de-pantalla-2020-06-25-a-les-18.34.54.png 1267w, https:\/\/agora.xtec.cat\/ieslaromanica\/wp-content\/uploads\/usu857\/2020\/06\/Captura-de-pantalla-2020-06-25-a-les-18.34.54-300x151.png 300w, https:\/\/agora.xtec.cat\/ieslaromanica\/wp-content\/uploads\/usu857\/2020\/06\/Captura-de-pantalla-2020-06-25-a-les-18.34.54-768x386.png 768w, https:\/\/agora.xtec.cat\/ieslaromanica\/wp-content\/uploads\/usu857\/2020\/06\/Captura-de-pantalla-2020-06-25-a-les-18.34.54-1024x515.png 1024w\" sizes=\"auto, (max-width: 1267px) 100vw, 1267px\" \/><\/a><\/td>\n<td style=\"width: 327px; height: 69px;\"><a href=\"https:\/\/agora.xtec.cat\/ieslaromanica\/wp-content\/uploads\/usu857\/2020\/06\/Captura-de-pantalla-2020-06-25-a-les-18.51.08-1.png\"><img loading=\"lazy\" decoding=\"async\" class=\"alignnone size-full wp-image-17914\" src=\"https:\/\/agora.xtec.cat\/ieslaromanica\/wp-content\/uploads\/usu857\/2020\/06\/Captura-de-pantalla-2020-06-25-a-les-18.51.08-1.png\" alt=\"\" width=\"1267\" height=\"643\" srcset=\"https:\/\/agora.xtec.cat\/ieslaromanica\/wp-content\/uploads\/usu857\/2020\/06\/Captura-de-pantalla-2020-06-25-a-les-18.51.08-1.png 1267w, https:\/\/agora.xtec.cat\/ieslaromanica\/wp-content\/uploads\/usu857\/2020\/06\/Captura-de-pantalla-2020-06-25-a-les-18.51.08-1-300x152.png 300w, https:\/\/agora.xtec.cat\/ieslaromanica\/wp-content\/uploads\/usu857\/2020\/06\/Captura-de-pantalla-2020-06-25-a-les-18.51.08-1-768x390.png 768w, https:\/\/agora.xtec.cat\/ieslaromanica\/wp-content\/uploads\/usu857\/2020\/06\/Captura-de-pantalla-2020-06-25-a-les-18.51.08-1-1024x520.png 1024w\" sizes=\"auto, (max-width: 1267px) 100vw, 1267px\" \/><\/a><\/td>\n<\/tr>\n<\/tbody>\n<\/table>\n<p>&nbsp;<\/p>\n<p style=\"text-align: justify;\">I, com no, tamb\u00e9 hi ha hagut el tradicional lliurament -virtual- de l&#8217;orla, de les Matr\u00edcules d&#8217;Honor i del Premi a l&#8217;Excel\u00b7l\u00e8ncia de Batxillerat Carles Garcia:<\/p>\n<table style=\"height: 132px;\" width=\"662\">\n<tbody>\n<tr style=\"height: 132px;\">\n<td style=\"width: 326px; height: 132px;\"><a href=\"https:\/\/agora.xtec.cat\/ieslaromanica\/wp-content\/uploads\/usu857\/2020\/06\/Captura-de-pantalla-2020-06-25-a-les-18.33.01.png\"><img loading=\"lazy\" decoding=\"async\" class=\"alignnone size-full wp-image-17924\" src=\"https:\/\/agora.xtec.cat\/ieslaromanica\/wp-content\/uploads\/usu857\/2020\/06\/Captura-de-pantalla-2020-06-25-a-les-18.33.01.png\" alt=\"\" width=\"1262\" height=\"623\" srcset=\"https:\/\/agora.xtec.cat\/ieslaromanica\/wp-content\/uploads\/usu857\/2020\/06\/Captura-de-pantalla-2020-06-25-a-les-18.33.01.png 1262w, https:\/\/agora.xtec.cat\/ieslaromanica\/wp-content\/uploads\/usu857\/2020\/06\/Captura-de-pantalla-2020-06-25-a-les-18.33.01-300x148.png 300w, https:\/\/agora.xtec.cat\/ieslaromanica\/wp-content\/uploads\/usu857\/2020\/06\/Captura-de-pantalla-2020-06-25-a-les-18.33.01-768x379.png 768w, https:\/\/agora.xtec.cat\/ieslaromanica\/wp-content\/uploads\/usu857\/2020\/06\/Captura-de-pantalla-2020-06-25-a-les-18.33.01-1024x506.png 1024w\" sizes=\"auto, (max-width: 1262px) 100vw, 1262px\" \/><\/a><\/td>\n<td style=\"width: 328px; height: 132px;\"><a href=\"https:\/\/agora.xtec.cat\/ieslaromanica\/wp-content\/uploads\/usu857\/2020\/06\/Captura-de-pantalla-2020-06-25-a-les-18.32.26.png\"><img loading=\"lazy\" decoding=\"async\" class=\"alignnone size-full wp-image-17919\" src=\"https:\/\/agora.xtec.cat\/ieslaromanica\/wp-content\/uploads\/usu857\/2020\/06\/Captura-de-pantalla-2020-06-25-a-les-18.32.26.png\" alt=\"\" width=\"1277\" height=\"635\" srcset=\"https:\/\/agora.xtec.cat\/ieslaromanica\/wp-content\/uploads\/usu857\/2020\/06\/Captura-de-pantalla-2020-06-25-a-les-18.32.26.png 1277w, https:\/\/agora.xtec.cat\/ieslaromanica\/wp-content\/uploads\/usu857\/2020\/06\/Captura-de-pantalla-2020-06-25-a-les-18.32.26-300x149.png 300w, https:\/\/agora.xtec.cat\/ieslaromanica\/wp-content\/uploads\/usu857\/2020\/06\/Captura-de-pantalla-2020-06-25-a-les-18.32.26-768x382.png 768w, https:\/\/agora.xtec.cat\/ieslaromanica\/wp-content\/uploads\/usu857\/2020\/06\/Captura-de-pantalla-2020-06-25-a-les-18.32.26-1024x509.png 1024w\" sizes=\"auto, (max-width: 1277px) 100vw, 1277px\" \/><\/a><\/td>\n<\/tr>\n<\/tbody>\n<\/table>\n<p>&nbsp;<\/p>\n<p style=\"text-align: justify;\">Sense escenari, sense llums, sense micros&#8230; per\u00f2 ten\u00edem tot el qu\u00e8 ens calia: <strong>les persones<\/strong>. Una graduaci\u00f3&#8230; entranyable.<\/p>\n<p style=\"text-align: justify;\">Han estat molts els anys que els nois i noies que ara finalitzen l\u2019etapa de Batxillerat han passat dins els murs de l\u2019Institut La Rom\u00e0nica (sis, set&#8230;). Aqu\u00ed han crescut, han viscut moltes experi\u00e8ncies i s&#8217;han format com les persones que avui dia s\u00f3n.<\/p>\n<p style=\"text-align: justify;\">Ara, tota la comunitat educativa volem desitjar-los molta sort ens els nous camins que ben aviat emprendran.<\/p>\n<p style=\"text-align: justify;\">No ens oblideu, nosaltres no ho farem. I recordeu que l&#8217;Institut La Rom\u00e0nica \u00e9s casa vostra.<\/p>\n<h5>Sort!!!<\/h5>\n","protected":false},"excerpt":{"rendered":"<p><a href=\"https:\/\/agora.xtec.cat\/ieslaromanica\/wp-content\/uploads\/usu857\/2020\/07\/orla1920-1.jpg\"><\/a><br \/>\n&nbsp;<br \/>\nSegur que a totes i a tots ens hagu\u00e9s agradat fer una graduaci\u00f3 presencial, veient f\u00edsicament com l&#8217;alumnat pujava les escales de l&#8217;escenari del TMC per rebre l&#8217;orla, per dir unes paraules, per fer alguna actuaci\u00f3, per immortalitzar el moment amb una fotografia de&hellip;  <a href=\"https:\/\/agora.xtec.cat\/ieslaromanica\/general\/graduacions-de-2n-batxillerat-promocio-2014-2020\/\" title=\"Read Graduacions de 2n Batxillerat (promoci\u00f3 2014-2020)\">Llegeix m\u00e9s\u00bb<\/a><\/p>\n","protected":false},"author":3,"featured_media":18056,"comment_status":"open","ping_status":"closed","sticky":false,"template":"","format":"standard","meta":{"_bbp_topic_count":0,"_bbp_reply_count":0,"_bbp_total_topic_count":0,"_bbp_total_reply_count":0,"_bbp_voice_count":0,"_bbp_anonymous_reply_count":0,"_bbp_topic_count_hidden":0,"_bbp_reply_count_hidden":0,"_bbp_forum_subforum_count":0,"footnotes":""},"categories":[73,314,8,3,7,1,29],"tags":[329,304,376,290],"class_list":["post-17800","post","type-post","status-publish","format-standard","has-post-thumbnail","hentry","category-2-batx","category-activitats-extraescolars","category-batxillerat","category-eso","category-eso-4","category-general","category-portada","tag-curs-2019-20","tag-extraescolars","tag-graduacions","tag-graduacions-2n-de-batxillerat"],"post_mailing_queue_ids":[],"_links":{"self":[{"href":"https:\/\/agora.xtec.cat\/ieslaromanica\/wp-json\/wp\/v2\/posts\/17800","targetHints":{"allow":["GET"]}}],"collection":[{"href":"https:\/\/agora.xtec.cat\/ieslaromanica\/wp-json\/wp\/v2\/posts"}],"about":[{"href":"https:\/\/agora.xtec.cat\/ieslaromanica\/wp-json\/wp\/v2\/types\/post"}],"author":[{"embeddable":true,"href":"https:\/\/agora.xtec.cat\/ieslaromanica\/wp-json\/wp\/v2\/users\/3"}],"replies":[{"embeddable":true,"href":"https:\/\/agora.xtec.cat\/ieslaromanica\/wp-json\/wp\/v2\/comments?post=17800"}],"version-history":[{"count":4,"href":"https:\/\/agora.xtec.cat\/ieslaromanica\/wp-json\/wp\/v2\/posts\/17800\/revisions"}],"predecessor-version":[{"id":18553,"href":"https:\/\/agora.xtec.cat\/ieslaromanica\/wp-json\/wp\/v2\/posts\/17800\/revisions\/18553"}],"wp:featuredmedia":[{"embeddable":true,"href":"https:\/\/agora.xtec.cat\/ieslaromanica\/wp-json\/wp\/v2\/media\/18056"}],"wp:attachment":[{"href":"https:\/\/agora.xtec.cat\/ieslaromanica\/wp-json\/wp\/v2\/media?parent=17800"}],"wp:term":[{"taxonomy":"category","embeddable":true,"href":"https:\/\/agora.xtec.cat\/ieslaromanica\/wp-json\/wp\/v2\/categories?post=17800"},{"taxonomy":"post_tag","embeddable":true,"href":"https:\/\/agora.xtec.cat\/ieslaromanica\/wp-json\/wp\/v2\/tags?post=17800"}],"curies":[{"name":"wp","href":"https:\/\/api.w.org\/{rel}","templated":true}]}}