{"id":17655,"date":"2020-05-22T19:40:40","date_gmt":"2020-05-22T17:40:40","guid":{"rendered":"http:\/\/agora.xtec.cat\/ieslaromanica\/?p=17655"},"modified":"2020-05-27T08:39:48","modified_gmt":"2020-05-27T06:39:48","slug":"certamen-minerva-2020","status":"publish","type":"post","link":"https:\/\/agora.xtec.cat\/ieslaromanica\/general\/certamen-minerva-2020\/","title":{"rendered":"Certamen Minerva 2020"},"content":{"rendered":"<p style=\"text-align: center;\"><a href=\"https:\/\/agora.xtec.cat\/ieslaromanica\/wp-content\/uploads\/usu857\/2020\/05\/minerva-2020-.png\"><img loading=\"lazy\" decoding=\"async\" class=\"wp-image-17656 aligncenter\" src=\"https:\/\/agora.xtec.cat\/ieslaromanica\/wp-content\/uploads\/usu857\/2020\/05\/minerva-2020-.png\" alt=\"\" width=\"777\" height=\"365\" srcset=\"https:\/\/agora.xtec.cat\/ieslaromanica\/wp-content\/uploads\/usu857\/2020\/05\/minerva-2020-.png 1071w, https:\/\/agora.xtec.cat\/ieslaromanica\/wp-content\/uploads\/usu857\/2020\/05\/minerva-2020--300x141.png 300w, https:\/\/agora.xtec.cat\/ieslaromanica\/wp-content\/uploads\/usu857\/2020\/05\/minerva-2020--768x361.png 768w, https:\/\/agora.xtec.cat\/ieslaromanica\/wp-content\/uploads\/usu857\/2020\/05\/minerva-2020--1024x481.png 1024w\" sizes=\"auto, (max-width: 777px) 100vw, 777px\" \/><\/a><\/p>\n<h4 style=\"text-align: center;\">Certamen Minerva 2020<\/h4>\n<p>Tot i la situaci\u00f3 de confinament, els nois i noies de Batxillerat han seguit treballant de valent. Fruit del seu esfor\u00e7, cinc alumnes del nostre institut han participat enguany al 18\u00e8 Certamen Minerva, organitzat des del Servei Educatiu Vall\u00e8s Occidental VII, corresponent a la zona educativa de Barber\u00e0 del Vall\u00e8s i Badia del Vall\u00e8s.<\/p>\n<p>Com ja sabeu, els Premis Minerva reconeixen els millors treballs de recerca de 2n de Batxillerat dels instituts de les dues poblacions. Enguany, els dos treballs guardonats del nostre centre han estat:<\/p>\n<ul>\n<li>&#8220;Com compondre des de les emocions&#8221;, de Carla Lahoud i David Alcaraz.<\/li>\n<li>&#8220;Creaci\u00f3 d&#8217;una App per detectar el daltonisme&#8221;, de Pol Ubago, Sergi Ortiz i Elias Jaghjough.<\/li>\n<\/ul>\n<p><a href=\"https:\/\/serveiseducatius.xtec.cat\/vallesoccidental7\/certamen-minerva-2019-2020\/\">Aqu\u00ed teniu l&#8217;enlla\u00e7 a la not\u00edcia i els v\u00eddeos que l&#8217;alumnat ha preparat per tal que conegueu millor els seus treballs de recerca, donada la situaci\u00f3 de confinament (clica):<\/a><\/p>\n<h4><\/h4>\n<h4>L&#8217;enhorabona per la feina ben feta!!!<\/h4>\n","protected":false},"excerpt":{"rendered":"<p><a href=\"https:\/\/agora.xtec.cat\/ieslaromanica\/wp-content\/uploads\/usu857\/2020\/05\/minerva-2020-.png\"><\/a><br \/>\nCertamen Minerva 2020<br \/>\nTot i la situaci\u00f3 de confinament, els nois i noies de Batxillerat han seguit treballant de valent. Fruit del seu esfor\u00e7, cinc alumnes del nostre institut han participat enguany al 18\u00e8 Certamen Minerva, organitzat des del Servei Educatiu Vall\u00e8s Occidental VII, corresponent&hellip;  <a href=\"https:\/\/agora.xtec.cat\/ieslaromanica\/general\/certamen-minerva-2020\/\" title=\"Read Certamen Minerva 2020\">Llegeix m\u00e9s\u00bb<\/a><\/p>\n","protected":false},"author":3,"featured_media":17656,"comment_status":"open","ping_status":"closed","sticky":false,"template":"","format":"standard","meta":{"_bbp_topic_count":0,"_bbp_reply_count":0,"_bbp_total_topic_count":0,"_bbp_total_reply_count":0,"_bbp_voice_count":0,"_bbp_anonymous_reply_count":0,"_bbp_topic_count_hidden":0,"_bbp_reply_count_hidden":0,"_bbp_forum_subforum_count":0,"footnotes":""},"categories":[73,8,1,29],"tags":[338,329,161],"class_list":["post-17655","post","type-post","status-publish","format-standard","has-post-thumbnail","hentry","category-2-batx","category-batxillerat","category-general","category-portada","tag-confinament","tag-curs-2019-20","tag-premis-minerva"],"post_mailing_queue_ids":[],"_links":{"self":[{"href":"https:\/\/agora.xtec.cat\/ieslaromanica\/wp-json\/wp\/v2\/posts\/17655","targetHints":{"allow":["GET"]}}],"collection":[{"href":"https:\/\/agora.xtec.cat\/ieslaromanica\/wp-json\/wp\/v2\/posts"}],"about":[{"href":"https:\/\/agora.xtec.cat\/ieslaromanica\/wp-json\/wp\/v2\/types\/post"}],"author":[{"embeddable":true,"href":"https:\/\/agora.xtec.cat\/ieslaromanica\/wp-json\/wp\/v2\/users\/3"}],"replies":[{"embeddable":true,"href":"https:\/\/agora.xtec.cat\/ieslaromanica\/wp-json\/wp\/v2\/comments?post=17655"}],"version-history":[{"count":3,"href":"https:\/\/agora.xtec.cat\/ieslaromanica\/wp-json\/wp\/v2\/posts\/17655\/revisions"}],"predecessor-version":[{"id":17661,"href":"https:\/\/agora.xtec.cat\/ieslaromanica\/wp-json\/wp\/v2\/posts\/17655\/revisions\/17661"}],"wp:featuredmedia":[{"embeddable":true,"href":"https:\/\/agora.xtec.cat\/ieslaromanica\/wp-json\/wp\/v2\/media\/17656"}],"wp:attachment":[{"href":"https:\/\/agora.xtec.cat\/ieslaromanica\/wp-json\/wp\/v2\/media?parent=17655"}],"wp:term":[{"taxonomy":"category","embeddable":true,"href":"https:\/\/agora.xtec.cat\/ieslaromanica\/wp-json\/wp\/v2\/categories?post=17655"},{"taxonomy":"post_tag","embeddable":true,"href":"https:\/\/agora.xtec.cat\/ieslaromanica\/wp-json\/wp\/v2\/tags?post=17655"}],"curies":[{"name":"wp","href":"https:\/\/api.w.org\/{rel}","templated":true}]}}