{"id":1746,"date":"2017-07-06T20:19:52","date_gmt":"2017-07-06T18:19:52","guid":{"rendered":"http:\/\/agora.xtec.cat\/ieslaromanica\/?p=1746"},"modified":"2022-03-28T20:52:58","modified_gmt":"2022-03-28T18:52:58","slug":"graduacions-2017-de-4t-deso-promocio-2013-2017","status":"publish","type":"post","link":"https:\/\/agora.xtec.cat\/ieslaromanica\/general\/graduacions-2017-de-4t-deso-promocio-2013-2017\/","title":{"rendered":"GRADUACIONS 2017 de 4t d&#8217;ESO (promoci\u00f3 2013-2017)"},"content":{"rendered":"<p style=\"text-align: center;\"><a href=\"http:\/\/agora.xtec.cat\/ieslaromanica\/wp-content\/uploads\/usu857\/2017\/07\/DSC_0151.jpg\"><img loading=\"lazy\" decoding=\"async\" class=\"alignnone size-full wp-image-1708\" src=\"http:\/\/agora.xtec.cat\/ieslaromanica\/wp-content\/uploads\/usu857\/2017\/07\/DSC_0151.jpg\" alt=\"DSC_0151\" width=\"1504\" height=\"1000\" srcset=\"https:\/\/agora.xtec.cat\/ieslaromanica\/wp-content\/uploads\/usu857\/2017\/07\/DSC_0151.jpg 1504w, https:\/\/agora.xtec.cat\/ieslaromanica\/wp-content\/uploads\/usu857\/2017\/07\/DSC_0151-300x199.jpg 300w, https:\/\/agora.xtec.cat\/ieslaromanica\/wp-content\/uploads\/usu857\/2017\/07\/DSC_0151-768x511.jpg 768w, https:\/\/agora.xtec.cat\/ieslaromanica\/wp-content\/uploads\/usu857\/2017\/07\/DSC_0151-1024x681.jpg 1024w\" sizes=\"auto, (max-width: 1504px) 100vw, 1504px\" \/><\/a><\/p>\n<p style=\"text-align: justify;\">El dia 28 de juny van tenir lloc els actes oficials de comiat a l\u2019alumnat de 4t d\u2019ESO, promoci\u00f3 2013-2017, al Teatre Municipal Cooperativa, acompanyats de professorat i familiars. El teatre, com podeu veure, era ple de gom a gom.<\/p>\n<p style=\"text-align: justify;\">I, per comen\u00e7ar, la Combo Jove de l&#8217;Escola Municipal de M\u00fasica de Barber\u00e0 del Vall\u00e8s va interpretar una selecci\u00f3 de m\u00fasiques:<\/p>\n<p style=\"text-align: center;\"><a href=\"http:\/\/agora.xtec.cat\/ieslaromanica\/wp-content\/uploads\/usu857\/2017\/07\/DSC_0162.jpg\"><img loading=\"lazy\" decoding=\"async\" class=\"alignnone size-full wp-image-1709\" src=\"http:\/\/agora.xtec.cat\/ieslaromanica\/wp-content\/uploads\/usu857\/2017\/07\/DSC_0162.jpg\" alt=\"DSC_0162\" width=\"1504\" height=\"1000\" srcset=\"https:\/\/agora.xtec.cat\/ieslaromanica\/wp-content\/uploads\/usu857\/2017\/07\/DSC_0162.jpg 1504w, https:\/\/agora.xtec.cat\/ieslaromanica\/wp-content\/uploads\/usu857\/2017\/07\/DSC_0162-300x199.jpg 300w, https:\/\/agora.xtec.cat\/ieslaromanica\/wp-content\/uploads\/usu857\/2017\/07\/DSC_0162-768x511.jpg 768w, https:\/\/agora.xtec.cat\/ieslaromanica\/wp-content\/uploads\/usu857\/2017\/07\/DSC_0162-1024x681.jpg 1024w\" sizes=\"auto, (max-width: 1504px) 100vw, 1504px\" \/><\/a><\/p>\n<p style=\"text-align: justify;\">L&#8217;acte oficial va comen\u00e7ar amb un parlament que el director de l&#8217;institut, Pep M\u00f2dol, va adre\u00e7ar a l&#8217;alumnat, encoratjant-los a seguir endavant en els nous camins que ben aviat comen\u00e7aran:<\/p>\n<p style=\"text-align: center;\"><a href=\"http:\/\/agora.xtec.cat\/ieslaromanica\/wp-content\/uploads\/usu857\/2017\/07\/DSC_0169.jpg\"><img loading=\"lazy\" decoding=\"async\" class=\"alignnone size-full wp-image-1710\" src=\"http:\/\/agora.xtec.cat\/ieslaromanica\/wp-content\/uploads\/usu857\/2017\/07\/DSC_0169.jpg\" alt=\"DSC_0169\" width=\"1504\" height=\"1000\" srcset=\"https:\/\/agora.xtec.cat\/ieslaromanica\/wp-content\/uploads\/usu857\/2017\/07\/DSC_0169.jpg 1504w, https:\/\/agora.xtec.cat\/ieslaromanica\/wp-content\/uploads\/usu857\/2017\/07\/DSC_0169-300x199.jpg 300w, https:\/\/agora.xtec.cat\/ieslaromanica\/wp-content\/uploads\/usu857\/2017\/07\/DSC_0169-768x511.jpg 768w, https:\/\/agora.xtec.cat\/ieslaromanica\/wp-content\/uploads\/usu857\/2017\/07\/DSC_0169-1024x681.jpg 1024w\" sizes=\"auto, (max-width: 1504px) 100vw, 1504px\" \/><\/a><\/p>\n<p style=\"text-align: justify;\">A continuaci\u00f3, es va fer l&#8217;entrega dels diplomes a l&#8217;alumnat de 4t d&#8217;ESO voluntari que, a l&#8217;inici de curs, va fer de guia a l&#8217;alumnat de 1r d&#8217;ESO que ho va requerir, per tal de fer-los la integraci\u00f3 al centre molt m\u00e9s agradable: Gr\u00e0cies!:<\/p>\n<p style=\"text-align: center;\"><a href=\"http:\/\/agora.xtec.cat\/ieslaromanica\/wp-content\/uploads\/usu857\/2017\/07\/DSC_0178.jpg\"><img loading=\"lazy\" decoding=\"async\" class=\"alignnone size-full wp-image-1711\" src=\"http:\/\/agora.xtec.cat\/ieslaromanica\/wp-content\/uploads\/usu857\/2017\/07\/DSC_0178.jpg\" alt=\"DSC_0178\" width=\"1832\" height=\"740\" srcset=\"https:\/\/agora.xtec.cat\/ieslaromanica\/wp-content\/uploads\/usu857\/2017\/07\/DSC_0178.jpg 1832w, https:\/\/agora.xtec.cat\/ieslaromanica\/wp-content\/uploads\/usu857\/2017\/07\/DSC_0178-300x121.jpg 300w, https:\/\/agora.xtec.cat\/ieslaromanica\/wp-content\/uploads\/usu857\/2017\/07\/DSC_0178-768x310.jpg 768w, https:\/\/agora.xtec.cat\/ieslaromanica\/wp-content\/uploads\/usu857\/2017\/07\/DSC_0178-1024x414.jpg 1024w\" sizes=\"auto, (max-width: 1832px) 100vw, 1832px\" \/><\/a><\/p>\n<p style=\"text-align: justify;\">I va arribar el moment culminant de la vetllada: l&#8217;entrega de les orles a tot l&#8217;alumnat de 4t d&#8217;ESO que, un a un i amb eleg\u00e0ncia, van anar accedint a l&#8217;escenari, on van fer-se la que possiblement ha estat l&#8217;\u00faltima fotografia de grup amb la coordinadora de 4t d&#8217;ESO i les seves respectives tutores. Aqu\u00ed les teniu:<\/p>\n<p style=\"text-align: center;\"><a href=\"http:\/\/agora.xtec.cat\/ieslaromanica\/wp-content\/uploads\/usu857\/2017\/07\/DSC_0181.jpg\"><img loading=\"lazy\" decoding=\"async\" class=\"alignnone size-full wp-image-1712\" src=\"http:\/\/agora.xtec.cat\/ieslaromanica\/wp-content\/uploads\/usu857\/2017\/07\/DSC_0181.jpg\" alt=\"DSC_0181\" width=\"1671\" height=\"702\" srcset=\"https:\/\/agora.xtec.cat\/ieslaromanica\/wp-content\/uploads\/usu857\/2017\/07\/DSC_0181.jpg 1671w, https:\/\/agora.xtec.cat\/ieslaromanica\/wp-content\/uploads\/usu857\/2017\/07\/DSC_0181-300x126.jpg 300w, https:\/\/agora.xtec.cat\/ieslaromanica\/wp-content\/uploads\/usu857\/2017\/07\/DSC_0181-768x323.jpg 768w, https:\/\/agora.xtec.cat\/ieslaromanica\/wp-content\/uploads\/usu857\/2017\/07\/DSC_0181-1024x430.jpg 1024w\" sizes=\"auto, (max-width: 1671px) 100vw, 1671px\" \/><\/a><\/p>\n<p style=\"text-align: center;\"><a href=\"http:\/\/agora.xtec.cat\/ieslaromanica\/wp-content\/uploads\/usu857\/2017\/07\/DSC_0194.jpg\"><img loading=\"lazy\" decoding=\"async\" class=\"alignnone size-full wp-image-1713\" src=\"http:\/\/agora.xtec.cat\/ieslaromanica\/wp-content\/uploads\/usu857\/2017\/07\/DSC_0194.jpg\" alt=\"DSC_0194\" width=\"2068\" height=\"814\" srcset=\"https:\/\/agora.xtec.cat\/ieslaromanica\/wp-content\/uploads\/usu857\/2017\/07\/DSC_0194.jpg 2068w, https:\/\/agora.xtec.cat\/ieslaromanica\/wp-content\/uploads\/usu857\/2017\/07\/DSC_0194-300x118.jpg 300w, https:\/\/agora.xtec.cat\/ieslaromanica\/wp-content\/uploads\/usu857\/2017\/07\/DSC_0194-768x302.jpg 768w, https:\/\/agora.xtec.cat\/ieslaromanica\/wp-content\/uploads\/usu857\/2017\/07\/DSC_0194-1024x403.jpg 1024w\" sizes=\"auto, (max-width: 2068px) 100vw, 2068px\" \/><\/a><\/p>\n<p style=\"text-align: center;\"><a href=\"http:\/\/agora.xtec.cat\/ieslaromanica\/wp-content\/uploads\/usu857\/2017\/07\/DSC_0196.jpg\"><img loading=\"lazy\" decoding=\"async\" class=\"alignnone size-full wp-image-1714\" src=\"http:\/\/agora.xtec.cat\/ieslaromanica\/wp-content\/uploads\/usu857\/2017\/07\/DSC_0196.jpg\" alt=\"DSC_0196\" width=\"2222\" height=\"705\" srcset=\"https:\/\/agora.xtec.cat\/ieslaromanica\/wp-content\/uploads\/usu857\/2017\/07\/DSC_0196.jpg 2222w, https:\/\/agora.xtec.cat\/ieslaromanica\/wp-content\/uploads\/usu857\/2017\/07\/DSC_0196-300x95.jpg 300w, https:\/\/agora.xtec.cat\/ieslaromanica\/wp-content\/uploads\/usu857\/2017\/07\/DSC_0196-768x244.jpg 768w, https:\/\/agora.xtec.cat\/ieslaromanica\/wp-content\/uploads\/usu857\/2017\/07\/DSC_0196-1024x325.jpg 1024w\" sizes=\"auto, (max-width: 2222px) 100vw, 2222px\" \/><\/a><\/p>\n<p style=\"text-align: center;\"><a href=\"http:\/\/agora.xtec.cat\/ieslaromanica\/wp-content\/uploads\/usu857\/2017\/07\/DSC_0209.jpg\"><img loading=\"lazy\" decoding=\"async\" class=\"alignnone size-full wp-image-1715\" src=\"http:\/\/agora.xtec.cat\/ieslaromanica\/wp-content\/uploads\/usu857\/2017\/07\/DSC_0209.jpg\" alt=\"DSC_0209\" width=\"1793\" height=\"718\" srcset=\"https:\/\/agora.xtec.cat\/ieslaromanica\/wp-content\/uploads\/usu857\/2017\/07\/DSC_0209.jpg 1793w, https:\/\/agora.xtec.cat\/ieslaromanica\/wp-content\/uploads\/usu857\/2017\/07\/DSC_0209-300x120.jpg 300w, https:\/\/agora.xtec.cat\/ieslaromanica\/wp-content\/uploads\/usu857\/2017\/07\/DSC_0209-768x308.jpg 768w, https:\/\/agora.xtec.cat\/ieslaromanica\/wp-content\/uploads\/usu857\/2017\/07\/DSC_0209-1024x410.jpg 1024w\" sizes=\"auto, (max-width: 1793px) 100vw, 1793px\" \/><\/a><\/p>\n<p style=\"text-align: center;\"><a href=\"http:\/\/agora.xtec.cat\/ieslaromanica\/wp-content\/uploads\/usu857\/2017\/07\/DSC_0214.jpg\"><img loading=\"lazy\" decoding=\"async\" class=\"alignnone size-full wp-image-1716\" src=\"http:\/\/agora.xtec.cat\/ieslaromanica\/wp-content\/uploads\/usu857\/2017\/07\/DSC_0214.jpg\" alt=\"DSC_0214\" width=\"2006\" height=\"668\" srcset=\"https:\/\/agora.xtec.cat\/ieslaromanica\/wp-content\/uploads\/usu857\/2017\/07\/DSC_0214.jpg 2006w, https:\/\/agora.xtec.cat\/ieslaromanica\/wp-content\/uploads\/usu857\/2017\/07\/DSC_0214-300x100.jpg 300w, https:\/\/agora.xtec.cat\/ieslaromanica\/wp-content\/uploads\/usu857\/2017\/07\/DSC_0214-768x256.jpg 768w, https:\/\/agora.xtec.cat\/ieslaromanica\/wp-content\/uploads\/usu857\/2017\/07\/DSC_0214-1024x341.jpg 1024w\" sizes=\"auto, (max-width: 2006px) 100vw, 2006px\" \/><\/a><\/p>\n<p style=\"text-align: justify;\">I per acabar, una banda formada per alumnes, va fer un tancament als actes a ritme de rock i d&#8217;una potent i ecl\u00e8ctica veu.<\/p>\n<p style=\"text-align: center;\"><a href=\"http:\/\/agora.xtec.cat\/ieslaromanica\/wp-content\/uploads\/usu857\/2017\/07\/DSC_0222.jpg\"><img loading=\"lazy\" decoding=\"async\" class=\"alignnone size-full wp-image-1717\" src=\"http:\/\/agora.xtec.cat\/ieslaromanica\/wp-content\/uploads\/usu857\/2017\/07\/DSC_0222.jpg\" alt=\"DSC_0222\" width=\"1723\" height=\"836\" srcset=\"https:\/\/agora.xtec.cat\/ieslaromanica\/wp-content\/uploads\/usu857\/2017\/07\/DSC_0222.jpg 1723w, https:\/\/agora.xtec.cat\/ieslaromanica\/wp-content\/uploads\/usu857\/2017\/07\/DSC_0222-300x146.jpg 300w, https:\/\/agora.xtec.cat\/ieslaromanica\/wp-content\/uploads\/usu857\/2017\/07\/DSC_0222-768x373.jpg 768w, https:\/\/agora.xtec.cat\/ieslaromanica\/wp-content\/uploads\/usu857\/2017\/07\/DSC_0222-1024x497.jpg 1024w\" sizes=\"auto, (max-width: 1723px) 100vw, 1723px\" \/><\/a><\/p>\n<p style=\"text-align: justify;\">Molts dels alumnes de 4t d\u2019ESO seguiran entre nosaltres uns anys m\u00e9s fent Batxillerat o Cicles Formatius, per\u00f2 alguns alumnes de 4t estan, en aquests moments, a punt d\u2019aixecar el vol.<\/p>\n<p style=\"text-align: justify;\">Esperem, de tot cor, que guardeu per sempre m\u00e9s un bon record dels anys que heu format part de la gran fam\u00edlia de l\u2019Institut La Rom\u00e0nica, de les experi\u00e8ncies, aprenentatges i coneixences que us emporteu a la vostra motxilla personal.<\/p>\n<p style=\"text-align: justify;\">Sort!<\/p>\n","protected":false},"excerpt":{"rendered":"<p><a href=\"http:\/\/agora.xtec.cat\/ieslaromanica\/wp-content\/uploads\/usu857\/2017\/07\/DSC_0151.jpg\"><\/a><br \/>\nEl dia 28 de juny van tenir lloc els actes oficials de comiat a l\u2019alumnat de 4t d\u2019ESO, promoci\u00f3 2013-2017, al Teatre Municipal Cooperativa, acompanyats de professorat i familiars. El teatre, com podeu veure, era ple de gom a gom.<br \/>\nI, per comen\u00e7ar, la Combo&hellip;  <a href=\"https:\/\/agora.xtec.cat\/ieslaromanica\/general\/graduacions-2017-de-4t-deso-promocio-2013-2017\/\" title=\"Read GRADUACIONS 2017 de 4t d&#8217;ESO (promoci\u00f3 2013-2017)\">Llegeix m\u00e9s\u00bb<\/a><\/p>\n","protected":false},"author":3,"featured_media":1708,"comment_status":"open","ping_status":"closed","sticky":false,"template":"","format":"standard","meta":{"_bbp_topic_count":0,"_bbp_reply_count":0,"_bbp_total_topic_count":0,"_bbp_total_reply_count":0,"_bbp_voice_count":0,"_bbp_anonymous_reply_count":0,"_bbp_topic_count_hidden":0,"_bbp_reply_count_hidden":0,"_bbp_forum_subforum_count":0,"footnotes":""},"categories":[3,7,1,29],"tags":[376,166],"class_list":["post-1746","post","type-post","status-publish","format-standard","has-post-thumbnail","hentry","category-eso","category-eso-4","category-general","category-portada","tag-graduacions","tag-graduacions-4t-eso"],"post_mailing_queue_ids":[],"_links":{"self":[{"href":"https:\/\/agora.xtec.cat\/ieslaromanica\/wp-json\/wp\/v2\/posts\/1746","targetHints":{"allow":["GET"]}}],"collection":[{"href":"https:\/\/agora.xtec.cat\/ieslaromanica\/wp-json\/wp\/v2\/posts"}],"about":[{"href":"https:\/\/agora.xtec.cat\/ieslaromanica\/wp-json\/wp\/v2\/types\/post"}],"author":[{"embeddable":true,"href":"https:\/\/agora.xtec.cat\/ieslaromanica\/wp-json\/wp\/v2\/users\/3"}],"replies":[{"embeddable":true,"href":"https:\/\/agora.xtec.cat\/ieslaromanica\/wp-json\/wp\/v2\/comments?post=1746"}],"version-history":[{"count":3,"href":"https:\/\/agora.xtec.cat\/ieslaromanica\/wp-json\/wp\/v2\/posts\/1746\/revisions"}],"predecessor-version":[{"id":1757,"href":"https:\/\/agora.xtec.cat\/ieslaromanica\/wp-json\/wp\/v2\/posts\/1746\/revisions\/1757"}],"wp:featuredmedia":[{"embeddable":true,"href":"https:\/\/agora.xtec.cat\/ieslaromanica\/wp-json\/wp\/v2\/media\/1708"}],"wp:attachment":[{"href":"https:\/\/agora.xtec.cat\/ieslaromanica\/wp-json\/wp\/v2\/media?parent=1746"}],"wp:term":[{"taxonomy":"category","embeddable":true,"href":"https:\/\/agora.xtec.cat\/ieslaromanica\/wp-json\/wp\/v2\/categories?post=1746"},{"taxonomy":"post_tag","embeddable":true,"href":"https:\/\/agora.xtec.cat\/ieslaromanica\/wp-json\/wp\/v2\/tags?post=1746"}],"curies":[{"name":"wp","href":"https:\/\/api.w.org\/{rel}","templated":true}]}}