{"id":17176,"date":"2020-05-06T21:36:54","date_gmt":"2020-05-06T19:36:54","guid":{"rendered":"http:\/\/agora.xtec.cat\/ieslaromanica\/?p=17176"},"modified":"2022-03-28T20:29:39","modified_gmt":"2022-03-28T18:29:39","slug":"bellesa-matematica","status":"publish","type":"post","link":"https:\/\/agora.xtec.cat\/ieslaromanica\/general\/bellesa-matematica\/","title":{"rendered":"Bellesa matem\u00e0tica"},"content":{"rendered":"<p>Qui dubta de la bellesa que envolten les matem\u00e0tiques? Aqu\u00ed teniu un v\u00eddeo que ha muntat el departament de matem\u00e0tiques perqu\u00e8 gaudiu de la bellesa de les fotos que s&#8217;han presentat al concurs de fotografia d&#8217;enguany (2019-2020). No sols gaudireu de la bellesa sin\u00f3 tamb\u00e9 de la creativitat del nostre alumnat i del professorat en aquest temps de confinament!<\/p>\n<table style=\"width: 519px;\">\n<tbody>\n<tr>\n<td style=\"width: 512.727px;\">Clica la imatge per veure el v\u00eddeo:<\/p>\n<p><a href=\"https:\/\/drive.google.com\/file\/d\/14Gc-sjjHFrzhkxZAomw_nYkxm7zgsgV8\/view?usp=sharing\"><img loading=\"lazy\" decoding=\"async\" class=\"aligncenter size-large wp-image-17179\" src=\"https:\/\/agora.xtec.cat\/ieslaromanica\/wp-content\/uploads\/usu857\/2020\/05\/Tira-foto-matema\u0300tica-1024x330.jpg\" alt=\"\" width=\"1024\" height=\"330\" srcset=\"https:\/\/agora.xtec.cat\/ieslaromanica\/wp-content\/uploads\/usu857\/2020\/05\/Tira-foto-matema\u0300tica-1024x330.jpg 1024w, https:\/\/agora.xtec.cat\/ieslaromanica\/wp-content\/uploads\/usu857\/2020\/05\/Tira-foto-matema\u0300tica-300x97.jpg 300w, https:\/\/agora.xtec.cat\/ieslaromanica\/wp-content\/uploads\/usu857\/2020\/05\/Tira-foto-matema\u0300tica-768x247.jpg 768w\" sizes=\"auto, (max-width: 1024px) 100vw, 1024px\" \/><\/a><\/td>\n<\/tr>\n<\/tbody>\n<\/table>\n","protected":false},"excerpt":{"rendered":"<p>Qui dubta de la bellesa que envolten les matem\u00e0tiques? Aqu\u00ed teniu un v\u00eddeo que ha muntat el departament de matem\u00e0tiques perqu\u00e8 gaudiu de la bellesa de les fotos que s&#8217;han presentat al concurs de fotografia d&#8217;enguany (2019-2020). No sols gaudireu de la bellesa sin\u00f3 tamb\u00e9&hellip;  <a href=\"https:\/\/agora.xtec.cat\/ieslaromanica\/general\/bellesa-matematica\/\" title=\"Read Bellesa matem\u00e0tica\">Llegeix m\u00e9s\u00bb<\/a><\/p>\n","protected":false},"author":6,"featured_media":17180,"comment_status":"open","ping_status":"closed","sticky":false,"template":"","format":"standard","meta":{"_bbp_topic_count":0,"_bbp_reply_count":0,"_bbp_total_topic_count":0,"_bbp_total_reply_count":0,"_bbp_voice_count":0,"_bbp_anonymous_reply_count":0,"_bbp_topic_count_hidden":0,"_bbp_reply_count_hidden":0,"_bbp_forum_subforum_count":0,"footnotes":""},"categories":[1,29],"tags":[340,338,299,205],"class_list":["post-17176","post","type-post","status-publish","format-standard","has-post-thumbnail","hentry","category-general","category-portada","tag-concurs-fotografia-matematica","tag-confinament","tag-curs-2019-2020","tag-departament-de-matematiques"],"post_mailing_queue_ids":[],"_links":{"self":[{"href":"https:\/\/agora.xtec.cat\/ieslaromanica\/wp-json\/wp\/v2\/posts\/17176","targetHints":{"allow":["GET"]}}],"collection":[{"href":"https:\/\/agora.xtec.cat\/ieslaromanica\/wp-json\/wp\/v2\/posts"}],"about":[{"href":"https:\/\/agora.xtec.cat\/ieslaromanica\/wp-json\/wp\/v2\/types\/post"}],"author":[{"embeddable":true,"href":"https:\/\/agora.xtec.cat\/ieslaromanica\/wp-json\/wp\/v2\/users\/6"}],"replies":[{"embeddable":true,"href":"https:\/\/agora.xtec.cat\/ieslaromanica\/wp-json\/wp\/v2\/comments?post=17176"}],"version-history":[{"count":3,"href":"https:\/\/agora.xtec.cat\/ieslaromanica\/wp-json\/wp\/v2\/posts\/17176\/revisions"}],"predecessor-version":[{"id":17341,"href":"https:\/\/agora.xtec.cat\/ieslaromanica\/wp-json\/wp\/v2\/posts\/17176\/revisions\/17341"}],"wp:featuredmedia":[{"embeddable":true,"href":"https:\/\/agora.xtec.cat\/ieslaromanica\/wp-json\/wp\/v2\/media\/17180"}],"wp:attachment":[{"href":"https:\/\/agora.xtec.cat\/ieslaromanica\/wp-json\/wp\/v2\/media?parent=17176"}],"wp:term":[{"taxonomy":"category","embeddable":true,"href":"https:\/\/agora.xtec.cat\/ieslaromanica\/wp-json\/wp\/v2\/categories?post=17176"},{"taxonomy":"post_tag","embeddable":true,"href":"https:\/\/agora.xtec.cat\/ieslaromanica\/wp-json\/wp\/v2\/tags?post=17176"}],"curies":[{"name":"wp","href":"https:\/\/api.w.org\/{rel}","templated":true}]}}