{"id":17021,"date":"2020-03-23T20:44:34","date_gmt":"2020-03-23T19:44:34","guid":{"rendered":"http:\/\/agora.xtec.cat\/ieslaromanica\/?p=17021"},"modified":"2020-05-12T17:00:35","modified_gmt":"2020-05-12T15:00:35","slug":"video-accio-40","status":"publish","type":"post","link":"https:\/\/agora.xtec.cat\/ieslaromanica\/general\/video-accio-40\/","title":{"rendered":"V\u00eddeo Acci\u00f3 40"},"content":{"rendered":"<table style=\"width: 511px; height: 294px;\">\n<tbody>\n<tr>\n<td style=\"width: 505.455px;\"><a href=\"https:\/\/drive.google.com\/file\/d\/1MvRC4KhBMVMZgRHt9Bf3zzRUp-d6OAdQ\/view?usp=sharing\"><img loading=\"lazy\" decoding=\"async\" class=\"aligncenter size-full wp-image-17020\" src=\"https:\/\/agora.xtec.cat\/ieslaromanica\/wp-content\/uploads\/usu857\/2020\/03\/foto-video.png\" alt=\"\" width=\"589\" height=\"328\" srcset=\"https:\/\/agora.xtec.cat\/ieslaromanica\/wp-content\/uploads\/usu857\/2020\/03\/foto-video.png 589w, https:\/\/agora.xtec.cat\/ieslaromanica\/wp-content\/uploads\/usu857\/2020\/03\/foto-video-300x167.png 300w\" sizes=\"auto, (max-width: 589px) 100vw, 589px\" \/><\/a><\/td>\n<\/tr>\n<\/tbody>\n<\/table>\n<p>Ja podem gaudir del v\u00eddeo (cliqueu la imatge) que recull l&#8217;acci\u00f3 participativa que v\u00e0rem realitzar per celebrar el 40\u00e8 aniversari. Moments d&#8217;implicaci\u00f3, col\u00b7laboraci\u00f3 i apropament molt valorats en aquests dies de confinament.<\/p>\n<p>Desitgem que us agradi!<\/p>\n","protected":false},"excerpt":{"rendered":"<p><a href=\"https:\/\/drive.google.com\/file\/d\/1MvRC4KhBMVMZgRHt9Bf3zzRUp-d6OAdQ\/view?usp=sharing\"><\/a><\/p>\n<p>Ja podem gaudir del v\u00eddeo (cliqueu la imatge) que recull l&#8217;acci\u00f3 participativa que v\u00e0rem realitzar per celebrar el 40\u00e8 aniversari. Moments d&#8217;implicaci\u00f3, col\u00b7laboraci\u00f3 i apropament molt valorats en aquests dies de confinament.<br \/>\nDesitgem que us agradi!<\/p>\n","protected":false},"author":6,"featured_media":17020,"comment_status":"open","ping_status":"closed","sticky":false,"template":"","format":"standard","meta":{"_bbp_topic_count":0,"_bbp_reply_count":0,"_bbp_total_topic_count":0,"_bbp_total_reply_count":0,"_bbp_voice_count":0,"_bbp_anonymous_reply_count":0,"_bbp_topic_count_hidden":0,"_bbp_reply_count_hidden":0,"_bbp_forum_subforum_count":0,"footnotes":""},"categories":[1,29],"tags":[303,307,338],"class_list":["post-17021","post","type-post","status-publish","format-standard","has-post-thumbnail","hentry","category-general","category-portada","tag-40-aniversari","tag-comissio-festes","tag-confinament"],"post_mailing_queue_ids":[],"_links":{"self":[{"href":"https:\/\/agora.xtec.cat\/ieslaromanica\/wp-json\/wp\/v2\/posts\/17021","targetHints":{"allow":["GET"]}}],"collection":[{"href":"https:\/\/agora.xtec.cat\/ieslaromanica\/wp-json\/wp\/v2\/posts"}],"about":[{"href":"https:\/\/agora.xtec.cat\/ieslaromanica\/wp-json\/wp\/v2\/types\/post"}],"author":[{"embeddable":true,"href":"https:\/\/agora.xtec.cat\/ieslaromanica\/wp-json\/wp\/v2\/users\/6"}],"replies":[{"embeddable":true,"href":"https:\/\/agora.xtec.cat\/ieslaromanica\/wp-json\/wp\/v2\/comments?post=17021"}],"version-history":[{"count":3,"href":"https:\/\/agora.xtec.cat\/ieslaromanica\/wp-json\/wp\/v2\/posts\/17021\/revisions"}],"predecessor-version":[{"id":17026,"href":"https:\/\/agora.xtec.cat\/ieslaromanica\/wp-json\/wp\/v2\/posts\/17021\/revisions\/17026"}],"wp:featuredmedia":[{"embeddable":true,"href":"https:\/\/agora.xtec.cat\/ieslaromanica\/wp-json\/wp\/v2\/media\/17020"}],"wp:attachment":[{"href":"https:\/\/agora.xtec.cat\/ieslaromanica\/wp-json\/wp\/v2\/media?parent=17021"}],"wp:term":[{"taxonomy":"category","embeddable":true,"href":"https:\/\/agora.xtec.cat\/ieslaromanica\/wp-json\/wp\/v2\/categories?post=17021"},{"taxonomy":"post_tag","embeddable":true,"href":"https:\/\/agora.xtec.cat\/ieslaromanica\/wp-json\/wp\/v2\/tags?post=17021"}],"curies":[{"name":"wp","href":"https:\/\/api.w.org\/{rel}","templated":true}]}}