{"id":16883,"date":"2020-03-19T17:22:59","date_gmt":"2020-03-19T16:22:59","guid":{"rendered":"http:\/\/agora.xtec.cat\/ieslaromanica\/?p=16883"},"modified":"2020-03-19T19:07:58","modified_gmt":"2020-03-19T18:07:58","slug":"un-boci-dhistoria-a-les-teves-mans","status":"publish","type":"post","link":"https:\/\/agora.xtec.cat\/ieslaromanica\/general\/un-boci-dhistoria-a-les-teves-mans\/","title":{"rendered":"Un boc\u00ed d&#8217;hist\u00f2ria a les teves mans"},"content":{"rendered":"<p style=\"text-align: center;\"><a href=\"https:\/\/agora.xtec.cat\/ieslaromanica\/wp-content\/uploads\/usu857\/2020\/03\/20200305_133457-treball-2C.jpg\"><img loading=\"lazy\" decoding=\"async\" class=\"alignnone wp-image-16938\" src=\"https:\/\/agora.xtec.cat\/ieslaromanica\/wp-content\/uploads\/usu857\/2020\/03\/20200305_133457-treball-2C.jpg\" alt=\"\" width=\"752\" height=\"451\" srcset=\"https:\/\/agora.xtec.cat\/ieslaromanica\/wp-content\/uploads\/usu857\/2020\/03\/20200305_133457-treball-2C.jpg 2560w, https:\/\/agora.xtec.cat\/ieslaromanica\/wp-content\/uploads\/usu857\/2020\/03\/20200305_133457-treball-2C-300x180.jpg 300w, https:\/\/agora.xtec.cat\/ieslaromanica\/wp-content\/uploads\/usu857\/2020\/03\/20200305_133457-treball-2C-768x461.jpg 768w, https:\/\/agora.xtec.cat\/ieslaromanica\/wp-content\/uploads\/usu857\/2020\/03\/20200305_133457-treball-2C-1024x614.jpg 1024w\" sizes=\"auto, (max-width: 752px) 100vw, 752px\" \/><\/a><\/p>\n<p style=\"text-align: justify;\">Ja ho diuen, \u00e9s molt important anar directament a les fonts. I al peu de la lletra s&#8217;ho ha agafat el Departament de Ci\u00e8ncies Socials enguany.<\/p>\n<p style=\"text-align: justify;\">Des de la mat\u00e8ria d&#8217;Hist\u00f2ria de 2n de Batxillerat s&#8217;ha engegat una iniciativa al respecte, en estreta col\u00b7laboraci\u00f3 amb l&#8217;Associaci\u00f3 d&#8217;Hist\u00f2ria de Barber\u00e0 del Vall\u00e8s, donat que la professora d&#8217;Hist\u00f2ria en forma part. L&#8217;alumnat ha pogut gaudir de l&#8217;oportunitat de poder veure, analitzar i incl\u00fas tenir a les seves mans fonts hist\u00f2riques prim\u00e0ries, \u00e9s a dir, documents originals de la hist\u00f2ria d&#8217;Espanya dels segles XIX i XX.<\/p>\n<p style=\"text-align: justify;\">Durant el primer trimestre l&#8217;Associaci\u00f3 d&#8217;Hist\u00f2ria de Barber\u00e0 ens va cedir alguns documents de finals del segle XIX i comen\u00e7aments del segle XX, corresponents al per\u00edode hist\u00f2ric de la Restauraci\u00f3 Borb\u00f2nica: caricatures, cartells, l\u00e0mines i setmanaris sat\u00edrics (<em>L&#8217;esquella de la Torratxa, La Campana de Gr\u00e0cia, Cu-cut!, Papitu&#8230;<\/em>) amb l&#8217;objectiu de mostrar-los a l&#8217;alumnat i aix\u00ed il\u00b7lustrar aquesta unitat did\u00e0ctica. L&#8217;alumnat va poder con\u00e8ixer, de primera m\u00e0, qu\u00e8 supos\u00e0 el bipartidisme, el torn din\u00e0stic i el caciquisme, la p\u00e8rdua de la Guerra de Cuba o la Setmana Tr\u00e0gica.<\/p>\n<p>&nbsp;<\/p>\n\r\n\t<div class=\"slideshow_container slideshow_container_style-light\" style=\"height: 500px; \" data-slideshow-id=\"16924\" data-style-name=\"style-light\" data-style-version=\"2.3.1\" >\r\n\r\n\t\t\t\t\t<div class=\"slideshow_loading_icon\"><\/div>\r\n\t\t\r\n\t\t<div class=\"slideshow_content\" style=\"display: none;\">\r\n\r\n\t\t\t<div class=\"slideshow_view\">\r\n\t\t\t\t<div class=\"slideshow_slide slideshow_slide_image\">\r\n\t\t\t\t\t\t\t\t\t\t\t<img src=\"https:\/\/agora.xtec.cat\/ieslaromanica\/wp-content\/uploads\/usu857\/2020\/03\/20200305_090043-treball-2B.jpg\" alt=\"20200305_090043 treball 2B\" width=\"2560\" height=\"1536\" \/>\r\n\t\t\t\t\t\t\t\t\t\t<div class=\"slideshow_description_box slideshow_transparent\">\r\n\t\t\t\t\t\t\t\t\t\t\t\t\t\t\t\t\t<\/div>\r\n\t\t\t\t<\/div>\r\n\r\n\t\t\t\t\t\t<div style=\"clear: both;\"><\/div><\/div><div class=\"slideshow_view\">\r\n\t\t\t\t<div class=\"slideshow_slide slideshow_slide_image\">\r\n\t\t\t\t\t\t\t\t\t\t\t<img src=\"https:\/\/agora.xtec.cat\/ieslaromanica\/wp-content\/uploads\/usu857\/2020\/03\/20200305_085827-treball-2B.jpg\" alt=\"20200305_085827 treball 2B\" width=\"2560\" height=\"1536\" \/>\r\n\t\t\t\t\t\t\t\t\t\t<div class=\"slideshow_description_box slideshow_transparent\">\r\n\t\t\t\t\t\t\t\t\t\t\t\t\t\t\t\t\t<\/div>\r\n\t\t\t\t<\/div>\r\n\r\n\t\t\t\t\t\t<div style=\"clear: both;\"><\/div><\/div><div class=\"slideshow_view\">\r\n\t\t\t\t<div class=\"slideshow_slide slideshow_slide_image\">\r\n\t\t\t\t\t\t\t\t\t\t\t<img src=\"https:\/\/agora.xtec.cat\/ieslaromanica\/wp-content\/uploads\/usu857\/2020\/03\/20200305_090100-treball-2B.jpg\" alt=\"20200305_090100 treball 2B\" width=\"2560\" height=\"1536\" \/>\r\n\t\t\t\t\t\t\t\t\t\t<div class=\"slideshow_description_box slideshow_transparent\">\r\n\t\t\t\t\t\t\t\t\t\t\t\t\t\t\t\t\t<\/div>\r\n\t\t\t\t<\/div>\r\n\r\n\t\t\t\t\t\t<div style=\"clear: both;\"><\/div><\/div><div class=\"slideshow_view\">\r\n\t\t\t\t<div class=\"slideshow_slide slideshow_slide_image\">\r\n\t\t\t\t\t\t\t\t\t\t\t<img src=\"https:\/\/agora.xtec.cat\/ieslaromanica\/wp-content\/uploads\/usu857\/2020\/03\/20200305_090613-treball-2B.jpg\" alt=\"20200305_090613 treball 2B\" width=\"2560\" height=\"1536\" \/>\r\n\t\t\t\t\t\t\t\t\t\t<div class=\"slideshow_description_box slideshow_transparent\">\r\n\t\t\t\t\t\t\t\t\t\t\t\t\t\t\t\t\t<\/div>\r\n\t\t\t\t<\/div>\r\n\r\n\t\t\t\t\t\t<div style=\"clear: both;\"><\/div><\/div><div class=\"slideshow_view\">\r\n\t\t\t\t<div class=\"slideshow_slide slideshow_slide_image\">\r\n\t\t\t\t\t\t\t\t\t\t\t<img src=\"https:\/\/agora.xtec.cat\/ieslaromanica\/wp-content\/uploads\/usu857\/2020\/03\/20200305_133449-treball-2C.jpg\" alt=\"20200305_133449 treball 2C\" width=\"2560\" height=\"1536\" \/>\r\n\t\t\t\t\t\t\t\t\t\t<div class=\"slideshow_description_box slideshow_transparent\">\r\n\t\t\t\t\t\t\t\t\t\t\t\t\t\t\t\t\t<\/div>\r\n\t\t\t\t<\/div>\r\n\r\n\t\t\t\t\t\t<div style=\"clear: both;\"><\/div><\/div><div class=\"slideshow_view\">\r\n\t\t\t\t<div class=\"slideshow_slide slideshow_slide_image\">\r\n\t\t\t\t\t\t\t\t\t\t\t<img src=\"https:\/\/agora.xtec.cat\/ieslaromanica\/wp-content\/uploads\/usu857\/2020\/03\/20200305_133457-treball-2C.jpg\" alt=\"20200305_133457 treball 2C\" width=\"2560\" height=\"1536\" \/>\r\n\t\t\t\t\t\t\t\t\t\t<div class=\"slideshow_description_box slideshow_transparent\">\r\n\t\t\t\t\t\t\t\t\t\t\t\t\t\t\t\t\t<\/div>\r\n\t\t\t\t<\/div>\r\n\r\n\t\t\t\t\t\t<div style=\"clear: both;\"><\/div><\/div><div class=\"slideshow_view\">\r\n\t\t\t\t<div class=\"slideshow_slide slideshow_slide_image\">\r\n\t\t\t\t\t\t\t\t\t\t\t<img src=\"https:\/\/agora.xtec.cat\/ieslaromanica\/wp-content\/uploads\/usu857\/2020\/03\/20200305_143227-treball-2A.jpg\" alt=\"20200305_143227 treball 2A\" width=\"2560\" height=\"1536\" \/>\r\n\t\t\t\t\t\t\t\t\t\t<div class=\"slideshow_description_box slideshow_transparent\">\r\n\t\t\t\t\t\t\t\t\t\t\t\t\t\t\t\t\t<\/div>\r\n\t\t\t\t<\/div>\r\n\r\n\t\t\t\t\t\t<div style=\"clear: both;\"><\/div><\/div><div class=\"slideshow_view\">\r\n\t\t\t\t<div class=\"slideshow_slide slideshow_slide_image\">\r\n\t\t\t\t\t\t\t\t\t\t\t<img src=\"https:\/\/agora.xtec.cat\/ieslaromanica\/wp-content\/uploads\/usu857\/2020\/03\/20200305_143244-treball-2A.jpg\" alt=\"20200305_143244 treball 2A\" width=\"2560\" height=\"1536\" \/>\r\n\t\t\t\t\t\t\t\t\t\t<div class=\"slideshow_description_box slideshow_transparent\">\r\n\t\t\t\t\t\t\t\t\t\t\t\t\t\t\t\t\t<\/div>\r\n\t\t\t\t<\/div>\r\n\r\n\t\t\t\t\t\t<div style=\"clear: both;\"><\/div><\/div>\r\n\t\t<\/div>\r\n\r\n\t\t<div class=\"slideshow_controlPanel slideshow_transparent\" style=\"display: none;\"><ul><li class=\"slideshow_togglePlay\" data-play-text=\"Visualitza\" data-pause-text=\"Pausa\"><\/li><\/ul><\/div>\r\n\r\n\t\t<div class=\"slideshow_button slideshow_previous slideshow_transparent\" role=\"button\" data-previous-text=\"Anterior\" style=\"display: none;\"><\/div>\r\n\t\t<div class=\"slideshow_button slideshow_next slideshow_transparent\" role=\"button\" data-next-text=\"Seg\u00fcent\" style=\"display: none;\"><\/div>\r\n\r\n\t\t<div class=\"slideshow_pagination\" style=\"display: none;\" data-go-to-text=\"V\u00e9s a la diapositiva\"><div class=\"slideshow_pagination_center\"><\/div><\/div>\r\n\r\n\t\t<!-- WordPress Slideshow Version 2.3.1 -->\r\n\r\n\t\t\t<\/div>\r\n\r\n\n<p>&nbsp;<\/p>\n<p style=\"text-align: justify;\">Abans de les vacances de Nadal, va tenir lloc a la Biblioteca de l&#8217;institut una exposici\u00f3 de material hist\u00f2ric original corresponent a la Guerra del Marroc, que comprenia un ventall hist\u00f2ric des del 1909 fins el 1928.<\/p>\n<p style=\"text-align: justify;\">L&#8217;exposici\u00f3 contenia un mapa original del Rif, un diccionari amb vocabulari b\u00e0sic castell\u00e0-\u00e0rab i transcripci\u00f3 fon\u00e8tica per als soldats, postals que recordaven la p\u00e8rdua de la Batalla del Barranco del Lobo i la Setmana Tr\u00e0gica, una can\u00e7\u00f3 de l&#8217;\u00e8poca dedicada als soldats d&#8217;\u00c0frica signada pels compositors, postals que els soldats enviaven a les fam\u00edlies durant la Guerra del Rif, cromos, jocs de taula, una auca de la Guerra d&#8217;\u00c0frica, documentaci\u00f3 de les campanyes solid\u00e0ries i Loteria Nacional per recaptar diners per soc\u00f3rrer els soldats que havien quedat inv\u00e0lids despr\u00e9s del Desastre d&#8217;Annual, aix\u00ed com medalles al valor i commemoratives del Tractat de Pau de 1927.<\/p>\n<p style=\"text-align: justify;\">I, la darrera setmana de classe abans del confinament pel Coronavirus, vam poder anar un pas m\u00e9s enll\u00e0. L&#8217;alumnat d&#8217;Hist\u00f2ria de 2n de Batxillerat va poder veure, analitzar i tocar documents corresponents a la Dictadura de Primo de Rivera i la Segona Rep\u00fablica, amb l&#8217;objectiu de dur a terme una activitat molt especial: fer un comentari d&#8217;una font hist\u00f2rica com la que farien per preparar les proves PAU, per\u00f2, en aquest cas, amb documentaci\u00f3 hist\u00f2rica original.<\/p>\n<p>&nbsp;<\/p>\n\r\n\t<div class=\"slideshow_container slideshow_container_style-light\" style=\"height: 500px; \" data-slideshow-id=\"16923\" data-style-name=\"style-light\" data-style-version=\"2.3.1\" >\r\n\r\n\t\t\t\t\t<div class=\"slideshow_loading_icon\"><\/div>\r\n\t\t\r\n\t\t<div class=\"slideshow_content\" style=\"display: none;\">\r\n\r\n\t\t\t<div class=\"slideshow_view\">\r\n\t\t\t\t<div class=\"slideshow_slide slideshow_slide_image\">\r\n\t\t\t\t\t\t\t\t\t\t\t<img src=\"https:\/\/agora.xtec.cat\/ieslaromanica\/wp-content\/uploads\/usu857\/2020\/03\/20191212_123246-grup-biblioteca.jpg\" alt=\"20191212_123246 grup biblioteca\" width=\"2560\" height=\"1536\" \/>\r\n\t\t\t\t\t\t\t\t\t\t<div class=\"slideshow_description_box slideshow_transparent\">\r\n\t\t\t\t\t\t\t\t\t\t\t\t\t\t\t\t\t<\/div>\r\n\t\t\t\t<\/div>\r\n\r\n\t\t\t\t\t\t<div style=\"clear: both;\"><\/div><\/div><div class=\"slideshow_view\">\r\n\t\t\t\t<div class=\"slideshow_slide slideshow_slide_image\">\r\n\t\t\t\t\t\t\t\t\t\t\t<img src=\"https:\/\/agora.xtec.cat\/ieslaromanica\/wp-content\/uploads\/usu857\/2020\/03\/20200305_133537-grup-2C.jpg\" alt=\"20200305_133537 grup 2C\" width=\"2560\" height=\"1536\" \/>\r\n\t\t\t\t\t\t\t\t\t\t<div class=\"slideshow_description_box slideshow_transparent\">\r\n\t\t\t\t\t\t\t\t\t\t\t\t\t\t\t\t\t<\/div>\r\n\t\t\t\t<\/div>\r\n\r\n\t\t\t\t\t\t<div style=\"clear: both;\"><\/div><\/div><div class=\"slideshow_view\">\r\n\t\t\t\t<div class=\"slideshow_slide slideshow_slide_image\">\r\n\t\t\t\t\t\t\t\t\t\t\t<img src=\"https:\/\/agora.xtec.cat\/ieslaromanica\/wp-content\/uploads\/usu857\/2020\/03\/20200305_143257-grup-2A.jpg\" alt=\"20200305_143257 grup 2A\" width=\"2560\" height=\"1536\" \/>\r\n\t\t\t\t\t\t\t\t\t\t<div class=\"slideshow_description_box slideshow_transparent\">\r\n\t\t\t\t\t\t\t\t\t\t\t\t\t\t\t\t\t<\/div>\r\n\t\t\t\t<\/div>\r\n\r\n\t\t\t\t\t\t<div style=\"clear: both;\"><\/div><\/div><div class=\"slideshow_view\">\r\n\t\t\t\t<div class=\"slideshow_slide slideshow_slide_image\">\r\n\t\t\t\t\t\t\t\t\t\t\t<img src=\"https:\/\/agora.xtec.cat\/ieslaromanica\/wp-content\/uploads\/usu857\/2020\/03\/20191212_123220-biblioteca-detalls.jpg\" alt=\"20191212_123220 biblioteca detalls\" width=\"2002\" height=\"657\" \/>\r\n\t\t\t\t\t\t\t\t\t\t<div class=\"slideshow_description_box slideshow_transparent\">\r\n\t\t\t\t\t\t\t\t\t\t\t\t\t\t\t\t\t<\/div>\r\n\t\t\t\t<\/div>\r\n\r\n\t\t\t\t\t\t<div style=\"clear: both;\"><\/div><\/div><div class=\"slideshow_view\">\r\n\t\t\t\t<div class=\"slideshow_slide slideshow_slide_image\">\r\n\t\t\t\t\t\t\t\t\t\t\t<img src=\"https:\/\/agora.xtec.cat\/ieslaromanica\/wp-content\/uploads\/usu857\/2020\/03\/20191212_234541-detall-medalla.jpg\" alt=\"20191212_234541 detall medalla\" width=\"2560\" height=\"1536\" \/>\r\n\t\t\t\t\t\t\t\t\t\t<div class=\"slideshow_description_box slideshow_transparent\">\r\n\t\t\t\t\t\t\t\t\t\t\t\t\t\t\t\t\t<\/div>\r\n\t\t\t\t<\/div>\r\n\r\n\t\t\t\t\t\t<div style=\"clear: both;\"><\/div><\/div><div class=\"slideshow_view\">\r\n\t\t\t\t<div class=\"slideshow_slide slideshow_slide_image\">\r\n\t\t\t\t\t\t\t\t\t\t\t<img src=\"https:\/\/agora.xtec.cat\/ieslaromanica\/wp-content\/uploads\/usu857\/2020\/03\/20200305_090355-detall-escut.jpg\" alt=\"20200305_090355 detall escut\" width=\"2560\" height=\"1536\" \/>\r\n\t\t\t\t\t\t\t\t\t\t<div class=\"slideshow_description_box slideshow_transparent\">\r\n\t\t\t\t\t\t\t\t\t\t\t\t\t\t\t\t\t<\/div>\r\n\t\t\t\t<\/div>\r\n\r\n\t\t\t\t\t\t<div style=\"clear: both;\"><\/div><\/div><div class=\"slideshow_view\">\r\n\t\t\t\t<div class=\"slideshow_slide slideshow_slide_image\">\r\n\t\t\t\t\t\t\t\t\t\t\t<img src=\"https:\/\/agora.xtec.cat\/ieslaromanica\/wp-content\/uploads\/usu857\/2020\/03\/20200305_143146-detall-2A.jpg\" alt=\"20200305_143146 detall 2A\" width=\"1945\" height=\"1277\" \/>\r\n\t\t\t\t\t\t\t\t\t\t<div class=\"slideshow_description_box slideshow_transparent\">\r\n\t\t\t\t\t\t\t\t\t\t\t\t\t\t\t\t\t<\/div>\r\n\t\t\t\t<\/div>\r\n\r\n\t\t\t\t\t\t<div style=\"clear: both;\"><\/div><\/div><div class=\"slideshow_view\">\r\n\t\t\t\t<div class=\"slideshow_slide slideshow_slide_image\">\r\n\t\t\t\t\t\t\t\t\t\t\t<img src=\"https:\/\/agora.xtec.cat\/ieslaromanica\/wp-content\/uploads\/usu857\/2020\/03\/20200305_085916-detalls-2B.jpg\" alt=\"20200305_085916 detalls 2B\" width=\"2245\" height=\"1299\" \/>\r\n\t\t\t\t\t\t\t\t\t\t<div class=\"slideshow_description_box slideshow_transparent\">\r\n\t\t\t\t\t\t\t\t\t\t\t\t\t\t\t\t\t<\/div>\r\n\t\t\t\t<\/div>\r\n\r\n\t\t\t\t\t\t<div style=\"clear: both;\"><\/div><\/div><div class=\"slideshow_view\">\r\n\t\t\t\t<div class=\"slideshow_slide slideshow_slide_image\">\r\n\t\t\t\t\t\t\t\t\t\t\t<img src=\"https:\/\/agora.xtec.cat\/ieslaromanica\/wp-content\/uploads\/usu857\/2020\/03\/20200305_085750-detalls-2B.jpg\" alt=\"20200305_085750 detalls 2B\" width=\"1829\" height=\"1169\" \/>\r\n\t\t\t\t\t\t\t\t\t\t<div class=\"slideshow_description_box slideshow_transparent\">\r\n\t\t\t\t\t\t\t\t\t\t\t\t\t\t\t\t\t<\/div>\r\n\t\t\t\t<\/div>\r\n\r\n\t\t\t\t\t\t<div style=\"clear: both;\"><\/div><\/div>\r\n\t\t<\/div>\r\n\r\n\t\t<div class=\"slideshow_controlPanel slideshow_transparent\" style=\"display: none;\"><ul><li class=\"slideshow_togglePlay\" data-play-text=\"Visualitza\" data-pause-text=\"Pausa\"><\/li><\/ul><\/div>\r\n\r\n\t\t<div class=\"slideshow_button slideshow_previous slideshow_transparent\" role=\"button\" data-previous-text=\"Anterior\" style=\"display: none;\"><\/div>\r\n\t\t<div class=\"slideshow_button slideshow_next slideshow_transparent\" role=\"button\" data-next-text=\"Seg\u00fcent\" style=\"display: none;\"><\/div>\r\n\r\n\t\t<div class=\"slideshow_pagination\" style=\"display: none;\" data-go-to-text=\"V\u00e9s a la diapositiva\"><div class=\"slideshow_pagination_center\"><\/div><\/div>\r\n\r\n\t\t<!-- WordPress Slideshow Version 2.3.1 -->\r\n\r\n\t\t\t<\/div>\r\n\r\n\n<p>&nbsp;<\/p>\n<p style=\"text-align: justify;\">En aquesta ocasi\u00f3, van poder tenir un boc\u00ed d&#8217;hist\u00f2ria a les seves mans: llibres escolars de la Segona Rep\u00fablica, la <em>Constituci\u00f3n de la Rep\u00fablica Espa\u00f1ola<\/em> de 1931, un llibre de Manuel Aza\u00f1a, diaris i portades de premsa de l&#8217;\u00e8poca, propaganda electoral, la placa met\u00e0l\u00b7lica d&#8217;una escola de la Segona Rep\u00fablica, documentaci\u00f3 personal com un carnet de premsa o un passaport, entre d&#8217;altres.<\/p>\n<p style=\"text-align: justify;\">En aquests dos carrusels que els hem mostrat, es poden veure algunes imatges de l&#8217;alumnat d&#8217;Hist\u00f2ria de 2n de Batxillerat treballant a classe amb els documents originals, observant l&#8217;exposici\u00f3 de la biblioteca i tamb\u00e9 detalls d&#8217;alguns dels documents hist\u00f2rics cedits.<\/p>\n<p style=\"text-align: justify;\">Esperem que despr\u00e9s d&#8217;aquest per\u00edode de confinament disposem de temps per fer un pas m\u00e9s en aquesta iniciativa, en col\u00b7laboraci\u00f3 amb l&#8217;Associaci\u00f3 d&#8217;Hist\u00f2ria de Barber\u00e0, a qui li volem agrair la seva implicaci\u00f3 i generositat.<\/p>\n","protected":false},"excerpt":{"rendered":"<p><a href=\"https:\/\/agora.xtec.cat\/ieslaromanica\/wp-content\/uploads\/usu857\/2020\/03\/20200305_133457-treball-2C.jpg\"><\/a><br \/>\nJa ho diuen, \u00e9s molt important anar directament a les fonts. I al peu de la lletra s&#8217;ho ha agafat el Departament de Ci\u00e8ncies Socials enguany.<br \/>\nDes de la mat\u00e8ria d&#8217;Hist\u00f2ria de 2n de Batxillerat s&#8217;ha engegat una iniciativa al respecte, en estreta col\u00b7laboraci\u00f3 amb&hellip;  <a href=\"https:\/\/agora.xtec.cat\/ieslaromanica\/general\/un-boci-dhistoria-a-les-teves-mans\/\" title=\"Read Un boc\u00ed d&#8217;hist\u00f2ria a les teves mans\">Llegeix m\u00e9s\u00bb<\/a><\/p>\n","protected":false},"author":3,"featured_media":16938,"comment_status":"open","ping_status":"closed","sticky":false,"template":"","format":"standard","meta":{"_bbp_topic_count":0,"_bbp_reply_count":0,"_bbp_total_topic_count":0,"_bbp_total_reply_count":0,"_bbp_voice_count":0,"_bbp_anonymous_reply_count":0,"_bbp_topic_count_hidden":0,"_bbp_reply_count_hidden":0,"_bbp_forum_subforum_count":0,"footnotes":""},"categories":[73,1,29],"tags":[331,329,128,335],"class_list":["post-16883","post","type-post","status-publish","format-standard","has-post-thumbnail","hentry","category-2-batx","category-general","category-portada","tag-ccss","tag-curs-2019-20","tag-departament-de-ciencies-socials","tag-hist"],"post_mailing_queue_ids":[],"_links":{"self":[{"href":"https:\/\/agora.xtec.cat\/ieslaromanica\/wp-json\/wp\/v2\/posts\/16883","targetHints":{"allow":["GET"]}}],"collection":[{"href":"https:\/\/agora.xtec.cat\/ieslaromanica\/wp-json\/wp\/v2\/posts"}],"about":[{"href":"https:\/\/agora.xtec.cat\/ieslaromanica\/wp-json\/wp\/v2\/types\/post"}],"author":[{"embeddable":true,"href":"https:\/\/agora.xtec.cat\/ieslaromanica\/wp-json\/wp\/v2\/users\/3"}],"replies":[{"embeddable":true,"href":"https:\/\/agora.xtec.cat\/ieslaromanica\/wp-json\/wp\/v2\/comments?post=16883"}],"version-history":[{"count":3,"href":"https:\/\/agora.xtec.cat\/ieslaromanica\/wp-json\/wp\/v2\/posts\/16883\/revisions"}],"predecessor-version":[{"id":16962,"href":"https:\/\/agora.xtec.cat\/ieslaromanica\/wp-json\/wp\/v2\/posts\/16883\/revisions\/16962"}],"wp:featuredmedia":[{"embeddable":true,"href":"https:\/\/agora.xtec.cat\/ieslaromanica\/wp-json\/wp\/v2\/media\/16938"}],"wp:attachment":[{"href":"https:\/\/agora.xtec.cat\/ieslaromanica\/wp-json\/wp\/v2\/media?parent=16883"}],"wp:term":[{"taxonomy":"category","embeddable":true,"href":"https:\/\/agora.xtec.cat\/ieslaromanica\/wp-json\/wp\/v2\/categories?post=16883"},{"taxonomy":"post_tag","embeddable":true,"href":"https:\/\/agora.xtec.cat\/ieslaromanica\/wp-json\/wp\/v2\/tags?post=16883"}],"curies":[{"name":"wp","href":"https:\/\/api.w.org\/{rel}","templated":true}]}}