{"id":16858,"date":"2020-03-12T11:26:02","date_gmt":"2020-03-12T10:26:02","guid":{"rendered":"http:\/\/agora.xtec.cat\/ieslaromanica\/?p=16858"},"modified":"2020-03-12T15:42:42","modified_gmt":"2020-03-12T14:42:42","slug":"entre-els-millors","status":"publish","type":"post","link":"https:\/\/agora.xtec.cat\/ieslaromanica\/general\/entre-els-millors\/","title":{"rendered":"Entre els millors"},"content":{"rendered":"<p style=\"text-align: justify;\">Tal i com us inform\u00e0vem en un article anterior, el 8 de febrer de 2020 va tenir lloc a la Facultat de Biologia de la Universitat de Barcelona l<span id=\"result_box\" lang=\"es\">\u2019<strong>Olimp\u00edada de Biologia de Catalunya<\/strong>, on un alumne del nostre institut, el <strong>Sergi Ortiz Ropero <\/strong>de 2n A de Batxillerat, va quedar seleccionat dintre dels 20 millors de Catalunya.<\/span><\/p>\n<p style=\"text-align: justify;\">Tamb\u00e9 us hem de dir que el Sergi Ortiz Ropero tamb\u00e9 va participar a les Olimp\u00edades de Qu\u00edmica de Catalunya celebrades fa una setmana, on va quedar for\u00e7a ben situat.<\/p>\n<p style=\"text-align: justify;\">Aqu\u00ed us mostrem algunes fotografies del dia en qu\u00e8 l&#8217;alumnat seleccionat entre els 20 millors a l&#8217;<span id=\"result_box\" lang=\"es\"><strong>Olimp\u00edada de Biologia de Catalunya <\/strong><\/span>va rebre el reconeixement amb un acte on els entregaren una medalla commemorativa i un certificat.<\/p>\n<table style=\"height: 247px;\" width=\"552\">\n<tbody>\n<tr>\n<td style=\"width: 251.817px;\"><a href=\"https:\/\/agora.xtec.cat\/ieslaromanica\/wp-content\/uploads\/usu857\/2020\/03\/IMG_20200228_2108502.jpg\"><img loading=\"lazy\" decoding=\"async\" class=\"alignnone size-full wp-image-16860\" src=\"https:\/\/agora.xtec.cat\/ieslaromanica\/wp-content\/uploads\/usu857\/2020\/03\/IMG_20200228_2108502.jpg\" alt=\"\" width=\"3435\" height=\"2384\" srcset=\"https:\/\/agora.xtec.cat\/ieslaromanica\/wp-content\/uploads\/usu857\/2020\/03\/IMG_20200228_2108502.jpg 3435w, https:\/\/agora.xtec.cat\/ieslaromanica\/wp-content\/uploads\/usu857\/2020\/03\/IMG_20200228_2108502-300x208.jpg 300w, https:\/\/agora.xtec.cat\/ieslaromanica\/wp-content\/uploads\/usu857\/2020\/03\/IMG_20200228_2108502-768x533.jpg 768w, https:\/\/agora.xtec.cat\/ieslaromanica\/wp-content\/uploads\/usu857\/2020\/03\/IMG_20200228_2108502-1024x711.jpg 1024w\" sizes=\"auto, (max-width: 3435px) 100vw, 3435px\" \/><\/a><\/td>\n<td style=\"width: 291.95px;\"><a href=\"https:\/\/agora.xtec.cat\/ieslaromanica\/wp-content\/uploads\/usu857\/2020\/03\/OBQ0168.jpg\"><img loading=\"lazy\" decoding=\"async\" class=\"alignnone wp-image-16863\" src=\"https:\/\/agora.xtec.cat\/ieslaromanica\/wp-content\/uploads\/usu857\/2020\/03\/OBQ0168.jpg\" alt=\"\" width=\"264\" height=\"154\" srcset=\"https:\/\/agora.xtec.cat\/ieslaromanica\/wp-content\/uploads\/usu857\/2020\/03\/OBQ0168.jpg 1841w, https:\/\/agora.xtec.cat\/ieslaromanica\/wp-content\/uploads\/usu857\/2020\/03\/OBQ0168-300x175.jpg 300w, https:\/\/agora.xtec.cat\/ieslaromanica\/wp-content\/uploads\/usu857\/2020\/03\/OBQ0168-768x449.jpg 768w, https:\/\/agora.xtec.cat\/ieslaromanica\/wp-content\/uploads\/usu857\/2020\/03\/OBQ0168-1024x598.jpg 1024w\" sizes=\"auto, (max-width: 264px) 100vw, 264px\" \/><\/a><\/td>\n<\/tr>\n<tr>\n<td style=\"width: 251.817px;\"><a href=\"https:\/\/agora.xtec.cat\/ieslaromanica\/wp-content\/uploads\/usu857\/2020\/03\/OBQ0153.jpg\"><img loading=\"lazy\" decoding=\"async\" class=\"alignnone size-full wp-image-16862\" src=\"https:\/\/agora.xtec.cat\/ieslaromanica\/wp-content\/uploads\/usu857\/2020\/03\/OBQ0153.jpg\" alt=\"\" width=\"1233\" height=\"1402\" srcset=\"https:\/\/agora.xtec.cat\/ieslaromanica\/wp-content\/uploads\/usu857\/2020\/03\/OBQ0153.jpg 1233w, https:\/\/agora.xtec.cat\/ieslaromanica\/wp-content\/uploads\/usu857\/2020\/03\/OBQ0153-264x300.jpg 264w, https:\/\/agora.xtec.cat\/ieslaromanica\/wp-content\/uploads\/usu857\/2020\/03\/OBQ0153-768x873.jpg 768w, https:\/\/agora.xtec.cat\/ieslaromanica\/wp-content\/uploads\/usu857\/2020\/03\/OBQ0153-901x1024.jpg 901w\" sizes=\"auto, (max-width: 1233px) 100vw, 1233px\" \/><\/a><\/td>\n<td style=\"width: 291.95px;\"><a href=\"https:\/\/agora.xtec.cat\/ieslaromanica\/wp-content\/uploads\/usu857\/2020\/03\/IMG_20200229_111456.jpg\"><img loading=\"lazy\" decoding=\"async\" class=\"alignnone size-full wp-image-16861\" src=\"https:\/\/agora.xtec.cat\/ieslaromanica\/wp-content\/uploads\/usu857\/2020\/03\/IMG_20200229_111456.jpg\" alt=\"\" width=\"1255\" height=\"1385\" srcset=\"https:\/\/agora.xtec.cat\/ieslaromanica\/wp-content\/uploads\/usu857\/2020\/03\/IMG_20200229_111456.jpg 1255w, https:\/\/agora.xtec.cat\/ieslaromanica\/wp-content\/uploads\/usu857\/2020\/03\/IMG_20200229_111456-272x300.jpg 272w, https:\/\/agora.xtec.cat\/ieslaromanica\/wp-content\/uploads\/usu857\/2020\/03\/IMG_20200229_111456-768x848.jpg 768w, https:\/\/agora.xtec.cat\/ieslaromanica\/wp-content\/uploads\/usu857\/2020\/03\/IMG_20200229_111456-928x1024.jpg 928w\" sizes=\"auto, (max-width: 1255px) 100vw, 1255px\" \/><\/a><\/td>\n<\/tr>\n<\/tbody>\n<\/table>\n<h5>L&#8217;enhorabona Sergi!<\/h5>\n","protected":false},"excerpt":{"rendered":"<p>Tal i com us inform\u00e0vem en un article anterior, el 8 de febrer de 2020 va tenir lloc a la Facultat de Biologia de la Universitat de Barcelona l\u2019Olimp\u00edada de Biologia de Catalunya, on un alumne del nostre institut, el Sergi Ortiz Ropero de 2n&hellip;  <a href=\"https:\/\/agora.xtec.cat\/ieslaromanica\/general\/entre-els-millors\/\" title=\"Read Entre els millors\">Llegeix m\u00e9s\u00bb<\/a><\/p>\n","protected":false},"author":3,"featured_media":16860,"comment_status":"open","ping_status":"closed","sticky":false,"template":"","format":"standard","meta":{"_bbp_topic_count":0,"_bbp_reply_count":0,"_bbp_total_topic_count":0,"_bbp_total_reply_count":0,"_bbp_voice_count":0,"_bbp_anonymous_reply_count":0,"_bbp_topic_count_hidden":0,"_bbp_reply_count_hidden":0,"_bbp_forum_subforum_count":0,"footnotes":""},"categories":[73,1,29],"tags":[329,334],"class_list":["post-16858","post","type-post","status-publish","format-standard","has-post-thumbnail","hentry","category-2-batx","category-general","category-portada","tag-curs-2019-20","tag-premis-i-concursos"],"post_mailing_queue_ids":[],"_links":{"self":[{"href":"https:\/\/agora.xtec.cat\/ieslaromanica\/wp-json\/wp\/v2\/posts\/16858","targetHints":{"allow":["GET"]}}],"collection":[{"href":"https:\/\/agora.xtec.cat\/ieslaromanica\/wp-json\/wp\/v2\/posts"}],"about":[{"href":"https:\/\/agora.xtec.cat\/ieslaromanica\/wp-json\/wp\/v2\/types\/post"}],"author":[{"embeddable":true,"href":"https:\/\/agora.xtec.cat\/ieslaromanica\/wp-json\/wp\/v2\/users\/3"}],"replies":[{"embeddable":true,"href":"https:\/\/agora.xtec.cat\/ieslaromanica\/wp-json\/wp\/v2\/comments?post=16858"}],"version-history":[{"count":3,"href":"https:\/\/agora.xtec.cat\/ieslaromanica\/wp-json\/wp\/v2\/posts\/16858\/revisions"}],"predecessor-version":[{"id":16879,"href":"https:\/\/agora.xtec.cat\/ieslaromanica\/wp-json\/wp\/v2\/posts\/16858\/revisions\/16879"}],"wp:featuredmedia":[{"embeddable":true,"href":"https:\/\/agora.xtec.cat\/ieslaromanica\/wp-json\/wp\/v2\/media\/16860"}],"wp:attachment":[{"href":"https:\/\/agora.xtec.cat\/ieslaromanica\/wp-json\/wp\/v2\/media?parent=16858"}],"wp:term":[{"taxonomy":"category","embeddable":true,"href":"https:\/\/agora.xtec.cat\/ieslaromanica\/wp-json\/wp\/v2\/categories?post=16858"},{"taxonomy":"post_tag","embeddable":true,"href":"https:\/\/agora.xtec.cat\/ieslaromanica\/wp-json\/wp\/v2\/tags?post=16858"}],"curies":[{"name":"wp","href":"https:\/\/api.w.org\/{rel}","templated":true}]}}