{"id":16852,"date":"2020-03-11T13:34:08","date_gmt":"2020-03-11T12:34:08","guid":{"rendered":"http:\/\/agora.xtec.cat\/ieslaromanica\/?p=16852"},"modified":"2020-03-12T10:58:00","modified_gmt":"2020-03-12T09:58:00","slug":"aules-ben-netes","status":"publish","type":"post","link":"https:\/\/agora.xtec.cat\/ieslaromanica\/general\/aules-ben-netes\/","title":{"rendered":"Aules ben netes"},"content":{"rendered":"<p style=\"text-align: center;\"><a href=\"https:\/\/agora.xtec.cat\/ieslaromanica\/wp-content\/uploads\/usu857\/2019\/01\/neteja.jpg\"><img loading=\"lazy\" decoding=\"async\" class=\"alignnone size-full wp-image-14146\" src=\"https:\/\/agora.xtec.cat\/ieslaromanica\/wp-content\/uploads\/usu857\/2019\/01\/neteja.jpg\" alt=\"\" width=\"346\" height=\"346\" srcset=\"https:\/\/agora.xtec.cat\/ieslaromanica\/wp-content\/uploads\/usu857\/2019\/01\/neteja.jpg 346w, https:\/\/agora.xtec.cat\/ieslaromanica\/wp-content\/uploads\/usu857\/2019\/01\/neteja-150x150.jpg 150w, https:\/\/agora.xtec.cat\/ieslaromanica\/wp-content\/uploads\/usu857\/2019\/01\/neteja-300x300.jpg 300w\" sizes=\"auto, (max-width: 346px) 100vw, 346px\" \/><\/a><\/p>\n<p style=\"text-align: justify;\">Com ja sabeu, des de fa alguns cursos, el nostre centre segueix la iniciativa de premiar les classes m\u00e9s netes. Les companyes del servei de neteja del centre avaluen les aules i el millor resultat de 1r cicle (1r i 2n d&#8217;ESO) i el millor resultat de 2n cicle (3r i 4t ESO) gaudeixen d&#8217;un esmorzar que posa el centre.<\/p>\n<p style=\"text-align: justify;\">Els grups guanyadors del segon trimestre han estat<strong> 2B i 3C<\/strong>. L&#8217;esmorzar es preveu que tingui lloc el <strong>dijous 26 i divendres 27 de mar\u00e7.<\/strong><\/p>\n<p style=\"text-align: justify;\">El grup que ha obtingut la nota m\u00e9s baixa es quedar\u00e0 sense neteja d&#8217;aula per part del servei de neteja fins que es pugui comprovar que l&#8217;aula obt\u00e9 una nota mitjana de 3 punts diaris durant 15 dies, \u00e9s a dir, que les dones de la neteja puntuaran l&#8217;aula tal i com l&#8217;hagin deixat els alumnes.<\/p>\n<p>Mantindre les aules i els espais comuns del nostre institut nets \u00e9s cosa de totes les persones que compartims els espais. Aix\u00ed, doncs, que les aules estiguin netes i endre\u00e7ades \u00e9s responsabilitat de l&#8217;alumnat.<\/p>\n","protected":false},"excerpt":{"rendered":"<p><a href=\"https:\/\/agora.xtec.cat\/ieslaromanica\/wp-content\/uploads\/usu857\/2019\/01\/neteja.jpg\"><\/a><br \/>\nCom ja sabeu, des de fa alguns cursos, el nostre centre segueix la iniciativa de premiar les classes m\u00e9s netes. Les companyes del servei de neteja del centre avaluen les aules i el millor resultat de 1r cicle (1r i 2n d&#8217;ESO) i el&hellip;  <a href=\"https:\/\/agora.xtec.cat\/ieslaromanica\/general\/aules-ben-netes\/\" title=\"Read Aules ben netes\">Llegeix m\u00e9s\u00bb<\/a><\/p>\n","protected":false},"author":3,"featured_media":14146,"comment_status":"open","ping_status":"closed","sticky":false,"template":"","format":"standard","meta":{"_bbp_topic_count":0,"_bbp_reply_count":0,"_bbp_total_topic_count":0,"_bbp_total_reply_count":0,"_bbp_voice_count":0,"_bbp_anonymous_reply_count":0,"_bbp_topic_count_hidden":0,"_bbp_reply_count_hidden":0,"_bbp_forum_subforum_count":0,"footnotes":""},"categories":[1,29],"tags":[329],"class_list":["post-16852","post","type-post","status-publish","format-standard","has-post-thumbnail","hentry","category-general","category-portada","tag-curs-2019-20"],"post_mailing_queue_ids":[],"_links":{"self":[{"href":"https:\/\/agora.xtec.cat\/ieslaromanica\/wp-json\/wp\/v2\/posts\/16852","targetHints":{"allow":["GET"]}}],"collection":[{"href":"https:\/\/agora.xtec.cat\/ieslaromanica\/wp-json\/wp\/v2\/posts"}],"about":[{"href":"https:\/\/agora.xtec.cat\/ieslaromanica\/wp-json\/wp\/v2\/types\/post"}],"author":[{"embeddable":true,"href":"https:\/\/agora.xtec.cat\/ieslaromanica\/wp-json\/wp\/v2\/users\/3"}],"replies":[{"embeddable":true,"href":"https:\/\/agora.xtec.cat\/ieslaromanica\/wp-json\/wp\/v2\/comments?post=16852"}],"version-history":[{"count":3,"href":"https:\/\/agora.xtec.cat\/ieslaromanica\/wp-json\/wp\/v2\/posts\/16852\/revisions"}],"predecessor-version":[{"id":16856,"href":"https:\/\/agora.xtec.cat\/ieslaromanica\/wp-json\/wp\/v2\/posts\/16852\/revisions\/16856"}],"wp:featuredmedia":[{"embeddable":true,"href":"https:\/\/agora.xtec.cat\/ieslaromanica\/wp-json\/wp\/v2\/media\/14146"}],"wp:attachment":[{"href":"https:\/\/agora.xtec.cat\/ieslaromanica\/wp-json\/wp\/v2\/media?parent=16852"}],"wp:term":[{"taxonomy":"category","embeddable":true,"href":"https:\/\/agora.xtec.cat\/ieslaromanica\/wp-json\/wp\/v2\/categories?post=16852"},{"taxonomy":"post_tag","embeddable":true,"href":"https:\/\/agora.xtec.cat\/ieslaromanica\/wp-json\/wp\/v2\/tags?post=16852"}],"curies":[{"name":"wp","href":"https:\/\/api.w.org\/{rel}","templated":true}]}}