{"id":16750,"date":"2020-03-05T10:56:50","date_gmt":"2020-03-05T09:56:50","guid":{"rendered":"http:\/\/agora.xtec.cat\/ieslaromanica\/?p=16750"},"modified":"2020-03-08T01:21:59","modified_gmt":"2020-03-08T00:21:59","slug":"viatge-a-berlin-2020","status":"publish","type":"post","link":"https:\/\/agora.xtec.cat\/ieslaromanica\/general\/viatge-a-berlin-2020\/","title":{"rendered":"Viatge a Berl\u00edn 2020"},"content":{"rendered":"<h5 style=\"text-align: center;\"><a href=\"https:\/\/agora.xtec.cat\/ieslaromanica\/wp-content\/uploads\/usu857\/2020\/03\/20200304_100644.jpg\"><img loading=\"lazy\" decoding=\"async\" class=\"alignnone wp-image-16754\" src=\"https:\/\/agora.xtec.cat\/ieslaromanica\/wp-content\/uploads\/usu857\/2020\/03\/20200304_100644.jpg\" alt=\"\" width=\"538\" height=\"403\" srcset=\"https:\/\/agora.xtec.cat\/ieslaromanica\/wp-content\/uploads\/usu857\/2020\/03\/20200304_100644.jpg 3226w, https:\/\/agora.xtec.cat\/ieslaromanica\/wp-content\/uploads\/usu857\/2020\/03\/20200304_100644-300x225.jpg 300w, https:\/\/agora.xtec.cat\/ieslaromanica\/wp-content\/uploads\/usu857\/2020\/03\/20200304_100644-768x576.jpg 768w, https:\/\/agora.xtec.cat\/ieslaromanica\/wp-content\/uploads\/usu857\/2020\/03\/20200304_100644-1024x768.jpg 1024w, https:\/\/agora.xtec.cat\/ieslaromanica\/wp-content\/uploads\/usu857\/2020\/03\/20200304_100644-200x150.jpg 200w\" sizes=\"auto, (max-width: 538px) 100vw, 538px\" \/><\/a><\/h5>\n<h5 style=\"text-align: center;\">Viatge a Berl\u00edn: Optativa d&#8217;Alemany de 4t d&#8217;ESO<\/h5>\n<p>&nbsp;<\/p>\n<p>Ja tenim el nostre alumnat de l&#8217;Optativa d&#8217;Alemany gaudint de l&#8217;encant de Berl\u00edn.<\/p>\n<p>El programa de viatge \u00e9s molt complet: visita guiada, East Side Gallery, Alexander Platz, Museus, camps de concentraci\u00f3 Sachsenhausen, Reichstag, Potsdam,.. i molt m\u00e9s.<\/p>\n<p>Podeu veure amb m\u00e9s detall les visites i experi\u00e8ncies d&#8217;aquest viatge al nou bloc que hem creat: <a href=\"https:\/\/alemanylaromanica.blogspot.com\"><em>Viatge Optativa Alemany &#8211; Berl\u00edn 2020<\/em><\/a>.<\/p>\n<p>Molts records de part de tot el grup des de \u00a0Brandenburger Tor.<\/p>\n","protected":false},"excerpt":{"rendered":"<p><a href=\"https:\/\/agora.xtec.cat\/ieslaromanica\/wp-content\/uploads\/usu857\/2020\/03\/20200304_100644.jpg\"><\/a><br \/>\nViatge a Berl\u00edn: Optativa d&#8217;Alemany de 4t d&#8217;ESO<br \/>\n&nbsp;<br \/>\nJa tenim el nostre alumnat de l&#8217;Optativa d&#8217;Alemany gaudint de l&#8217;encant de Berl\u00edn.<br \/>\nEl programa de viatge \u00e9s molt complet: visita guiada, East Side Gallery, Alexander Platz, Museus, camps de concentraci\u00f3 Sachsenhausen, Reichstag, Potsdam,.. i molt m\u00e9s.<br \/>\nPodeu veure&hellip;  <a href=\"https:\/\/agora.xtec.cat\/ieslaromanica\/general\/viatge-a-berlin-2020\/\" title=\"Read Viatge a Berl\u00edn 2020\">Llegeix m\u00e9s\u00bb<\/a><\/p>\n","protected":false},"author":3,"featured_media":16754,"comment_status":"open","ping_status":"closed","sticky":false,"template":"","format":"standard","meta":{"_bbp_topic_count":0,"_bbp_reply_count":0,"_bbp_total_topic_count":0,"_bbp_total_reply_count":0,"_bbp_voice_count":0,"_bbp_anonymous_reply_count":0,"_bbp_topic_count_hidden":0,"_bbp_reply_count_hidden":0,"_bbp_forum_subforum_count":0,"footnotes":""},"categories":[7,1,29],"tags":[333,287,329,198],"class_list":["post-16750","post","type-post","status-publish","format-standard","has-post-thumbnail","hentry","category-eso-4","category-general","category-portada","tag-ale","tag-berlin","tag-curs-2019-20","tag-viatge"],"post_mailing_queue_ids":[],"_links":{"self":[{"href":"https:\/\/agora.xtec.cat\/ieslaromanica\/wp-json\/wp\/v2\/posts\/16750","targetHints":{"allow":["GET"]}}],"collection":[{"href":"https:\/\/agora.xtec.cat\/ieslaromanica\/wp-json\/wp\/v2\/posts"}],"about":[{"href":"https:\/\/agora.xtec.cat\/ieslaromanica\/wp-json\/wp\/v2\/types\/post"}],"author":[{"embeddable":true,"href":"https:\/\/agora.xtec.cat\/ieslaromanica\/wp-json\/wp\/v2\/users\/3"}],"replies":[{"embeddable":true,"href":"https:\/\/agora.xtec.cat\/ieslaromanica\/wp-json\/wp\/v2\/comments?post=16750"}],"version-history":[{"count":3,"href":"https:\/\/agora.xtec.cat\/ieslaromanica\/wp-json\/wp\/v2\/posts\/16750\/revisions"}],"predecessor-version":[{"id":16826,"href":"https:\/\/agora.xtec.cat\/ieslaromanica\/wp-json\/wp\/v2\/posts\/16750\/revisions\/16826"}],"wp:featuredmedia":[{"embeddable":true,"href":"https:\/\/agora.xtec.cat\/ieslaromanica\/wp-json\/wp\/v2\/media\/16754"}],"wp:attachment":[{"href":"https:\/\/agora.xtec.cat\/ieslaromanica\/wp-json\/wp\/v2\/media?parent=16750"}],"wp:term":[{"taxonomy":"category","embeddable":true,"href":"https:\/\/agora.xtec.cat\/ieslaromanica\/wp-json\/wp\/v2\/categories?post=16750"},{"taxonomy":"post_tag","embeddable":true,"href":"https:\/\/agora.xtec.cat\/ieslaromanica\/wp-json\/wp\/v2\/tags?post=16750"}],"curies":[{"name":"wp","href":"https:\/\/api.w.org\/{rel}","templated":true}]}}