{"id":1675,"date":"2017-07-11T11:07:47","date_gmt":"2017-07-11T09:07:47","guid":{"rendered":"http:\/\/agora.xtec.cat\/ieslaromanica\/?p=1675"},"modified":"2017-07-11T11:07:47","modified_gmt":"2017-07-11T09:07:47","slug":"cerimonia-dentrega-de-les-beques-kao-2017","status":"publish","type":"post","link":"https:\/\/agora.xtec.cat\/ieslaromanica\/general\/cerimonia-dentrega-de-les-beques-kao-2017\/","title":{"rendered":"Cerim\u00f2nia d&#8217;entrega de les Beques KAO 2017"},"content":{"rendered":"<p style=\"text-align: justify;\">El dimecres 28 de juny va tenir lloc al Teatre Municipal Cooperativa, dins dels actes de graduaci\u00f3 i comiat de l&#8217;alumnat de 2n de Batxillerat, l&#8217;entrega de les beques otorgades per l&#8217;empresa <em>KAO Corporation<\/em>, que es troba al nostre municipi, en col\u00b7laboraci\u00f3 amb l&#8217;Ajuntament de Barber\u00e0 del Vall\u00e8s, la Fundaci\u00f3 Barber\u00e0 Promoci\u00f3 i l&#8217;Institut La Rom\u00e0nica.<\/p>\n<p style=\"text-align: justify;\">Tal i com consta a les bases de la convocat\u00f2ria que ja vam publicar en aquesta p\u00e0gina web, es van concedir un total de tres beques a alumnes de Formaci\u00f3 Professional que estan cursant un Cicle Formatiu de Grau Mitj\u00e0 de la fam\u00edlia professional de qu\u00edmica del nostre institut.<\/p>\n<p style=\"text-align: justify;\">Les beques, que porten el nom de &#8220;BECA HANS PETER RIESTER&#8221;, consisteixen en 450 euros cadascuna i volen ajudar a cobrir les despeses que t\u00e9 l&#8217;alumnat de Grau Mitj\u00e0. L\u2019atorgament d&#8217;aquestes tres beques correspon de la seg\u00fcent manera: dues beques per a l\u2019alumnat de primer curs i una beca per a l\u2019alumnat de segon curs.<\/p>\n<p style=\"text-align: justify;\">A l&#8217;acte hi va assistir l&#8217;Alcaldessa de Barber\u00e0 del Vall\u00e8s, Josep Sadurn\u00ed i Elena Luque com a representants de l&#8217;empresa\u00a0KAO Corporation S.A.U., representants de la Fundaci\u00f3 Barber\u00e0 Promoci\u00f3 i professorat de Formaci\u00f3 Professional del nostre centre, aix\u00ed com familiars de Hans Peter Riester.<\/p>\n<p style=\"text-align: center;\"><a href=\"http:\/\/agora.xtec.cat\/ieslaromanica\/wp-content\/uploads\/usu857\/2017\/07\/DSC_0031.jpg\"><img loading=\"lazy\" decoding=\"async\" class=\"alignnone size-full wp-image-1676\" src=\"http:\/\/agora.xtec.cat\/ieslaromanica\/wp-content\/uploads\/usu857\/2017\/07\/DSC_0031.jpg\" alt=\"DSC_0031\" width=\"1201\" height=\"761\" srcset=\"https:\/\/agora.xtec.cat\/ieslaromanica\/wp-content\/uploads\/usu857\/2017\/07\/DSC_0031.jpg 1201w, https:\/\/agora.xtec.cat\/ieslaromanica\/wp-content\/uploads\/usu857\/2017\/07\/DSC_0031-300x190.jpg 300w, https:\/\/agora.xtec.cat\/ieslaromanica\/wp-content\/uploads\/usu857\/2017\/07\/DSC_0031-768x487.jpg 768w, https:\/\/agora.xtec.cat\/ieslaromanica\/wp-content\/uploads\/usu857\/2017\/07\/DSC_0031-1024x649.jpg 1024w\" sizes=\"auto, (max-width: 1201px) 100vw, 1201px\" \/><\/a><\/p>\n<p>La nostra enhorabona a l&#8217;alumnat de l&#8217;Institut La Rom\u00e0nica que ha aconseguit una de les beques.<\/p>\n","protected":false},"excerpt":{"rendered":"<p>El dimecres 28 de juny va tenir lloc al Teatre Municipal Cooperativa, dins dels actes de graduaci\u00f3 i comiat de l&#8217;alumnat de 2n de Batxillerat, l&#8217;entrega de les beques otorgades per l&#8217;empresa KAO Corporation, que es troba al nostre municipi, en col\u00b7laboraci\u00f3 amb l&#8217;Ajuntament de&hellip;  <a href=\"https:\/\/agora.xtec.cat\/ieslaromanica\/general\/cerimonia-dentrega-de-les-beques-kao-2017\/\" title=\"Read Cerim\u00f2nia d&#8217;entrega de les Beques KAO 2017\">Llegeix m\u00e9s\u00bb<\/a><\/p>\n","protected":false},"author":3,"featured_media":1676,"comment_status":"open","ping_status":"closed","sticky":false,"template":"","format":"standard","meta":{"_bbp_topic_count":0,"_bbp_reply_count":0,"_bbp_total_topic_count":0,"_bbp_total_reply_count":0,"_bbp_voice_count":0,"_bbp_anonymous_reply_count":0,"_bbp_topic_count_hidden":0,"_bbp_reply_count_hidden":0,"_bbp_forum_subforum_count":0,"footnotes":""},"categories":[30,1,29],"tags":[],"class_list":["post-1675","post","type-post","status-publish","format-standard","has-post-thumbnail","hentry","category-cicles-formatius","category-general","category-portada"],"post_mailing_queue_ids":[],"_links":{"self":[{"href":"https:\/\/agora.xtec.cat\/ieslaromanica\/wp-json\/wp\/v2\/posts\/1675","targetHints":{"allow":["GET"]}}],"collection":[{"href":"https:\/\/agora.xtec.cat\/ieslaromanica\/wp-json\/wp\/v2\/posts"}],"about":[{"href":"https:\/\/agora.xtec.cat\/ieslaromanica\/wp-json\/wp\/v2\/types\/post"}],"author":[{"embeddable":true,"href":"https:\/\/agora.xtec.cat\/ieslaromanica\/wp-json\/wp\/v2\/users\/3"}],"replies":[{"embeddable":true,"href":"https:\/\/agora.xtec.cat\/ieslaromanica\/wp-json\/wp\/v2\/comments?post=1675"}],"version-history":[{"count":4,"href":"https:\/\/agora.xtec.cat\/ieslaromanica\/wp-json\/wp\/v2\/posts\/1675\/revisions"}],"predecessor-version":[{"id":24322,"href":"https:\/\/agora.xtec.cat\/ieslaromanica\/wp-json\/wp\/v2\/posts\/1675\/revisions\/24322"}],"wp:featuredmedia":[{"embeddable":true,"href":"https:\/\/agora.xtec.cat\/ieslaromanica\/wp-json\/wp\/v2\/media\/1676"}],"wp:attachment":[{"href":"https:\/\/agora.xtec.cat\/ieslaromanica\/wp-json\/wp\/v2\/media?parent=1675"}],"wp:term":[{"taxonomy":"category","embeddable":true,"href":"https:\/\/agora.xtec.cat\/ieslaromanica\/wp-json\/wp\/v2\/categories?post=1675"},{"taxonomy":"post_tag","embeddable":true,"href":"https:\/\/agora.xtec.cat\/ieslaromanica\/wp-json\/wp\/v2\/tags?post=1675"}],"curies":[{"name":"wp","href":"https:\/\/api.w.org\/{rel}","templated":true}]}}