{"id":16712,"date":"2020-03-03T11:15:37","date_gmt":"2020-03-03T10:15:37","guid":{"rendered":"http:\/\/agora.xtec.cat\/ieslaromanica\/?p=16712"},"modified":"2020-03-03T11:15:37","modified_gmt":"2020-03-03T10:15:37","slug":"viure-el-romanic","status":"publish","type":"post","link":"https:\/\/agora.xtec.cat\/ieslaromanica\/general\/viure-el-romanic\/","title":{"rendered":"Viure el Rom\u00e0nic"},"content":{"rendered":"<p style=\"text-align: center;\"><a href=\"https:\/\/agora.xtec.cat\/ieslaromanica\/wp-content\/uploads\/usu857\/2020\/03\/sortida-esglesies-terrassa.jpg\"><img loading=\"lazy\" decoding=\"async\" class=\"alignnone  wp-image-16713\" src=\"https:\/\/agora.xtec.cat\/ieslaromanica\/wp-content\/uploads\/usu857\/2020\/03\/sortida-esglesies-terrassa.jpg\" alt=\"\" width=\"554\" height=\"333\" srcset=\"https:\/\/agora.xtec.cat\/ieslaromanica\/wp-content\/uploads\/usu857\/2020\/03\/sortida-esglesies-terrassa.jpg 1536w, https:\/\/agora.xtec.cat\/ieslaromanica\/wp-content\/uploads\/usu857\/2020\/03\/sortida-esglesies-terrassa-300x180.jpg 300w, https:\/\/agora.xtec.cat\/ieslaromanica\/wp-content\/uploads\/usu857\/2020\/03\/sortida-esglesies-terrassa-768x461.jpg 768w, https:\/\/agora.xtec.cat\/ieslaromanica\/wp-content\/uploads\/usu857\/2020\/03\/sortida-esglesies-terrassa-1024x615.jpg 1024w\" sizes=\"auto, (max-width: 554px) 100vw, 554px\" \/><\/a><\/p>\n<p style=\"text-align: justify;\">Durant el mes de febrer, l&#8217;alumnat de 2n d&#8217;ESO ha dut a terme una sortida a Terrassa per visitar les anomenades <strong>&#8220;Esgl\u00e9sies de Sant Pere&#8221;<\/strong> a la Seu d&#8217;\u00c8gara, aprofitant que estaven estudiant a hist\u00f2ria i a literatura catalana l&#8217;\u00e8poca medieval.<\/p>\n<p style=\"text-align: justify;\">Es tracta d&#8217;un conjunt excepcional a Europa, de caire alhora monumental, pict\u00f2ric, escult\u00f2ric i arqueol\u00f2gic, que abarca un ampli per\u00edode cronol\u00f2gic, hist\u00f2ric i art\u00edstic, que va des del segle IV fins a finals de l&#8217;Edat Mitjana.<\/p>\n","protected":false},"excerpt":{"rendered":"<p><a href=\"https:\/\/agora.xtec.cat\/ieslaromanica\/wp-content\/uploads\/usu857\/2020\/03\/sortida-esglesies-terrassa.jpg\"><\/a><br \/>\nDurant el mes de febrer, l&#8217;alumnat de 2n d&#8217;ESO ha dut a terme una sortida a Terrassa per visitar les anomenades &#8220;Esgl\u00e9sies de Sant Pere&#8221; a la Seu d&#8217;\u00c8gara, aprofitant que estaven estudiant a hist\u00f2ria i a literatura catalana l&#8217;\u00e8poca medieval.<br \/>\nEs tracta d&#8217;un conjunt&hellip;  <a href=\"https:\/\/agora.xtec.cat\/ieslaromanica\/general\/viure-el-romanic\/\" title=\"Read Viure el Rom\u00e0nic\">Llegeix m\u00e9s\u00bb<\/a><\/p>\n","protected":false},"author":3,"featured_media":16713,"comment_status":"open","ping_status":"closed","sticky":false,"template":"","format":"standard","meta":{"_bbp_topic_count":0,"_bbp_reply_count":0,"_bbp_total_topic_count":0,"_bbp_total_reply_count":0,"_bbp_voice_count":0,"_bbp_anonymous_reply_count":0,"_bbp_topic_count_hidden":0,"_bbp_reply_count_hidden":0,"_bbp_forum_subforum_count":0,"footnotes":""},"categories":[5,1,29],"tags":[325,331,329,123],"class_list":["post-16712","post","type-post","status-publish","format-standard","has-post-thumbnail","hentry","category-eso-2","category-general","category-portada","tag-cat","tag-ccss","tag-curs-2019-20","tag-sortida"],"post_mailing_queue_ids":[],"_links":{"self":[{"href":"https:\/\/agora.xtec.cat\/ieslaromanica\/wp-json\/wp\/v2\/posts\/16712","targetHints":{"allow":["GET"]}}],"collection":[{"href":"https:\/\/agora.xtec.cat\/ieslaromanica\/wp-json\/wp\/v2\/posts"}],"about":[{"href":"https:\/\/agora.xtec.cat\/ieslaromanica\/wp-json\/wp\/v2\/types\/post"}],"author":[{"embeddable":true,"href":"https:\/\/agora.xtec.cat\/ieslaromanica\/wp-json\/wp\/v2\/users\/3"}],"replies":[{"embeddable":true,"href":"https:\/\/agora.xtec.cat\/ieslaromanica\/wp-json\/wp\/v2\/comments?post=16712"}],"version-history":[{"count":1,"href":"https:\/\/agora.xtec.cat\/ieslaromanica\/wp-json\/wp\/v2\/posts\/16712\/revisions"}],"predecessor-version":[{"id":16714,"href":"https:\/\/agora.xtec.cat\/ieslaromanica\/wp-json\/wp\/v2\/posts\/16712\/revisions\/16714"}],"wp:featuredmedia":[{"embeddable":true,"href":"https:\/\/agora.xtec.cat\/ieslaromanica\/wp-json\/wp\/v2\/media\/16713"}],"wp:attachment":[{"href":"https:\/\/agora.xtec.cat\/ieslaromanica\/wp-json\/wp\/v2\/media?parent=16712"}],"wp:term":[{"taxonomy":"category","embeddable":true,"href":"https:\/\/agora.xtec.cat\/ieslaromanica\/wp-json\/wp\/v2\/categories?post=16712"},{"taxonomy":"post_tag","embeddable":true,"href":"https:\/\/agora.xtec.cat\/ieslaromanica\/wp-json\/wp\/v2\/tags?post=16712"}],"curies":[{"name":"wp","href":"https:\/\/api.w.org\/{rel}","templated":true}]}}