{"id":16623,"date":"2020-02-12T14:28:10","date_gmt":"2020-02-12T13:28:10","guid":{"rendered":"http:\/\/agora.xtec.cat\/ieslaromanica\/?p=16623"},"modified":"2020-02-20T13:13:05","modified_gmt":"2020-02-20T12:13:05","slug":"i-despres-va-ser-la-forma","status":"publish","type":"post","link":"https:\/\/agora.xtec.cat\/ieslaromanica\/general\/i-despres-va-ser-la-forma\/","title":{"rendered":"I despr\u00e9s&#8230; va ser la forma"},"content":{"rendered":"<table style=\"width: 490px;\">\n<tbody>\n<tr>\n<td style=\"width: 484.545px;\"><a href=\"https:\/\/agora.xtec.cat\/ieslaromanica\/wp-content\/uploads\/usu857\/2020\/02\/Formes-CC1-1-BS.jpg\"><img loading=\"lazy\" decoding=\"async\" class=\"aligncenter size-large wp-image-16619\" src=\"https:\/\/agora.xtec.cat\/ieslaromanica\/wp-content\/uploads\/usu857\/2020\/02\/Formes-CC1-1-BS-1024x724.jpg\" alt=\"\" width=\"1024\" height=\"724\" srcset=\"https:\/\/agora.xtec.cat\/ieslaromanica\/wp-content\/uploads\/usu857\/2020\/02\/Formes-CC1-1-BS-1024x724.jpg 1024w, https:\/\/agora.xtec.cat\/ieslaromanica\/wp-content\/uploads\/usu857\/2020\/02\/Formes-CC1-1-BS-300x212.jpg 300w, https:\/\/agora.xtec.cat\/ieslaromanica\/wp-content\/uploads\/usu857\/2020\/02\/Formes-CC1-1-BS-768x543.jpg 768w\" sizes=\"auto, (max-width: 1024px) 100vw, 1024px\" \/><\/a><\/td>\n<\/tr>\n<\/tbody>\n<\/table>\n<p>A la planta -5 (a la zona de la sala Univers, entre el Bosc Inundat i el Mur Geol\u00f2gic) a Cosmo Caixa, trobem l&#8217;exposici\u00f3 vinculada a les Formes de la Naturalesa tal com les va presentar en Jorge Wagensberg en l\u2019exposici\u00f3 del 2007 anomenada <em>I despr\u00e9s&#8230; va ser la forma<\/em>.<\/p>\n<p>En aquesta exposici\u00f3 no es mostren ni maquetes ni models ni simulacres sin\u00f3 objectes, elements i fen\u00f2mens reals -com ara minerals, f\u00f2ssils, llavors, plantes i eines de diferents \u00e8poques- conjuntament a experiments interactius i expositors amb una combinaci\u00f3 d\u2019informaci\u00f3 escrita en diferents idiomes i imatges. El laboratori de les formes, que tamb\u00e9 exhibia algunes obres d\u2019art, demostra la relaci\u00f3 entre vuit formes b\u00e0siques de la naturalesa i vuit funcions b\u00e0siques per a la vida, aix\u00ed com l\u2019analogia entre formes espont\u00e0nies i necess\u00e0ries, formes vives i naturals i formes intel\u00b7ligents o de selecci\u00f3 cultural.<\/p>\n<table style=\"width: 493px;\">\n<tbody>\n<tr>\n<td style=\"width: 244.545px;\"><a href=\"https:\/\/agora.xtec.cat\/ieslaromanica\/wp-content\/uploads\/usu857\/2020\/02\/Formes-CC5-TOTES-1-BS.jpg\"><img loading=\"lazy\" decoding=\"async\" class=\"aligncenter size-large wp-image-16618\" src=\"https:\/\/agora.xtec.cat\/ieslaromanica\/wp-content\/uploads\/usu857\/2020\/02\/Formes-CC5-TOTES-1-BS-1024x724.jpg\" alt=\"\" width=\"1024\" height=\"724\" srcset=\"https:\/\/agora.xtec.cat\/ieslaromanica\/wp-content\/uploads\/usu857\/2020\/02\/Formes-CC5-TOTES-1-BS-1024x724.jpg 1024w, https:\/\/agora.xtec.cat\/ieslaromanica\/wp-content\/uploads\/usu857\/2020\/02\/Formes-CC5-TOTES-1-BS-300x212.jpg 300w, https:\/\/agora.xtec.cat\/ieslaromanica\/wp-content\/uploads\/usu857\/2020\/02\/Formes-CC5-TOTES-1-BS-768x543.jpg 768w\" sizes=\"auto, (max-width: 1024px) 100vw, 1024px\" \/><\/a><\/td>\n<td style=\"width: 240.909px;\"><a href=\"https:\/\/agora.xtec.cat\/ieslaromanica\/wp-content\/uploads\/usu857\/2020\/02\/Formes-CC5-he\u0301lice1-BS.jpg\"><img loading=\"lazy\" decoding=\"async\" class=\"aligncenter size-large wp-image-16624\" src=\"https:\/\/agora.xtec.cat\/ieslaromanica\/wp-content\/uploads\/usu857\/2020\/02\/Formes-CC5-he\u0301lice1-BS-1024x724.jpg\" alt=\"\" width=\"1024\" height=\"724\" srcset=\"https:\/\/agora.xtec.cat\/ieslaromanica\/wp-content\/uploads\/usu857\/2020\/02\/Formes-CC5-he\u0301lice1-BS-1024x724.jpg 1024w, https:\/\/agora.xtec.cat\/ieslaromanica\/wp-content\/uploads\/usu857\/2020\/02\/Formes-CC5-he\u0301lice1-BS-300x212.jpg 300w, https:\/\/agora.xtec.cat\/ieslaromanica\/wp-content\/uploads\/usu857\/2020\/02\/Formes-CC5-he\u0301lice1-BS-768x543.jpg 768w, https:\/\/agora.xtec.cat\/ieslaromanica\/wp-content\/uploads\/usu857\/2020\/02\/Formes-CC5-he\u0301lice1-BS.jpg 1937w\" sizes=\"auto, (max-width: 1024px) 100vw, 1024px\" \/><\/a><\/td>\n<\/tr>\n<\/tbody>\n<\/table>\n<p>Aquesta exposici\u00f3 s&#8217;ha incorporat al projecte <em>Gaudir les formes<\/em> per plantejar la relaci\u00f3 que hi ha entre la forma i la funci\u00f3\/adaptaci\u00f3 al medi, entre la forma i el sentit inherent a ella i, per tant, enriquir la recerca sobre l&#8217;arquitecte Gaud\u00ed que es duu a terme, arquitecte que sempre es va basar en la naturalesa per crear la seva obra des d&#8217;una perspectiva i metodologia experimental. Les descobertes d&#8217;en\u00a0<span class=\"hiddenSpellError\">Jorge<\/span>\u00a0<span class=\"hiddenSpellError\">Wagensberg<\/span>\u00a0i el seu equip sobre les vuit formes b\u00e0siques s&#8217;utilitzaran, de forma\u00a0transversal, per replantejar la classificaci\u00f3 segons\u00a0la nostra experi\u00e8ncia, coneixement i recerca, i alhora, comparar-les amb les formes naturals i estructurals m\u00e9s utilitzades per Gaud\u00ed<\/p>\n<p>&nbsp;<\/p>\n","protected":false},"excerpt":{"rendered":"<p><a href=\"https:\/\/agora.xtec.cat\/ieslaromanica\/wp-content\/uploads\/usu857\/2020\/02\/Formes-CC1-1-BS.jpg\"><\/a><\/p>\n<p>A la planta -5 (a la zona de la sala Univers, entre el Bosc Inundat i el Mur Geol\u00f2gic) a Cosmo Caixa, trobem l&#8217;exposici\u00f3 vinculada a les Formes de la Naturalesa tal com les va presentar en Jorge Wagensberg en l\u2019exposici\u00f3 del 2007 anomenada&hellip;  <a href=\"https:\/\/agora.xtec.cat\/ieslaromanica\/general\/i-despres-va-ser-la-forma\/\" title=\"Read I despr\u00e9s&#8230; va ser la forma\">Llegeix m\u00e9s\u00bb<\/a><\/p>\n","protected":false},"author":6,"featured_media":16619,"comment_status":"open","ping_status":"closed","sticky":false,"template":"","format":"standard","meta":{"_bbp_topic_count":0,"_bbp_reply_count":0,"_bbp_total_topic_count":0,"_bbp_total_reply_count":0,"_bbp_voice_count":0,"_bbp_anonymous_reply_count":0,"_bbp_topic_count_hidden":0,"_bbp_reply_count_hidden":0,"_bbp_forum_subforum_count":0,"footnotes":""},"categories":[5,1,29],"tags":[319],"class_list":["post-16623","post","type-post","status-publish","format-standard","has-post-thumbnail","hentry","category-eso-2","category-general","category-portada","tag-projecte-gaudir-les-formes"],"post_mailing_queue_ids":[],"_links":{"self":[{"href":"https:\/\/agora.xtec.cat\/ieslaromanica\/wp-json\/wp\/v2\/posts\/16623","targetHints":{"allow":["GET"]}}],"collection":[{"href":"https:\/\/agora.xtec.cat\/ieslaromanica\/wp-json\/wp\/v2\/posts"}],"about":[{"href":"https:\/\/agora.xtec.cat\/ieslaromanica\/wp-json\/wp\/v2\/types\/post"}],"author":[{"embeddable":true,"href":"https:\/\/agora.xtec.cat\/ieslaromanica\/wp-json\/wp\/v2\/users\/6"}],"replies":[{"embeddable":true,"href":"https:\/\/agora.xtec.cat\/ieslaromanica\/wp-json\/wp\/v2\/comments?post=16623"}],"version-history":[{"count":4,"href":"https:\/\/agora.xtec.cat\/ieslaromanica\/wp-json\/wp\/v2\/posts\/16623\/revisions"}],"predecessor-version":[{"id":16678,"href":"https:\/\/agora.xtec.cat\/ieslaromanica\/wp-json\/wp\/v2\/posts\/16623\/revisions\/16678"}],"wp:featuredmedia":[{"embeddable":true,"href":"https:\/\/agora.xtec.cat\/ieslaromanica\/wp-json\/wp\/v2\/media\/16619"}],"wp:attachment":[{"href":"https:\/\/agora.xtec.cat\/ieslaromanica\/wp-json\/wp\/v2\/media?parent=16623"}],"wp:term":[{"taxonomy":"category","embeddable":true,"href":"https:\/\/agora.xtec.cat\/ieslaromanica\/wp-json\/wp\/v2\/categories?post=16623"},{"taxonomy":"post_tag","embeddable":true,"href":"https:\/\/agora.xtec.cat\/ieslaromanica\/wp-json\/wp\/v2\/tags?post=16623"}],"curies":[{"name":"wp","href":"https:\/\/api.w.org\/{rel}","templated":true}]}}