{"id":16594,"date":"2020-02-11T17:25:19","date_gmt":"2020-02-11T16:25:19","guid":{"rendered":"http:\/\/agora.xtec.cat\/ieslaromanica\/?p=16594"},"modified":"2020-02-12T17:56:06","modified_gmt":"2020-02-12T16:56:06","slug":"visitem-el-crag","status":"publish","type":"post","link":"https:\/\/agora.xtec.cat\/ieslaromanica\/general\/visitem-el-crag\/","title":{"rendered":"Visitem el CRAG"},"content":{"rendered":"<p style=\"text-align: center;\"><a href=\"https:\/\/agora.xtec.cat\/ieslaromanica\/wp-content\/uploads\/usu857\/2020\/02\/IMG_20200211_094955.jpg\"><img loading=\"lazy\" decoding=\"async\" class=\" wp-image-16595 aligncenter\" src=\"https:\/\/agora.xtec.cat\/ieslaromanica\/wp-content\/uploads\/usu857\/2020\/02\/IMG_20200211_094955.jpg\" alt=\"\" width=\"402\" height=\"372\" srcset=\"https:\/\/agora.xtec.cat\/ieslaromanica\/wp-content\/uploads\/usu857\/2020\/02\/IMG_20200211_094955.jpg 1146w, https:\/\/agora.xtec.cat\/ieslaromanica\/wp-content\/uploads\/usu857\/2020\/02\/IMG_20200211_094955-300x277.jpg 300w, https:\/\/agora.xtec.cat\/ieslaromanica\/wp-content\/uploads\/usu857\/2020\/02\/IMG_20200211_094955-768x710.jpg 768w, https:\/\/agora.xtec.cat\/ieslaromanica\/wp-content\/uploads\/usu857\/2020\/02\/IMG_20200211_094955-1024x947.jpg 1024w\" sizes=\"auto, (max-width: 402px) 100vw, 402px\" \/><\/a><\/p>\n<p style=\"text-align: justify;\">L&#8217;alumnat de 2n de Batxillerat que cursa la mat\u00e8ria de Biologia ha anat a visitar el CRAG (Centre de Recerca Agrigen\u00f2mica) el dia 11 de febrer de 2020.<\/p>\n<table style=\"height: 261px;\" width=\"501\">\n<tbody>\n<tr style=\"height: 239px;\">\n<td style=\"width: 246.5px; height: 239px;\"><a href=\"https:\/\/agora.xtec.cat\/ieslaromanica\/wp-content\/uploads\/usu857\/2020\/02\/IMG-20200211-WA0016-e1581496441527.jpg\"><img loading=\"lazy\" decoding=\"async\" class=\"alignnone size-full wp-image-16599\" src=\"https:\/\/agora.xtec.cat\/ieslaromanica\/wp-content\/uploads\/usu857\/2020\/02\/IMG-20200211-WA0016-e1581496441527.jpg\" alt=\"\" width=\"1200\" height=\"1316\" srcset=\"https:\/\/agora.xtec.cat\/ieslaromanica\/wp-content\/uploads\/usu857\/2020\/02\/IMG-20200211-WA0016-e1581496441527.jpg 1200w, https:\/\/agora.xtec.cat\/ieslaromanica\/wp-content\/uploads\/usu857\/2020\/02\/IMG-20200211-WA0016-e1581496441527-274x300.jpg 274w, https:\/\/agora.xtec.cat\/ieslaromanica\/wp-content\/uploads\/usu857\/2020\/02\/IMG-20200211-WA0016-e1581496441527-768x842.jpg 768w, https:\/\/agora.xtec.cat\/ieslaromanica\/wp-content\/uploads\/usu857\/2020\/02\/IMG-20200211-WA0016-e1581496441527-934x1024.jpg 934w\" sizes=\"auto, (max-width: 1200px) 100vw, 1200px\" \/><\/a><\/td>\n<td style=\"width: 246.5px; height: 239px;\"><a href=\"https:\/\/agora.xtec.cat\/ieslaromanica\/wp-content\/uploads\/usu857\/2020\/02\/IMG-20200211-WA0013.jpg\"><img loading=\"lazy\" decoding=\"async\" class=\"alignnone size-full wp-image-16596\" src=\"https:\/\/agora.xtec.cat\/ieslaromanica\/wp-content\/uploads\/usu857\/2020\/02\/IMG-20200211-WA0013.jpg\" alt=\"\" width=\"1600\" height=\"1201\" srcset=\"https:\/\/agora.xtec.cat\/ieslaromanica\/wp-content\/uploads\/usu857\/2020\/02\/IMG-20200211-WA0013.jpg 1600w, https:\/\/agora.xtec.cat\/ieslaromanica\/wp-content\/uploads\/usu857\/2020\/02\/IMG-20200211-WA0013-300x225.jpg 300w, https:\/\/agora.xtec.cat\/ieslaromanica\/wp-content\/uploads\/usu857\/2020\/02\/IMG-20200211-WA0013-768x576.jpg 768w, https:\/\/agora.xtec.cat\/ieslaromanica\/wp-content\/uploads\/usu857\/2020\/02\/IMG-20200211-WA0013-1024x769.jpg 1024w, https:\/\/agora.xtec.cat\/ieslaromanica\/wp-content\/uploads\/usu857\/2020\/02\/IMG-20200211-WA0013-200x150.jpg 200w\" sizes=\"auto, (max-width: 1600px) 100vw, 1600px\" \/><\/a><\/td>\n<\/tr>\n<\/tbody>\n<\/table>\n<p>&nbsp;<\/p>\n<p style=\"text-align: justify;\">L&#8217;objectiu de la sortida: visitar un centre de recerca, con\u00e8ixer les principals t\u00e8cniques d&#8217;investigaci\u00f3 en aquesta \u00e0rea i estar en contacte amb personal investigador per poder resoldre dubtes i inquietuds.<\/p>\n<table style=\"height: 211px; width: 499px;\" width=\"452\">\n<tbody>\n<tr>\n<td style=\"width: 245.5px;\"><a href=\"https:\/\/agora.xtec.cat\/ieslaromanica\/wp-content\/uploads\/usu857\/2020\/02\/IMG-20200211-WA0011.jpg\"><img loading=\"lazy\" decoding=\"async\" class=\"alignnone size-full wp-image-16600\" src=\"https:\/\/agora.xtec.cat\/ieslaromanica\/wp-content\/uploads\/usu857\/2020\/02\/IMG-20200211-WA0011.jpg\" alt=\"\" width=\"1600\" height=\"1201\" srcset=\"https:\/\/agora.xtec.cat\/ieslaromanica\/wp-content\/uploads\/usu857\/2020\/02\/IMG-20200211-WA0011.jpg 1600w, https:\/\/agora.xtec.cat\/ieslaromanica\/wp-content\/uploads\/usu857\/2020\/02\/IMG-20200211-WA0011-300x225.jpg 300w, https:\/\/agora.xtec.cat\/ieslaromanica\/wp-content\/uploads\/usu857\/2020\/02\/IMG-20200211-WA0011-768x576.jpg 768w, https:\/\/agora.xtec.cat\/ieslaromanica\/wp-content\/uploads\/usu857\/2020\/02\/IMG-20200211-WA0011-1024x769.jpg 1024w, https:\/\/agora.xtec.cat\/ieslaromanica\/wp-content\/uploads\/usu857\/2020\/02\/IMG-20200211-WA0011-200x150.jpg 200w\" sizes=\"auto, (max-width: 1600px) 100vw, 1600px\" \/><\/a><\/td>\n<td style=\"width: 245.5px;\"><a href=\"https:\/\/agora.xtec.cat\/ieslaromanica\/wp-content\/uploads\/usu857\/2020\/02\/IMG_20200211_102713.jpg\"><img loading=\"lazy\" decoding=\"async\" class=\"alignnone wp-image-16601\" src=\"https:\/\/agora.xtec.cat\/ieslaromanica\/wp-content\/uploads\/usu857\/2020\/02\/IMG_20200211_102713.jpg\" alt=\"\" width=\"220\" height=\"146\" srcset=\"https:\/\/agora.xtec.cat\/ieslaromanica\/wp-content\/uploads\/usu857\/2020\/02\/IMG_20200211_102713.jpg 1976w, https:\/\/agora.xtec.cat\/ieslaromanica\/wp-content\/uploads\/usu857\/2020\/02\/IMG_20200211_102713-300x200.jpg 300w, https:\/\/agora.xtec.cat\/ieslaromanica\/wp-content\/uploads\/usu857\/2020\/02\/IMG_20200211_102713-768x511.jpg 768w, https:\/\/agora.xtec.cat\/ieslaromanica\/wp-content\/uploads\/usu857\/2020\/02\/IMG_20200211_102713-1024x682.jpg 1024w\" sizes=\"auto, (max-width: 220px) 100vw, 220px\" \/><\/a><\/td>\n<\/tr>\n<\/tbody>\n<\/table>\n","protected":false},"excerpt":{"rendered":"<p><a href=\"https:\/\/agora.xtec.cat\/ieslaromanica\/wp-content\/uploads\/usu857\/2020\/02\/IMG_20200211_094955.jpg\"><\/a><br \/>\nL&#8217;alumnat de 2n de Batxillerat que cursa la mat\u00e8ria de Biologia ha anat a visitar el CRAG (Centre de Recerca Agrigen\u00f2mica) el dia 11 de febrer de 2020.<\/p>\n<p><a href=\"https:\/\/agora.xtec.cat\/ieslaromanica\/wp-content\/uploads\/usu857\/2020\/02\/IMG-20200211-WA0016-e1581496441527.jpg\"><\/a><br \/>\n<a href=\"https:\/\/agora.xtec.cat\/ieslaromanica\/wp-content\/uploads\/usu857\/2020\/02\/IMG-20200211-WA0013.jpg\"><\/a><\/p>\n<p>&nbsp;<br \/>\nL&#8217;objectiu de la sortida: visitar un centre de recerca, con\u00e8ixer les principals t\u00e8cniques d&#8217;investigaci\u00f3 en&hellip;  <a href=\"https:\/\/agora.xtec.cat\/ieslaromanica\/general\/visitem-el-crag\/\" title=\"Read Visitem el CRAG\">Llegeix m\u00e9s\u00bb<\/a><\/p>\n","protected":false},"author":3,"featured_media":16595,"comment_status":"open","ping_status":"closed","sticky":false,"template":"","format":"standard","meta":{"_bbp_topic_count":0,"_bbp_reply_count":0,"_bbp_total_topic_count":0,"_bbp_total_reply_count":0,"_bbp_voice_count":0,"_bbp_anonymous_reply_count":0,"_bbp_topic_count_hidden":0,"_bbp_reply_count_hidden":0,"_bbp_forum_subforum_count":0,"footnotes":""},"categories":[73,1,29],"tags":[324,299,123],"class_list":["post-16594","post","type-post","status-publish","format-standard","has-post-thumbnail","hentry","category-2-batx","category-general","category-portada","tag-bg","tag-curs-2019-2020","tag-sortida"],"post_mailing_queue_ids":[],"_links":{"self":[{"href":"https:\/\/agora.xtec.cat\/ieslaromanica\/wp-json\/wp\/v2\/posts\/16594","targetHints":{"allow":["GET"]}}],"collection":[{"href":"https:\/\/agora.xtec.cat\/ieslaromanica\/wp-json\/wp\/v2\/posts"}],"about":[{"href":"https:\/\/agora.xtec.cat\/ieslaromanica\/wp-json\/wp\/v2\/types\/post"}],"author":[{"embeddable":true,"href":"https:\/\/agora.xtec.cat\/ieslaromanica\/wp-json\/wp\/v2\/users\/3"}],"replies":[{"embeddable":true,"href":"https:\/\/agora.xtec.cat\/ieslaromanica\/wp-json\/wp\/v2\/comments?post=16594"}],"version-history":[{"count":4,"href":"https:\/\/agora.xtec.cat\/ieslaromanica\/wp-json\/wp\/v2\/posts\/16594\/revisions"}],"predecessor-version":[{"id":16605,"href":"https:\/\/agora.xtec.cat\/ieslaromanica\/wp-json\/wp\/v2\/posts\/16594\/revisions\/16605"}],"wp:featuredmedia":[{"embeddable":true,"href":"https:\/\/agora.xtec.cat\/ieslaromanica\/wp-json\/wp\/v2\/media\/16595"}],"wp:attachment":[{"href":"https:\/\/agora.xtec.cat\/ieslaromanica\/wp-json\/wp\/v2\/media?parent=16594"}],"wp:term":[{"taxonomy":"category","embeddable":true,"href":"https:\/\/agora.xtec.cat\/ieslaromanica\/wp-json\/wp\/v2\/categories?post=16594"},{"taxonomy":"post_tag","embeddable":true,"href":"https:\/\/agora.xtec.cat\/ieslaromanica\/wp-json\/wp\/v2\/tags?post=16594"}],"curies":[{"name":"wp","href":"https:\/\/api.w.org\/{rel}","templated":true}]}}