{"id":16533,"date":"2020-02-08T19:12:23","date_gmt":"2020-02-08T18:12:23","guid":{"rendered":"http:\/\/agora.xtec.cat\/ieslaromanica\/?p=16533"},"modified":"2020-02-16T14:26:07","modified_gmt":"2020-02-16T13:26:07","slug":"disseny-de-productes","status":"publish","type":"post","link":"https:\/\/agora.xtec.cat\/ieslaromanica\/general\/disseny-de-productes\/","title":{"rendered":"Disseny de productes"},"content":{"rendered":"<p class=\"p1\"><span class=\"s1\">Promogut pels professors de l&#8217;\u00e0mbit art\u00edstic i tecnol\u00f2gic, els alumnes de 3r d&#8217;ESO hem anat al Museu del Disseny a fer una visita guiada a la col.leccci\u00f3 permanent de <a href=\"https:\/\/ajuntament.barcelona.cat\/museudeldisseny\/ca\/colleccio\/disseny-de-producte\"><span class=\"s2\">disseny de productes<\/span><\/a> i a participar en un taller experimental <a href=\"https:\/\/ajuntament.barcelona.cat\/museudeldisseny\/ca\/activitat\/llegir-lobjecte-res-no-es-perque-si\"><span class=\"s2\">&#8211;<i>Llegir l&#8217;objecte. Res no \u00e9s perqu\u00e8 s\u00ed<\/i>&#8211;<\/span><\/a> on hem apr\u00e8s els valors de ser consumidors responsables i els de dissenyar segons les necessitats i problemes reals.<\/span><\/p>\n<table style=\"width: 565px;\">\n<tbody>\n<tr>\n<td style=\"width: 559.091px;\"><a href=\"https:\/\/agora.xtec.cat\/ieslaromanica\/wp-content\/uploads\/usu857\/2020\/02\/TIRA-visita-museu-BS.jpg\"><img loading=\"lazy\" decoding=\"async\" class=\"aligncenter size-large wp-image-16535\" src=\"https:\/\/agora.xtec.cat\/ieslaromanica\/wp-content\/uploads\/usu857\/2020\/02\/TIRA-visita-museu-BS-1024x192.jpg\" alt=\"\" width=\"1024\" height=\"192\" srcset=\"https:\/\/agora.xtec.cat\/ieslaromanica\/wp-content\/uploads\/usu857\/2020\/02\/TIRA-visita-museu-BS-1024x192.jpg 1024w, https:\/\/agora.xtec.cat\/ieslaromanica\/wp-content\/uploads\/usu857\/2020\/02\/TIRA-visita-museu-BS-300x56.jpg 300w, https:\/\/agora.xtec.cat\/ieslaromanica\/wp-content\/uploads\/usu857\/2020\/02\/TIRA-visita-museu-BS-768x144.jpg 768w\" sizes=\"auto, (max-width: 1024px) 100vw, 1024px\" \/><\/a><\/p>\n<p>Visita guiada<\/td>\n<\/tr>\n<tr>\n<td style=\"width: 559.091px;\"><a href=\"https:\/\/agora.xtec.cat\/ieslaromanica\/wp-content\/uploads\/usu857\/2020\/02\/TIRA-3-dibuixant-BS.jpg\"><img loading=\"lazy\" decoding=\"async\" class=\"aligncenter size-large wp-image-16536\" src=\"https:\/\/agora.xtec.cat\/ieslaromanica\/wp-content\/uploads\/usu857\/2020\/02\/TIRA-3-dibuixant-BS-1024x255.jpg\" alt=\"\" width=\"1024\" height=\"255\" srcset=\"https:\/\/agora.xtec.cat\/ieslaromanica\/wp-content\/uploads\/usu857\/2020\/02\/TIRA-3-dibuixant-BS-1024x255.jpg 1024w, https:\/\/agora.xtec.cat\/ieslaromanica\/wp-content\/uploads\/usu857\/2020\/02\/TIRA-3-dibuixant-BS-300x75.jpg 300w, https:\/\/agora.xtec.cat\/ieslaromanica\/wp-content\/uploads\/usu857\/2020\/02\/TIRA-3-dibuixant-BS-768x191.jpg 768w\" sizes=\"auto, (max-width: 1024px) 100vw, 1024px\" \/><\/a><\/p>\n<p>Taller de disseny de productes<\/td>\n<\/tr>\n<\/tbody>\n<\/table>\n<p><a href=\"https:\/\/viplaromanica.blogspot.com\/2020\/02\/disseny-de-productes.html\">Podeu veure m\u00e9s imatges de tot el proc\u00e9s al bloc de Visual i Pl\u00e0stica.<\/a><\/p>\n<p>&nbsp;<\/p>\n","protected":false},"excerpt":{"rendered":"<p>Promogut pels professors de l&#8217;\u00e0mbit art\u00edstic i tecnol\u00f2gic, els alumnes de 3r d&#8217;ESO hem anat al Museu del Disseny a fer una visita guiada a la col.leccci\u00f3 permanent de <a href=\"https:\/\/ajuntament.barcelona.cat\/museudeldisseny\/ca\/colleccio\/disseny-de-producte\">disseny de productes<\/a> i a participar en un taller experimental <a href=\"https:\/\/ajuntament.barcelona.cat\/museudeldisseny\/ca\/activitat\/llegir-lobjecte-res-no-es-perque-si\">&#8211;Llegir l&#8217;objecte. Res no&hellip;  <a href=\"https:\/\/agora.xtec.cat\/ieslaromanica\/general\/disseny-de-productes\/\" title=\"Read Disseny de productes\">Llegeix m\u00e9s\u00bb<\/a><\/p>\n","protected":false},"author":6,"featured_media":16537,"comment_status":"open","ping_status":"closed","sticky":false,"template":"","format":"standard","meta":{"_bbp_topic_count":0,"_bbp_reply_count":0,"_bbp_total_topic_count":0,"_bbp_total_reply_count":0,"_bbp_voice_count":0,"_bbp_anonymous_reply_count":0,"_bbp_topic_count_hidden":0,"_bbp_reply_count_hidden":0,"_bbp_forum_subforum_count":0,"footnotes":""},"categories":[6,1,29],"tags":[322,39,326],"class_list":["post-16533","post","type-post","status-publish","format-standard","has-post-thumbnail","hentry","category-eso-3","category-general","category-portada","tag-ambit-artistic-i-tecnologic","tag-sortides","tag-vip"],"post_mailing_queue_ids":[],"_links":{"self":[{"href":"https:\/\/agora.xtec.cat\/ieslaromanica\/wp-json\/wp\/v2\/posts\/16533","targetHints":{"allow":["GET"]}}],"collection":[{"href":"https:\/\/agora.xtec.cat\/ieslaromanica\/wp-json\/wp\/v2\/posts"}],"about":[{"href":"https:\/\/agora.xtec.cat\/ieslaromanica\/wp-json\/wp\/v2\/types\/post"}],"author":[{"embeddable":true,"href":"https:\/\/agora.xtec.cat\/ieslaromanica\/wp-json\/wp\/v2\/users\/6"}],"replies":[{"embeddable":true,"href":"https:\/\/agora.xtec.cat\/ieslaromanica\/wp-json\/wp\/v2\/comments?post=16533"}],"version-history":[{"count":3,"href":"https:\/\/agora.xtec.cat\/ieslaromanica\/wp-json\/wp\/v2\/posts\/16533\/revisions"}],"predecessor-version":[{"id":16633,"href":"https:\/\/agora.xtec.cat\/ieslaromanica\/wp-json\/wp\/v2\/posts\/16533\/revisions\/16633"}],"wp:featuredmedia":[{"embeddable":true,"href":"https:\/\/agora.xtec.cat\/ieslaromanica\/wp-json\/wp\/v2\/media\/16537"}],"wp:attachment":[{"href":"https:\/\/agora.xtec.cat\/ieslaromanica\/wp-json\/wp\/v2\/media?parent=16533"}],"wp:term":[{"taxonomy":"category","embeddable":true,"href":"https:\/\/agora.xtec.cat\/ieslaromanica\/wp-json\/wp\/v2\/categories?post=16533"},{"taxonomy":"post_tag","embeddable":true,"href":"https:\/\/agora.xtec.cat\/ieslaromanica\/wp-json\/wp\/v2\/tags?post=16533"}],"curies":[{"name":"wp","href":"https:\/\/api.w.org\/{rel}","templated":true}]}}