{"id":16517,"date":"2020-02-08T14:52:44","date_gmt":"2020-02-08T13:52:44","guid":{"rendered":"http:\/\/agora.xtec.cat\/ieslaromanica\/?p=16517"},"modified":"2021-02-23T10:55:23","modified_gmt":"2021-02-23T09:55:23","slug":"petit-misteri-a-resoldre","status":"publish","type":"post","link":"https:\/\/agora.xtec.cat\/ieslaromanica\/general\/petit-misteri-a-resoldre\/","title":{"rendered":"Misteri a resoldre"},"content":{"rendered":"<table style=\"width: 486px; height: 133px;\">\n<tbody>\n<tr style=\"height: 133px;\">\n<td style=\"width: 480px; height: 133px;\"><a href=\"https:\/\/agora.xtec.cat\/ieslaromanica\/wp-content\/uploads\/usu857\/2020\/02\/num-alumnes-BS.jpg\"><img loading=\"lazy\" decoding=\"async\" class=\"aligncenter size-large wp-image-16513\" src=\"https:\/\/agora.xtec.cat\/ieslaromanica\/wp-content\/uploads\/usu857\/2020\/02\/num-alumnes-BS-1024x503.jpg\" alt=\"\" width=\"1024\" height=\"503\" srcset=\"https:\/\/agora.xtec.cat\/ieslaromanica\/wp-content\/uploads\/usu857\/2020\/02\/num-alumnes-BS-1024x503.jpg 1024w, https:\/\/agora.xtec.cat\/ieslaromanica\/wp-content\/uploads\/usu857\/2020\/02\/num-alumnes-BS-300x147.jpg 300w, https:\/\/agora.xtec.cat\/ieslaromanica\/wp-content\/uploads\/usu857\/2020\/02\/num-alumnes-BS-768x377.jpg 768w, https:\/\/agora.xtec.cat\/ieslaromanica\/wp-content\/uploads\/usu857\/2020\/02\/num-alumnes-BS.jpg 2008w\" sizes=\"auto, (max-width: 1024px) 100vw, 1024px\" \/><\/a><\/td>\n<\/tr>\n<\/tbody>\n<\/table>\n<p>La Comissi\u00f3 de Festes ha penjat un mural realitzat per alumnes de 4t d&#8217;ESO on hi consta un n\u00famero relacionat amb el 40\u00e8 Aniversari de l&#8217;Institut. <strong>Sabeu a qu\u00e8 fa refer\u00e8ncia?<\/strong> Podeu contestar enviant un mail a comissiodefestes@inslaromanica.org o deixar la resposta com a comentari d&#8217;aquesta entrada.<\/p>\n","protected":false},"excerpt":{"rendered":"<p><a href=\"https:\/\/agora.xtec.cat\/ieslaromanica\/wp-content\/uploads\/usu857\/2020\/02\/num-alumnes-BS.jpg\"><\/a><\/p>\n<p>La Comissi\u00f3 de Festes ha penjat un mural realitzat per alumnes de 4t d&#8217;ESO on hi consta un n\u00famero relacionat amb el 40\u00e8 Aniversari de l&#8217;Institut. Sabeu a qu\u00e8 fa refer\u00e8ncia? Podeu contestar enviant un mail a comissiodefestes@inslaromanica.org o deixar la resposta com a&hellip;  <a href=\"https:\/\/agora.xtec.cat\/ieslaromanica\/general\/petit-misteri-a-resoldre\/\" title=\"Read Misteri a resoldre\">Llegeix m\u00e9s\u00bb<\/a><\/p>\n","protected":false},"author":6,"featured_media":16513,"comment_status":"open","ping_status":"closed","sticky":false,"template":"","format":"standard","meta":{"_bbp_topic_count":0,"_bbp_reply_count":0,"_bbp_total_topic_count":0,"_bbp_total_reply_count":0,"_bbp_voice_count":0,"_bbp_anonymous_reply_count":0,"_bbp_topic_count_hidden":0,"_bbp_reply_count_hidden":0,"_bbp_forum_subforum_count":0,"footnotes":""},"categories":[1,29],"tags":[301,307,252],"class_list":["post-16517","post","type-post","status-publish","format-standard","has-post-thumbnail","hentry","category-general","category-portada","tag-40e-aniversari","tag-comissio-festes","tag-exposicions"],"post_mailing_queue_ids":[],"_links":{"self":[{"href":"https:\/\/agora.xtec.cat\/ieslaromanica\/wp-json\/wp\/v2\/posts\/16517","targetHints":{"allow":["GET"]}}],"collection":[{"href":"https:\/\/agora.xtec.cat\/ieslaromanica\/wp-json\/wp\/v2\/posts"}],"about":[{"href":"https:\/\/agora.xtec.cat\/ieslaromanica\/wp-json\/wp\/v2\/types\/post"}],"author":[{"embeddable":true,"href":"https:\/\/agora.xtec.cat\/ieslaromanica\/wp-json\/wp\/v2\/users\/6"}],"replies":[{"embeddable":true,"href":"https:\/\/agora.xtec.cat\/ieslaromanica\/wp-json\/wp\/v2\/comments?post=16517"}],"version-history":[{"count":3,"href":"https:\/\/agora.xtec.cat\/ieslaromanica\/wp-json\/wp\/v2\/posts\/16517\/revisions"}],"predecessor-version":[{"id":16635,"href":"https:\/\/agora.xtec.cat\/ieslaromanica\/wp-json\/wp\/v2\/posts\/16517\/revisions\/16635"}],"wp:featuredmedia":[{"embeddable":true,"href":"https:\/\/agora.xtec.cat\/ieslaromanica\/wp-json\/wp\/v2\/media\/16513"}],"wp:attachment":[{"href":"https:\/\/agora.xtec.cat\/ieslaromanica\/wp-json\/wp\/v2\/media?parent=16517"}],"wp:term":[{"taxonomy":"category","embeddable":true,"href":"https:\/\/agora.xtec.cat\/ieslaromanica\/wp-json\/wp\/v2\/categories?post=16517"},{"taxonomy":"post_tag","embeddable":true,"href":"https:\/\/agora.xtec.cat\/ieslaromanica\/wp-json\/wp\/v2\/tags?post=16517"}],"curies":[{"name":"wp","href":"https:\/\/api.w.org\/{rel}","templated":true}]}}