{"id":1648,"date":"2017-07-06T20:47:02","date_gmt":"2017-07-06T18:47:02","guid":{"rendered":"http:\/\/agora.xtec.cat\/ieslaromanica\/?p=1648"},"modified":"2017-07-07T11:16:50","modified_gmt":"2017-07-07T09:16:50","slug":"sens-han-jubilat","status":"publish","type":"post","link":"https:\/\/agora.xtec.cat\/ieslaromanica\/general\/sens-han-jubilat\/","title":{"rendered":"Se&#8217;ns han jubilat!"},"content":{"rendered":"<p style=\"text-align: center;\"><a href=\"http:\/\/agora.xtec.cat\/ieslaromanica\/wp-content\/uploads\/usu857\/2017\/07\/jubilacio.jpg\"><img loading=\"lazy\" decoding=\"async\" class=\"alignnone size-full wp-image-1763\" src=\"http:\/\/agora.xtec.cat\/ieslaromanica\/wp-content\/uploads\/usu857\/2017\/07\/jubilacio.jpg\" alt=\"jubilacio\" width=\"283\" height=\"284\" srcset=\"https:\/\/agora.xtec.cat\/ieslaromanica\/wp-content\/uploads\/usu857\/2017\/07\/jubilacio.jpg 283w, https:\/\/agora.xtec.cat\/ieslaromanica\/wp-content\/uploads\/usu857\/2017\/07\/jubilacio-150x150.jpg 150w\" sizes=\"auto, (max-width: 283px) 100vw, 283px\" \/><\/a><\/p>\n<p style=\"text-align: justify;\">Gaireb\u00e9 per la porta de darrera han marxat, sense fer soroll i amb molta discreci\u00f3, dos professors amb solera. Tot i no tenir-ne l&#8217;aparen\u00e7a, tots dos se&#8217;ns han jubilat!<\/p>\n<p><a href=\"http:\/\/agora.xtec.cat\/ieslaromanica\/wp-content\/uploads\/usu857\/2017\/07\/joan-miquel-alcon-1.jpg\"><img loading=\"lazy\" decoding=\"async\" class=\"size-full wp-image-1697 alignleft\" src=\"http:\/\/agora.xtec.cat\/ieslaromanica\/wp-content\/uploads\/usu857\/2017\/07\/joan-miquel-alcon-1.jpg\" alt=\"joan miquel alcon\" width=\"181\" height=\"237\" \/><\/a><\/p>\n<p>El Joan Miquel \u00c1lvarez, professor del Departament de F\u00edsica i Qu\u00edmica, ja portava un bon grapat d&#8217;anys a l&#8217;Institut La Rom\u00e0nica.<\/p>\n<p>Discret, potser una mica t\u00edmid, amb bon sentit de l&#8217;humor, pacient i entregat a la dif\u00edcil tasca d&#8217;ensenyar F\u00edsica i Qu\u00edmica.<\/p>\n<p>Podem dir que se&#8217;ns ha jubilat, literalment, per sorpresa.<\/p>\n<p>Joan Miquel, gr\u00e0cies pel teu mestratge!<\/p>\n<p>&nbsp;<\/p>\n<p><a href=\"http:\/\/agora.xtec.cat\/ieslaromanica\/wp-content\/uploads\/usu857\/2017\/07\/joan-miquel-alcon.jpg\"><img loading=\"lazy\" decoding=\"async\" class=\"size-full wp-image-1696 alignleft\" src=\"http:\/\/agora.xtec.cat\/ieslaromanica\/wp-content\/uploads\/usu857\/2017\/07\/joan-miquel-alcon.jpg\" alt=\"joan miquel alcon\" width=\"177\" height=\"241\" \/><\/a><\/p>\n<p>El Jaume Castel, professor del Departament de Tecnologies des de fa 18 anys i Secretari de l&#8217;Institut La Rom\u00e0nica des de fa 15 anys.<\/p>\n<p>Si el volies trobar quan no tenia classe, al despatx de Secretaria segur que el cercaries.<\/p>\n<p>Treballador incansable, amb un sentit de l&#8217;humor que desconcertava a qui encara no el coneixia, ha portat els comptes de l&#8217;institut sempre amb super\u00e0vit, incl\u00fas en \u00e8poca de &#8220;vaques faques&#8221;. Gr\u00e0cies, Jaume, per aquests anys d&#8217;entrega a l&#8217;institut i per alegrar-nos la vista amb l&#8217;originalitat de les teves corbates.<\/p>\n<p>&nbsp;<\/p>\n<p style=\"text-align: justify;\">A tots dos, us volem desitjar el millor. Gr\u00e0cies pels vostres anys de dedicaci\u00f3 a l&#8217;ensenyament i al nostre institut. Molta sort en els nous camins i possibilitats que la jubilaci\u00f3 us ofereix. Gaudiu-la!<\/p>\n","protected":false},"excerpt":{"rendered":"<p><a href=\"http:\/\/agora.xtec.cat\/ieslaromanica\/wp-content\/uploads\/usu857\/2017\/07\/jubilacio.jpg\"><\/a><br \/>\nGaireb\u00e9 per la porta de darrera han marxat, sense fer soroll i amb molta discreci\u00f3, dos professors amb solera. Tot i no tenir-ne l&#8217;aparen\u00e7a, tots dos se&#8217;ns han jubilat!<br \/>\n<a href=\"http:\/\/agora.xtec.cat\/ieslaromanica\/wp-content\/uploads\/usu857\/2017\/07\/joan-miquel-alcon-1.jpg\"><\/a><br \/>\nEl Joan Miquel \u00c1lvarez, professor del Departament de F\u00edsica i Qu\u00edmica, ja portava un bon&hellip;  <a href=\"https:\/\/agora.xtec.cat\/ieslaromanica\/general\/sens-han-jubilat\/\" title=\"Read Se&#8217;ns han jubilat!\">Llegeix m\u00e9s\u00bb<\/a><\/p>\n","protected":false},"author":3,"featured_media":1763,"comment_status":"open","ping_status":"closed","sticky":false,"template":"","format":"standard","meta":{"_bbp_topic_count":0,"_bbp_reply_count":0,"_bbp_total_topic_count":0,"_bbp_total_reply_count":0,"_bbp_voice_count":0,"_bbp_anonymous_reply_count":0,"_bbp_topic_count_hidden":0,"_bbp_reply_count_hidden":0,"_bbp_forum_subforum_count":0,"footnotes":""},"categories":[1,29],"tags":[167],"class_list":["post-1648","post","type-post","status-publish","format-standard","has-post-thumbnail","hentry","category-general","category-portada","tag-jubilacio"],"post_mailing_queue_ids":[],"_links":{"self":[{"href":"https:\/\/agora.xtec.cat\/ieslaromanica\/wp-json\/wp\/v2\/posts\/1648","targetHints":{"allow":["GET"]}}],"collection":[{"href":"https:\/\/agora.xtec.cat\/ieslaromanica\/wp-json\/wp\/v2\/posts"}],"about":[{"href":"https:\/\/agora.xtec.cat\/ieslaromanica\/wp-json\/wp\/v2\/types\/post"}],"author":[{"embeddable":true,"href":"https:\/\/agora.xtec.cat\/ieslaromanica\/wp-json\/wp\/v2\/users\/3"}],"replies":[{"embeddable":true,"href":"https:\/\/agora.xtec.cat\/ieslaromanica\/wp-json\/wp\/v2\/comments?post=1648"}],"version-history":[{"count":3,"href":"https:\/\/agora.xtec.cat\/ieslaromanica\/wp-json\/wp\/v2\/posts\/1648\/revisions"}],"predecessor-version":[{"id":1764,"href":"https:\/\/agora.xtec.cat\/ieslaromanica\/wp-json\/wp\/v2\/posts\/1648\/revisions\/1764"}],"wp:featuredmedia":[{"embeddable":true,"href":"https:\/\/agora.xtec.cat\/ieslaromanica\/wp-json\/wp\/v2\/media\/1763"}],"wp:attachment":[{"href":"https:\/\/agora.xtec.cat\/ieslaromanica\/wp-json\/wp\/v2\/media?parent=1648"}],"wp:term":[{"taxonomy":"category","embeddable":true,"href":"https:\/\/agora.xtec.cat\/ieslaromanica\/wp-json\/wp\/v2\/categories?post=1648"},{"taxonomy":"post_tag","embeddable":true,"href":"https:\/\/agora.xtec.cat\/ieslaromanica\/wp-json\/wp\/v2\/tags?post=1648"}],"curies":[{"name":"wp","href":"https:\/\/api.w.org\/{rel}","templated":true}]}}