{"id":16463,"date":"2020-02-04T21:21:42","date_gmt":"2020-02-04T20:21:42","guid":{"rendered":"http:\/\/agora.xtec.cat\/ieslaromanica\/?p=16463"},"modified":"2020-02-12T20:30:20","modified_gmt":"2020-02-12T19:30:20","slug":"gaudi-i-sostenibilitat","status":"publish","type":"post","link":"https:\/\/agora.xtec.cat\/ieslaromanica\/general\/gaudi-i-sostenibilitat\/","title":{"rendered":"Gaud\u00ed i sostenibilitat"},"content":{"rendered":"<p><a href=\"https:\/\/agora.xtec.cat\/ieslaromanica\/wp-content\/uploads\/usu857\/2020\/02\/TIRA-simplificat-per-word-BS-web.jpg\"><img loading=\"lazy\" decoding=\"async\" class=\"aligncenter size-large wp-image-16464\" src=\"https:\/\/agora.xtec.cat\/ieslaromanica\/wp-content\/uploads\/usu857\/2020\/02\/TIRA-simplificat-per-word-BS-web-1024x190.jpg\" alt=\"\" width=\"1024\" height=\"190\" srcset=\"https:\/\/agora.xtec.cat\/ieslaromanica\/wp-content\/uploads\/usu857\/2020\/02\/TIRA-simplificat-per-word-BS-web-1024x190.jpg 1024w, https:\/\/agora.xtec.cat\/ieslaromanica\/wp-content\/uploads\/usu857\/2020\/02\/TIRA-simplificat-per-word-BS-web-300x56.jpg 300w, https:\/\/agora.xtec.cat\/ieslaromanica\/wp-content\/uploads\/usu857\/2020\/02\/TIRA-simplificat-per-word-BS-web-768x143.jpg 768w\" sizes=\"auto, (max-width: 1024px) 100vw, 1024px\" \/><\/a><\/p>\n<p class=\"p1\"><span class=\"s1\">Els alumnes de primer d\u2019ESO (grups E i F) han participat en una activitat interdepartamental (VIP i Tecnologia) que alhora forma part del treball en xarxa i transversal del projecte <i>GAUDIr les formes<\/i>.<\/span><\/p>\n<p class=\"p1\"><span class=\"s1\">L\u2019objectiu \u00e9s crear un porta-entrep\u00e0 amb tela per tal de substituir el paper d\u2019alumini i el pl\u00e0stic que usualment utilitzen i aix\u00ed iniciar un treball que ajudi a assolir una consci\u00e8ncia vinculada a la sostenibilitat i el respecte cap al medi ambient.\u00a0<\/span><\/p>\n<p><a href=\"https:\/\/agora.xtec.cat\/ieslaromanica\/projectes\/projectes-2019-2020-2\/gaudir-les-formes\/\">M\u00e9s informaci\u00f3 del projecte Gaudir les formes.<\/a><\/p>\n<p><a href=\"http:\/\/viplaromanica.blogspot.com\/2019\/12\/collage-i-trencadis-projecte-gaudir-les.html\">M\u00e9s informaci\u00f3 de l&#8217;activitat i del proc\u00e9s seguit.<\/a><\/p>\n","protected":false},"excerpt":{"rendered":"<p><a href=\"https:\/\/agora.xtec.cat\/ieslaromanica\/wp-content\/uploads\/usu857\/2020\/02\/TIRA-simplificat-per-word-BS-web.jpg\"><\/a><br \/>\nEls alumnes de primer d\u2019ESO (grups E i F) han participat en una activitat interdepartamental (VIP i Tecnologia) que alhora forma part del treball en xarxa i transversal del projecte GAUDIr les formes.<br \/>\nL\u2019objectiu \u00e9s crear un porta-entrep\u00e0 amb tela per tal de substituir el&hellip;  <a href=\"https:\/\/agora.xtec.cat\/ieslaromanica\/general\/gaudi-i-sostenibilitat\/\" title=\"Read Gaud\u00ed i sostenibilitat\">Llegeix m\u00e9s\u00bb<\/a><\/p>\n","protected":false},"author":6,"featured_media":16464,"comment_status":"open","ping_status":"closed","sticky":false,"template":"","format":"standard","meta":{"_bbp_topic_count":0,"_bbp_reply_count":0,"_bbp_total_topic_count":0,"_bbp_total_reply_count":0,"_bbp_voice_count":0,"_bbp_anonymous_reply_count":0,"_bbp_topic_count_hidden":0,"_bbp_reply_count_hidden":0,"_bbp_forum_subforum_count":0,"footnotes":""},"categories":[3,1,29],"tags":[210,216,319],"class_list":["post-16463","post","type-post","status-publish","format-standard","has-post-thumbnail","hentry","category-eso","category-general","category-portada","tag-departament-deducacio-visual-i-plastica","tag-departament-de-tecnologies","tag-projecte-gaudir-les-formes"],"post_mailing_queue_ids":[],"_links":{"self":[{"href":"https:\/\/agora.xtec.cat\/ieslaromanica\/wp-json\/wp\/v2\/posts\/16463","targetHints":{"allow":["GET"]}}],"collection":[{"href":"https:\/\/agora.xtec.cat\/ieslaromanica\/wp-json\/wp\/v2\/posts"}],"about":[{"href":"https:\/\/agora.xtec.cat\/ieslaromanica\/wp-json\/wp\/v2\/types\/post"}],"author":[{"embeddable":true,"href":"https:\/\/agora.xtec.cat\/ieslaromanica\/wp-json\/wp\/v2\/users\/6"}],"replies":[{"embeddable":true,"href":"https:\/\/agora.xtec.cat\/ieslaromanica\/wp-json\/wp\/v2\/comments?post=16463"}],"version-history":[{"count":3,"href":"https:\/\/agora.xtec.cat\/ieslaromanica\/wp-json\/wp\/v2\/posts\/16463\/revisions"}],"predecessor-version":[{"id":16636,"href":"https:\/\/agora.xtec.cat\/ieslaromanica\/wp-json\/wp\/v2\/posts\/16463\/revisions\/16636"}],"wp:featuredmedia":[{"embeddable":true,"href":"https:\/\/agora.xtec.cat\/ieslaromanica\/wp-json\/wp\/v2\/media\/16464"}],"wp:attachment":[{"href":"https:\/\/agora.xtec.cat\/ieslaromanica\/wp-json\/wp\/v2\/media?parent=16463"}],"wp:term":[{"taxonomy":"category","embeddable":true,"href":"https:\/\/agora.xtec.cat\/ieslaromanica\/wp-json\/wp\/v2\/categories?post=16463"},{"taxonomy":"post_tag","embeddable":true,"href":"https:\/\/agora.xtec.cat\/ieslaromanica\/wp-json\/wp\/v2\/tags?post=16463"}],"curies":[{"name":"wp","href":"https:\/\/api.w.org\/{rel}","templated":true}]}}