{"id":16394,"date":"2020-01-13T11:55:38","date_gmt":"2020-01-13T10:55:38","guid":{"rendered":"http:\/\/agora.xtec.cat\/ieslaromanica\/?p=16394"},"modified":"2020-01-27T12:48:32","modified_gmt":"2020-01-27T11:48:32","slug":"dear-rosa","status":"publish","type":"post","link":"https:\/\/agora.xtec.cat\/ieslaromanica\/general\/dear-rosa\/","title":{"rendered":"Dear Rosa"},"content":{"rendered":"<p style=\"text-align: justify;\"><a href=\"https:\/\/agora.xtec.cat\/ieslaromanica\/wp-content\/uploads\/usu857\/2020\/01\/rosa-amb-flors-fimo-e1578997208177.jpg\"><img loading=\"lazy\" decoding=\"async\" class=\"wp-image-16420 aligncenter\" src=\"https:\/\/agora.xtec.cat\/ieslaromanica\/wp-content\/uploads\/usu857\/2020\/01\/rosa-amb-flors-fimo-e1578997208177.jpg\" alt=\"\" width=\"566\" height=\"505\" srcset=\"https:\/\/agora.xtec.cat\/ieslaromanica\/wp-content\/uploads\/usu857\/2020\/01\/rosa-amb-flors-fimo-e1578997208177.jpg 976w, https:\/\/agora.xtec.cat\/ieslaromanica\/wp-content\/uploads\/usu857\/2020\/01\/rosa-amb-flors-fimo-e1578997208177-300x268.jpg 300w, https:\/\/agora.xtec.cat\/ieslaromanica\/wp-content\/uploads\/usu857\/2020\/01\/rosa-amb-flors-fimo-e1578997208177-768x685.jpg 768w\" sizes=\"auto, (max-width: 566px) 100vw, 566px\" \/><\/a><\/p>\n<p>&nbsp;<\/p>\n<p style=\"text-align: justify;\">Estimada Rosa, tot i desitjar-te el millor en aquesta nova etapa que has iniciat en jubilar-te com a professora d&#8217;angl\u00e8s, permete&#8217;ns que siguem una mica egoistes si et diem que et trobem a faltar i que ens agradaria que fossis al centre amb nosaltres.<\/p>\n<p style=\"text-align: justify;\">Per si alg\u00fa no et coneix, direm que la Rosa E. Valderrama Abarca, tot i que va arribar oficialment al nostre centre el 6 de setembre de 2001, ja hi havia estat amb anterioritat fent alguna substituci\u00f3 com a professora d&#8217;angl\u00e8s. Durant tots aquests anys ha estat tutora de l&#8217;ESO i, \u00faltimament, tamb\u00e9 la persona d&#8217;enlla\u00e7 amb els delegats i les delegades de classe, donat el seu bon tracte, la paci\u00e8ncia i la complicitat amb l&#8217;alumnat.<\/p>\n<p style=\"text-align: justify;\">El diccionari se&#8217;ns buida d&#8217;adjectius i virtuds en voler descriure com ets i qu\u00e8 signifiques per nosaltres. Tots i totes la coneixem, per\u00f2 per si alg\u00fa no et coneix, et definir\u00edem com una persona generosa en tots els aspectes, una dona incre\u00efble, una professora entranyable i tot un model i referent per als teus companys i companyes.<\/p>\n<p style=\"text-align: justify;\">Rosa, la reina de l&#8217;originalitat, la creativitat, les manualitats, l&#8217;<em>attrezzo<\/em> i el detallisme en la decoraci\u00f3 de l&#8217;institut, les disfresses per la Castanyada, Nadal, Carnestoltes o Sant Jordi.<\/p>\n<p>&nbsp;<\/p>\n<table style=\"height: 518px; width: 704px;\" width=\"740\">\n<tbody>\n<tr style=\"height: 516px;\">\n<td style=\"width: 432px; height: 516px;\"><a href=\"https:\/\/agora.xtec.cat\/ieslaromanica\/wp-content\/uploads\/usu857\/2018\/02\/DSC_0009-e1580125368716.jpg\"><img loading=\"lazy\" decoding=\"async\" class=\"alignnone wp-image-2991 size-full\" src=\"https:\/\/agora.xtec.cat\/ieslaromanica\/wp-content\/uploads\/usu857\/2018\/02\/DSC_0009-e1580125368716.jpg\" alt=\"\" width=\"1265\" height=\"861\" srcset=\"https:\/\/agora.xtec.cat\/ieslaromanica\/wp-content\/uploads\/usu857\/2018\/02\/DSC_0009-e1580125368716.jpg 1265w, https:\/\/agora.xtec.cat\/ieslaromanica\/wp-content\/uploads\/usu857\/2018\/02\/DSC_0009-e1580125368716-300x204.jpg 300w, https:\/\/agora.xtec.cat\/ieslaromanica\/wp-content\/uploads\/usu857\/2018\/02\/DSC_0009-e1580125368716-768x523.jpg 768w, https:\/\/agora.xtec.cat\/ieslaromanica\/wp-content\/uploads\/usu857\/2018\/02\/DSC_0009-e1580125368716-1024x697.jpg 1024w\" sizes=\"auto, (max-width: 1265px) 100vw, 1265px\" \/><\/a><\/td>\n<td style=\"width: 264px; height: 516px;\"><a href=\"https:\/\/agora.xtec.cat\/ieslaromanica\/wp-content\/uploads\/usu857\/2016\/11\/DSC_0301.jpg\"><img loading=\"lazy\" decoding=\"async\" class=\"wp-image-877 aligncenter\" src=\"https:\/\/agora.xtec.cat\/ieslaromanica\/wp-content\/uploads\/usu857\/2016\/11\/DSC_0301-e1578997437388.jpg\" alt=\"\" width=\"305\" height=\"399\" srcset=\"https:\/\/agora.xtec.cat\/ieslaromanica\/wp-content\/uploads\/usu857\/2016\/11\/DSC_0301-e1578997437388.jpg 360w, https:\/\/agora.xtec.cat\/ieslaromanica\/wp-content\/uploads\/usu857\/2016\/11\/DSC_0301-e1578997437388-229x300.jpg 229w\" sizes=\"auto, (max-width: 305px) 100vw, 305px\" \/><\/a><\/td>\n<\/tr>\n<\/tbody>\n<\/table>\n<p style=\"text-align: justify;\">T&#8217;has donat en cos i \u00e0nima al nostre institut, sense mirar mai el rellotge. Aix\u00f2 tamb\u00e9 s&#8217;anomena generositat. Tu has fet que les celebracions i les activitats extraescolars al centre llu\u00efssin d&#8217;una forma especial i \u00fanica, donant a les tradicions i festivitats un valor afegit.<\/p>\n<p style=\"text-align: justify;\">De ben segur que el teu alumnat recordar\u00e0 sempre m\u00e9s les teves classes pr\u00e0ctiques de cuina, elaborant unes creps o qualsevol altra <em>delicatessen<\/em>. Aix\u00f2 si, en angl\u00e8s. <em>Delicious!<\/em><\/p>\n<p style=\"text-align: justify;\">Els teus companys i companyes tenim tamb\u00e9 molts motius per sentir enyoran\u00e7a: les teves roses per Sant Jordi, els ossets de llaminadura a les reunions&#8230; i moments entranyables que no desvetllarem.<\/p>\n<p>&nbsp;<\/p>\n<table style=\"height: 431px; width: 747px;\">\n<tbody>\n<tr style=\"height: 33px;\">\n<td style=\"height: 33px; width: 369.5px;\"><a href=\"https:\/\/agora.xtec.cat\/ieslaromanica\/wp-content\/uploads\/usu857\/2018\/11\/resized_P1080586.jpg\"><img loading=\"lazy\" decoding=\"async\" class=\"alignnone wp-image-13911\" src=\"https:\/\/agora.xtec.cat\/ieslaromanica\/wp-content\/uploads\/usu857\/2018\/11\/resized_P1080586.jpg\" alt=\"\" width=\"573\" height=\"431\" srcset=\"https:\/\/agora.xtec.cat\/ieslaromanica\/wp-content\/uploads\/usu857\/2018\/11\/resized_P1080586.jpg 2296w, https:\/\/agora.xtec.cat\/ieslaromanica\/wp-content\/uploads\/usu857\/2018\/11\/resized_P1080586-300x225.jpg 300w, https:\/\/agora.xtec.cat\/ieslaromanica\/wp-content\/uploads\/usu857\/2018\/11\/resized_P1080586-768x577.jpg 768w, https:\/\/agora.xtec.cat\/ieslaromanica\/wp-content\/uploads\/usu857\/2018\/11\/resized_P1080586-1024x769.jpg 1024w, https:\/\/agora.xtec.cat\/ieslaromanica\/wp-content\/uploads\/usu857\/2018\/11\/resized_P1080586-200x150.jpg 200w\" sizes=\"auto, (max-width: 573px) 100vw, 573px\" \/><\/a><\/td>\n<td style=\"height: 33px; width: 369.5px;\"><a href=\"https:\/\/agora.xtec.cat\/ieslaromanica\/wp-content\/uploads\/usu857\/2019\/04\/rosa-valderrama-e1580114997976.jpg\"><img loading=\"lazy\" decoding=\"async\" class=\" wp-image-14723 aligncenter\" src=\"https:\/\/agora.xtec.cat\/ieslaromanica\/wp-content\/uploads\/usu857\/2019\/04\/rosa-valderrama-e1580114997976.jpg\" alt=\"\" width=\"448\" height=\"467\" srcset=\"https:\/\/agora.xtec.cat\/ieslaromanica\/wp-content\/uploads\/usu857\/2019\/04\/rosa-valderrama-e1580114997976.jpg 1078w, https:\/\/agora.xtec.cat\/ieslaromanica\/wp-content\/uploads\/usu857\/2019\/04\/rosa-valderrama-e1580114997976-288x300.jpg 288w, https:\/\/agora.xtec.cat\/ieslaromanica\/wp-content\/uploads\/usu857\/2019\/04\/rosa-valderrama-e1580114997976-768x801.jpg 768w, https:\/\/agora.xtec.cat\/ieslaromanica\/wp-content\/uploads\/usu857\/2019\/04\/rosa-valderrama-e1580114997976-982x1024.jpg 982w\" sizes=\"auto, (max-width: 448px) 100vw, 448px\" \/><\/a><\/td>\n<\/tr>\n<\/tbody>\n<\/table>\n<p>&nbsp;<\/p>\n<p style=\"text-align: justify;\">Tota la comunitat educativa et desitgem que aquest cam\u00ed que ara encetes estigui ple d<em>&#8216;amazing challenges and moments<\/em>.<\/p>\n<p style=\"text-align: left;\"><em>Nice to meet you dear Rosa. We love you.<br \/>\n<\/em><\/p>\n<p style=\"text-align: justify;\">I gr\u00e0cies per ser som ets!<\/p>\n<p>&nbsp;<\/p>\n","protected":false},"excerpt":{"rendered":"<p><a href=\"https:\/\/agora.xtec.cat\/ieslaromanica\/wp-content\/uploads\/usu857\/2020\/01\/rosa-amb-flors-fimo-e1578997208177.jpg\"><\/a><br \/>\n&nbsp;<br \/>\nEstimada Rosa, tot i desitjar-te el millor en aquesta nova etapa que has iniciat en jubilar-te com a professora d&#8217;angl\u00e8s, permete&#8217;ns que siguem una mica egoistes si et diem que et trobem a faltar i que ens agradaria que fossis al centre amb nosaltres.<br \/>\nPer&hellip;  <a href=\"https:\/\/agora.xtec.cat\/ieslaromanica\/general\/dear-rosa\/\" title=\"Read Dear Rosa\">Llegeix m\u00e9s\u00bb<\/a><\/p>\n","protected":false},"author":3,"featured_media":16420,"comment_status":"open","ping_status":"closed","sticky":false,"template":"","format":"standard","meta":{"_bbp_topic_count":0,"_bbp_reply_count":0,"_bbp_total_topic_count":0,"_bbp_total_reply_count":0,"_bbp_voice_count":0,"_bbp_anonymous_reply_count":0,"_bbp_topic_count_hidden":0,"_bbp_reply_count_hidden":0,"_bbp_forum_subforum_count":0,"footnotes":""},"categories":[1,29],"tags":[299,318],"class_list":["post-16394","post","type-post","status-publish","format-standard","has-post-thumbnail","hentry","category-general","category-portada","tag-curs-2019-2020","tag-jubilacions"],"post_mailing_queue_ids":[],"_links":{"self":[{"href":"https:\/\/agora.xtec.cat\/ieslaromanica\/wp-json\/wp\/v2\/posts\/16394","targetHints":{"allow":["GET"]}}],"collection":[{"href":"https:\/\/agora.xtec.cat\/ieslaromanica\/wp-json\/wp\/v2\/posts"}],"about":[{"href":"https:\/\/agora.xtec.cat\/ieslaromanica\/wp-json\/wp\/v2\/types\/post"}],"author":[{"embeddable":true,"href":"https:\/\/agora.xtec.cat\/ieslaromanica\/wp-json\/wp\/v2\/users\/3"}],"replies":[{"embeddable":true,"href":"https:\/\/agora.xtec.cat\/ieslaromanica\/wp-json\/wp\/v2\/comments?post=16394"}],"version-history":[{"count":3,"href":"https:\/\/agora.xtec.cat\/ieslaromanica\/wp-json\/wp\/v2\/posts\/16394\/revisions"}],"predecessor-version":[{"id":16459,"href":"https:\/\/agora.xtec.cat\/ieslaromanica\/wp-json\/wp\/v2\/posts\/16394\/revisions\/16459"}],"wp:featuredmedia":[{"embeddable":true,"href":"https:\/\/agora.xtec.cat\/ieslaromanica\/wp-json\/wp\/v2\/media\/16420"}],"wp:attachment":[{"href":"https:\/\/agora.xtec.cat\/ieslaromanica\/wp-json\/wp\/v2\/media?parent=16394"}],"wp:term":[{"taxonomy":"category","embeddable":true,"href":"https:\/\/agora.xtec.cat\/ieslaromanica\/wp-json\/wp\/v2\/categories?post=16394"},{"taxonomy":"post_tag","embeddable":true,"href":"https:\/\/agora.xtec.cat\/ieslaromanica\/wp-json\/wp\/v2\/tags?post=16394"}],"curies":[{"name":"wp","href":"https:\/\/api.w.org\/{rel}","templated":true}]}}