{"id":16281,"date":"2019-12-23T21:05:27","date_gmt":"2019-12-23T20:05:27","guid":{"rendered":"http:\/\/agora.xtec.cat\/ieslaromanica\/?p=16281"},"modified":"2020-01-10T10:51:21","modified_gmt":"2020-01-10T09:51:21","slug":"nadales-per-la-igualtat","status":"publish","type":"post","link":"https:\/\/agora.xtec.cat\/ieslaromanica\/general\/nadales-per-la-igualtat\/","title":{"rendered":"Nadales per la Igualtat"},"content":{"rendered":"<p style=\"text-align: justify;\">Com ja sabeu, el 20 de desembre, darrer dia de classe abans de les vacances nadalenques, tots els departaments del centre vam organitzar tallers per a l&#8217;alumnat, abans de fer el lliurament de notes.<\/p>\n<p style=\"text-align: justify;\">Enguany, el Departament de Ci\u00e8ncies Socials van preparar un taller de Nadales Coeducatives, seguint la iniciativa de la Comissi\u00f3 de G\u00e8nere de l&#8217;AFA de l&#8217;Escola Fructu\u00f3s Gelabert de Barcelona, per tal de trencar amb els estereotips sexistes i consumistes.<\/p>\n<p style=\"text-align: justify;\">En el nostre cas, agafant tamb\u00e9 com a base la tradicional nadala &#8220;Fum, fum, fum&#8221;, l&#8217;alumnat va crear una nova lletra per reivindicar la IGUALTAT, la llibertat i el respecte.<\/p>\n<p>&nbsp;<\/p>\n<!--[if lt IE 9]><script>document.createElement('audio');<\/script><![endif]-->\n<audio class=\"wp-audio-shortcode\" id=\"audio-16281-1\" preload=\"none\" style=\"width: 100%;\" controls=\"controls\"><source type=\"audio\/mpeg\" src=\"https:\/\/agora.xtec.cat\/ieslaromanica\/wp-content\/uploads\/usu857\/2019\/12\/nadala_igualtat_02_session.mp3?_=1\" \/><a href=\"https:\/\/agora.xtec.cat\/ieslaromanica\/wp-content\/uploads\/usu857\/2019\/12\/nadala_igualtat_02_session.mp3\">https:\/\/agora.xtec.cat\/ieslaromanica\/wp-content\/uploads\/usu857\/2019\/12\/nadala_igualtat_02_session.mp3<\/a><\/audio>\n","protected":false},"excerpt":{"rendered":"<p>Com ja sabeu, el 20 de desembre, darrer dia de classe abans de les vacances nadalenques, tots els departaments del centre vam organitzar tallers per a l&#8217;alumnat, abans de fer el lliurament de notes.<br \/>\nEnguany, el Departament de Ci\u00e8ncies Socials van preparar un taller de Nadales&hellip;  <a href=\"https:\/\/agora.xtec.cat\/ieslaromanica\/general\/nadales-per-la-igualtat\/\" title=\"Read Nadales per la Igualtat\">Llegeix m\u00e9s\u00bb<\/a><\/p>\n","protected":false},"author":3,"featured_media":16253,"comment_status":"open","ping_status":"closed","sticky":false,"template":"","format":"standard","meta":{"_bbp_topic_count":0,"_bbp_reply_count":0,"_bbp_total_topic_count":0,"_bbp_total_reply_count":0,"_bbp_voice_count":0,"_bbp_anonymous_reply_count":0,"_bbp_topic_count_hidden":0,"_bbp_reply_count_hidden":0,"_bbp_forum_subforum_count":0,"footnotes":""},"categories":[1,29],"tags":[240,128,308,317,239],"class_list":["post-16281","post","type-post","status-publish","format-standard","has-post-thumbnail","hentry","category-general","category-portada","tag-240","tag-departament-de-ciencies-socials","tag-departament-de-musica","tag-seminari-de-religio","tag-tallers-de-nadal"],"post_mailing_queue_ids":[],"_links":{"self":[{"href":"https:\/\/agora.xtec.cat\/ieslaromanica\/wp-json\/wp\/v2\/posts\/16281","targetHints":{"allow":["GET"]}}],"collection":[{"href":"https:\/\/agora.xtec.cat\/ieslaromanica\/wp-json\/wp\/v2\/posts"}],"about":[{"href":"https:\/\/agora.xtec.cat\/ieslaromanica\/wp-json\/wp\/v2\/types\/post"}],"author":[{"embeddable":true,"href":"https:\/\/agora.xtec.cat\/ieslaromanica\/wp-json\/wp\/v2\/users\/3"}],"replies":[{"embeddable":true,"href":"https:\/\/agora.xtec.cat\/ieslaromanica\/wp-json\/wp\/v2\/comments?post=16281"}],"version-history":[{"count":3,"href":"https:\/\/agora.xtec.cat\/ieslaromanica\/wp-json\/wp\/v2\/posts\/16281\/revisions"}],"predecessor-version":[{"id":16391,"href":"https:\/\/agora.xtec.cat\/ieslaromanica\/wp-json\/wp\/v2\/posts\/16281\/revisions\/16391"}],"wp:featuredmedia":[{"embeddable":true,"href":"https:\/\/agora.xtec.cat\/ieslaromanica\/wp-json\/wp\/v2\/media\/16253"}],"wp:attachment":[{"href":"https:\/\/agora.xtec.cat\/ieslaromanica\/wp-json\/wp\/v2\/media?parent=16281"}],"wp:term":[{"taxonomy":"category","embeddable":true,"href":"https:\/\/agora.xtec.cat\/ieslaromanica\/wp-json\/wp\/v2\/categories?post=16281"},{"taxonomy":"post_tag","embeddable":true,"href":"https:\/\/agora.xtec.cat\/ieslaromanica\/wp-json\/wp\/v2\/tags?post=16281"}],"curies":[{"name":"wp","href":"https:\/\/api.w.org\/{rel}","templated":true}]}}