{"id":16277,"date":"2019-12-23T19:49:31","date_gmt":"2019-12-23T18:49:31","guid":{"rendered":"http:\/\/agora.xtec.cat\/ieslaromanica\/?p=16277"},"modified":"2019-12-23T19:49:31","modified_gmt":"2019-12-23T18:49:31","slug":"tot-passejant-per-la-vall-dolzinelles","status":"publish","type":"post","link":"https:\/\/agora.xtec.cat\/ieslaromanica\/general\/tot-passejant-per-la-vall-dolzinelles\/","title":{"rendered":"Tot passejant per la Vall d&#8217;Olzinelles"},"content":{"rendered":"<p style=\"text-align: justify;\">El dijous 19 de desembre de 2019 ha tingut lloc una sortida tutorial de tots els grups de 3r d&#8217;ESO. El lloc escollit ha estat la Vall d&#8217;Olzinelles, dins del mass\u00eds del Montnegre.<\/p>\n<p style=\"text-align: justify;\">Aquest bell paratge ha sorpr\u00e8s per haver pogut admirar algunes esp\u00e8cies de fauna salvatge dif\u00edcils de veure que, tot i ser menudes, realment han estat troballes sorprenents, com per exemple la seg\u00fcent salamandra i un escarabat de colors brillants espectaculars.<\/p>\n<table>\n<tbody>\n<tr>\n<td><a href=\"https:\/\/agora.xtec.cat\/ieslaromanica\/wp-content\/uploads\/usu857\/2019\/12\/IMG_20191219_124206442.jpg\"><img loading=\"lazy\" decoding=\"async\" class=\"wp-image-16278 aligncenter\" src=\"https:\/\/agora.xtec.cat\/ieslaromanica\/wp-content\/uploads\/usu857\/2019\/12\/IMG_20191219_124206442.jpg\" alt=\"\" width=\"371\" height=\"279\" srcset=\"https:\/\/agora.xtec.cat\/ieslaromanica\/wp-content\/uploads\/usu857\/2019\/12\/IMG_20191219_124206442.jpg 1122w, https:\/\/agora.xtec.cat\/ieslaromanica\/wp-content\/uploads\/usu857\/2019\/12\/IMG_20191219_124206442-300x225.jpg 300w, https:\/\/agora.xtec.cat\/ieslaromanica\/wp-content\/uploads\/usu857\/2019\/12\/IMG_20191219_124206442-768x576.jpg 768w, https:\/\/agora.xtec.cat\/ieslaromanica\/wp-content\/uploads\/usu857\/2019\/12\/IMG_20191219_124206442-1024x768.jpg 1024w, https:\/\/agora.xtec.cat\/ieslaromanica\/wp-content\/uploads\/usu857\/2019\/12\/IMG_20191219_124206442-200x150.jpg 200w\" sizes=\"auto, (max-width: 371px) 100vw, 371px\" \/><\/a><\/td>\n<td><a href=\"https:\/\/agora.xtec.cat\/ieslaromanica\/wp-content\/uploads\/usu857\/2019\/12\/IMG_20191219_130230771.jpg\"><img loading=\"lazy\" decoding=\"async\" class=\"wp-image-16279 aligncenter\" src=\"https:\/\/agora.xtec.cat\/ieslaromanica\/wp-content\/uploads\/usu857\/2019\/12\/IMG_20191219_130230771.jpg\" alt=\"\" width=\"378\" height=\"284\" srcset=\"https:\/\/agora.xtec.cat\/ieslaromanica\/wp-content\/uploads\/usu857\/2019\/12\/IMG_20191219_130230771.jpg 1179w, https:\/\/agora.xtec.cat\/ieslaromanica\/wp-content\/uploads\/usu857\/2019\/12\/IMG_20191219_130230771-300x225.jpg 300w, https:\/\/agora.xtec.cat\/ieslaromanica\/wp-content\/uploads\/usu857\/2019\/12\/IMG_20191219_130230771-768x576.jpg 768w, https:\/\/agora.xtec.cat\/ieslaromanica\/wp-content\/uploads\/usu857\/2019\/12\/IMG_20191219_130230771-1024x768.jpg 1024w, https:\/\/agora.xtec.cat\/ieslaromanica\/wp-content\/uploads\/usu857\/2019\/12\/IMG_20191219_130230771-200x150.jpg 200w\" sizes=\"auto, (max-width: 378px) 100vw, 378px\" \/><\/a><\/td>\n<\/tr>\n<\/tbody>\n<\/table>\n<p>&nbsp;<\/p>\n","protected":false},"excerpt":{"rendered":"<p>El dijous 19 de desembre de 2019 ha tingut lloc una sortida tutorial de tots els grups de 3r d&#8217;ESO. El lloc escollit ha estat la Vall d&#8217;Olzinelles, dins del mass\u00eds del Montnegre.<br \/>\nAquest bell paratge ha sorpr\u00e8s per haver pogut admirar algunes esp\u00e8cies de fauna&hellip;  <a href=\"https:\/\/agora.xtec.cat\/ieslaromanica\/general\/tot-passejant-per-la-vall-dolzinelles\/\" title=\"Read Tot passejant per la Vall d&#8217;Olzinelles\">Llegeix m\u00e9s\u00bb<\/a><\/p>\n","protected":false},"author":3,"featured_media":16278,"comment_status":"open","ping_status":"closed","sticky":false,"template":"","format":"standard","meta":{"_bbp_topic_count":0,"_bbp_reply_count":0,"_bbp_total_topic_count":0,"_bbp_total_reply_count":0,"_bbp_voice_count":0,"_bbp_anonymous_reply_count":0,"_bbp_topic_count_hidden":0,"_bbp_reply_count_hidden":0,"_bbp_forum_subforum_count":0,"footnotes":""},"categories":[6,1,29],"tags":[240,315],"class_list":["post-16277","post","type-post","status-publish","format-standard","has-post-thumbnail","hentry","category-eso-3","category-general","category-portada","tag-240","tag-sortida-tutorial"],"post_mailing_queue_ids":[],"_links":{"self":[{"href":"https:\/\/agora.xtec.cat\/ieslaromanica\/wp-json\/wp\/v2\/posts\/16277","targetHints":{"allow":["GET"]}}],"collection":[{"href":"https:\/\/agora.xtec.cat\/ieslaromanica\/wp-json\/wp\/v2\/posts"}],"about":[{"href":"https:\/\/agora.xtec.cat\/ieslaromanica\/wp-json\/wp\/v2\/types\/post"}],"author":[{"embeddable":true,"href":"https:\/\/agora.xtec.cat\/ieslaromanica\/wp-json\/wp\/v2\/users\/3"}],"replies":[{"embeddable":true,"href":"https:\/\/agora.xtec.cat\/ieslaromanica\/wp-json\/wp\/v2\/comments?post=16277"}],"version-history":[{"count":1,"href":"https:\/\/agora.xtec.cat\/ieslaromanica\/wp-json\/wp\/v2\/posts\/16277\/revisions"}],"predecessor-version":[{"id":16280,"href":"https:\/\/agora.xtec.cat\/ieslaromanica\/wp-json\/wp\/v2\/posts\/16277\/revisions\/16280"}],"wp:featuredmedia":[{"embeddable":true,"href":"https:\/\/agora.xtec.cat\/ieslaromanica\/wp-json\/wp\/v2\/media\/16278"}],"wp:attachment":[{"href":"https:\/\/agora.xtec.cat\/ieslaromanica\/wp-json\/wp\/v2\/media?parent=16277"}],"wp:term":[{"taxonomy":"category","embeddable":true,"href":"https:\/\/agora.xtec.cat\/ieslaromanica\/wp-json\/wp\/v2\/categories?post=16277"},{"taxonomy":"post_tag","embeddable":true,"href":"https:\/\/agora.xtec.cat\/ieslaromanica\/wp-json\/wp\/v2\/tags?post=16277"}],"curies":[{"name":"wp","href":"https:\/\/api.w.org\/{rel}","templated":true}]}}