{"id":16200,"date":"2019-12-19T16:07:38","date_gmt":"2019-12-19T15:07:38","guid":{"rendered":"http:\/\/agora.xtec.cat\/ieslaromanica\/?p=16200"},"modified":"2019-12-20T12:24:20","modified_gmt":"2019-12-20T11:24:20","slug":"483-gracies","status":"publish","type":"post","link":"https:\/\/agora.xtec.cat\/ieslaromanica\/general\/483-gracies\/","title":{"rendered":"433 gr\u00e0cies!"},"content":{"rendered":"<p style=\"text-align: center;\"><a href=\"https:\/\/agora.xtec.cat\/ieslaromanica\/wp-content\/uploads\/usu857\/2019\/11\/Amb_LaMarato_color-bis.jpg\"><img loading=\"lazy\" decoding=\"async\" class=\"alignnone wp-image-15869\" src=\"https:\/\/agora.xtec.cat\/ieslaromanica\/wp-content\/uploads\/usu857\/2019\/11\/Amb_LaMarato_color-bis.jpg\" alt=\"\" width=\"474\" height=\"88\" srcset=\"https:\/\/agora.xtec.cat\/ieslaromanica\/wp-content\/uploads\/usu857\/2019\/11\/Amb_LaMarato_color-bis.jpg 700w, https:\/\/agora.xtec.cat\/ieslaromanica\/wp-content\/uploads\/usu857\/2019\/11\/Amb_LaMarato_color-bis-300x56.jpg 300w\" sizes=\"auto, (max-width: 474px) 100vw, 474px\" \/><\/a><\/p>\n<p><strong>L&#8217;Institut La Rom\u00e0nica amb La Marat\u00f3:<\/strong><\/p>\n<p style=\"text-align: justify;\">Enguany, s&#8217;han recaptat <strong>433 euros<\/strong> a la rifa de les paneres de Nadal. Aquesta quantitat se sumar\u00e0 al marcador de La Marat\u00f3 TV3 i anir\u00e0 destinada a la recerca m\u00e8dica de les anomenades &#8220;malalties rares&#8221;.<\/p>\n<p style=\"text-align: center;\"><a href=\"https:\/\/agora.xtec.cat\/ieslaromanica\/wp-content\/uploads\/usu857\/2019\/12\/20191211_175042-BS.jpg\"><img loading=\"lazy\" decoding=\"async\" class=\"alignnone wp-image-16019\" src=\"https:\/\/agora.xtec.cat\/ieslaromanica\/wp-content\/uploads\/usu857\/2019\/12\/20191211_175042-BS.jpg\" alt=\"\" width=\"483\" height=\"271\" srcset=\"https:\/\/agora.xtec.cat\/ieslaromanica\/wp-content\/uploads\/usu857\/2019\/12\/20191211_175042-BS.jpg 2126w, https:\/\/agora.xtec.cat\/ieslaromanica\/wp-content\/uploads\/usu857\/2019\/12\/20191211_175042-BS-300x169.jpg 300w, https:\/\/agora.xtec.cat\/ieslaromanica\/wp-content\/uploads\/usu857\/2019\/12\/20191211_175042-BS-768x432.jpg 768w, https:\/\/agora.xtec.cat\/ieslaromanica\/wp-content\/uploads\/usu857\/2019\/12\/20191211_175042-BS-1024x576.jpg 1024w\" sizes=\"auto, (max-width: 483px) 100vw, 483px\" \/><\/a><\/p>\n<p style=\"text-align: justify;\">Els n\u00fameros premiats a la rifa de les 8 paneres, que ha tingut lloc el 19 de desembre, han estat: 1= 153, 2= 068, 3= 402, 4= 390, 5= 083, 6= 110, 7= 294 i 8= 429. I un n\u00famero a qui li ha tocat un val de 50 euros per comprar en Berska que \u00e9s el 371.<\/p>\n<p style=\"text-align: center;\"><a href=\"https:\/\/agora.xtec.cat\/ieslaromanica\/wp-content\/uploads\/usu857\/2019\/12\/20191219_123303.jpg\"><img loading=\"lazy\" decoding=\"async\" class=\"alignnone wp-image-16207\" src=\"https:\/\/agora.xtec.cat\/ieslaromanica\/wp-content\/uploads\/usu857\/2019\/12\/20191219_123303.jpg\" alt=\"\" width=\"489\" height=\"275\" srcset=\"https:\/\/agora.xtec.cat\/ieslaromanica\/wp-content\/uploads\/usu857\/2019\/12\/20191219_123303.jpg 2016w, https:\/\/agora.xtec.cat\/ieslaromanica\/wp-content\/uploads\/usu857\/2019\/12\/20191219_123303-300x169.jpg 300w, https:\/\/agora.xtec.cat\/ieslaromanica\/wp-content\/uploads\/usu857\/2019\/12\/20191219_123303-768x432.jpg 768w, https:\/\/agora.xtec.cat\/ieslaromanica\/wp-content\/uploads\/usu857\/2019\/12\/20191219_123303-1024x576.jpg 1024w\" sizes=\"auto, (max-width: 489px) 100vw, 489px\" \/><\/a><\/p>\n<p>Els premis han quedat molt ben repartits: dos alumnes de l&#8217;ESO i una alumna de Cicle Formatius, tres professores (d&#8217;ESO, Batxillerat i Cicles Formatius), una membre del PAS i la responsable de la Cantina del centre.<\/p>\n<h5>L&#8217;enhorabona!<\/h5>\n<p>Gr\u00e0cies a tothom per la vostra solidaritat.<\/p>\n<p style=\"text-align: center;\"><a href=\"https:\/\/agora.xtec.cat\/ieslaromanica\/wp-content\/uploads\/usu857\/2019\/12\/1568897143015.png\"><img loading=\"lazy\" decoding=\"async\" class=\"alignnone  wp-image-16218\" src=\"https:\/\/agora.xtec.cat\/ieslaromanica\/wp-content\/uploads\/usu857\/2019\/12\/1568897143015.png\" alt=\"\" width=\"505\" height=\"285\" srcset=\"https:\/\/agora.xtec.cat\/ieslaromanica\/wp-content\/uploads\/usu857\/2019\/12\/1568897143015.png 756w, https:\/\/agora.xtec.cat\/ieslaromanica\/wp-content\/uploads\/usu857\/2019\/12\/1568897143015-300x169.png 300w\" sizes=\"auto, (max-width: 505px) 100vw, 505px\" \/><\/a><\/p>\n<p>&nbsp;<\/p>\n","protected":false},"excerpt":{"rendered":"<p><a href=\"https:\/\/agora.xtec.cat\/ieslaromanica\/wp-content\/uploads\/usu857\/2019\/11\/Amb_LaMarato_color-bis.jpg\"><\/a><br \/>\nL&#8217;Institut La Rom\u00e0nica amb La Marat\u00f3:<br \/>\nEnguany, s&#8217;han recaptat 433 euros a la rifa de les paneres de Nadal. Aquesta quantitat se sumar\u00e0 al marcador de La Marat\u00f3 TV3 i anir\u00e0 destinada a la recerca m\u00e8dica de les anomenades &#8220;malalties rares&#8221;.<br \/>\n<a href=\"https:\/\/agora.xtec.cat\/ieslaromanica\/wp-content\/uploads\/usu857\/2019\/12\/20191211_175042-BS.jpg\"><\/a><br \/>\nEls n\u00fameros premiats a&hellip;  <a href=\"https:\/\/agora.xtec.cat\/ieslaromanica\/general\/483-gracies\/\" title=\"Read 433 gr\u00e0cies!\">Llegeix m\u00e9s\u00bb<\/a><\/p>\n","protected":false},"author":3,"featured_media":15869,"comment_status":"open","ping_status":"closed","sticky":false,"template":"","format":"standard","meta":{"_bbp_topic_count":0,"_bbp_reply_count":0,"_bbp_total_topic_count":0,"_bbp_total_reply_count":0,"_bbp_voice_count":0,"_bbp_anonymous_reply_count":0,"_bbp_topic_count_hidden":0,"_bbp_reply_count_hidden":0,"_bbp_forum_subforum_count":0,"footnotes":""},"categories":[1,29],"tags":[240,306,119],"class_list":["post-16200","post","type-post","status-publish","format-standard","has-post-thumbnail","hentry","category-general","category-portada","tag-240","tag-amb-la-marato-de-tv3","tag-la-marato"],"post_mailing_queue_ids":[],"_links":{"self":[{"href":"https:\/\/agora.xtec.cat\/ieslaromanica\/wp-json\/wp\/v2\/posts\/16200","targetHints":{"allow":["GET"]}}],"collection":[{"href":"https:\/\/agora.xtec.cat\/ieslaromanica\/wp-json\/wp\/v2\/posts"}],"about":[{"href":"https:\/\/agora.xtec.cat\/ieslaromanica\/wp-json\/wp\/v2\/types\/post"}],"author":[{"embeddable":true,"href":"https:\/\/agora.xtec.cat\/ieslaromanica\/wp-json\/wp\/v2\/users\/3"}],"replies":[{"embeddable":true,"href":"https:\/\/agora.xtec.cat\/ieslaromanica\/wp-json\/wp\/v2\/comments?post=16200"}],"version-history":[{"count":4,"href":"https:\/\/agora.xtec.cat\/ieslaromanica\/wp-json\/wp\/v2\/posts\/16200\/revisions"}],"predecessor-version":[{"id":16219,"href":"https:\/\/agora.xtec.cat\/ieslaromanica\/wp-json\/wp\/v2\/posts\/16200\/revisions\/16219"}],"wp:featuredmedia":[{"embeddable":true,"href":"https:\/\/agora.xtec.cat\/ieslaromanica\/wp-json\/wp\/v2\/media\/15869"}],"wp:attachment":[{"href":"https:\/\/agora.xtec.cat\/ieslaromanica\/wp-json\/wp\/v2\/media?parent=16200"}],"wp:term":[{"taxonomy":"category","embeddable":true,"href":"https:\/\/agora.xtec.cat\/ieslaromanica\/wp-json\/wp\/v2\/categories?post=16200"},{"taxonomy":"post_tag","embeddable":true,"href":"https:\/\/agora.xtec.cat\/ieslaromanica\/wp-json\/wp\/v2\/tags?post=16200"}],"curies":[{"name":"wp","href":"https:\/\/api.w.org\/{rel}","templated":true}]}}