{"id":16179,"date":"2019-12-18T11:05:48","date_gmt":"2019-12-18T10:05:48","guid":{"rendered":"http:\/\/agora.xtec.cat\/ieslaromanica\/?p=16179"},"modified":"2019-12-26T22:50:11","modified_gmt":"2019-12-26T21:50:11","slug":"linstitut-la-romanica-explica-el-seu-projecte-cultural","status":"publish","type":"post","link":"https:\/\/agora.xtec.cat\/ieslaromanica\/general\/linstitut-la-romanica-explica-el-seu-projecte-cultural\/","title":{"rendered":"L&#8217;Institut La Rom\u00e0nica explica el seu Projecte Cultural"},"content":{"rendered":"<div class=\"gmail_default\" style=\"text-align: justify;\">El passat dilluns 16 de desembre, l&#8217;Adri\u00e1n Ortiz Mera, professor de matem\u00e0tiques i responsable del projecte cultural de l&#8217;Institut\u00a0La Rom\u00e0nica, es va reunir amb la Direcci\u00f3 General de Cultura Popular i Associacionisme\u00a0Cultural (Departament de Cultura de la Generalitat de Catalunya) per explicar el projecte cultural que s&#8217;est\u00e0 duent a terme al centre. Una trobada que va comptar amb la pres\u00e8ncia i participaci\u00f3 de la Sra. Maria \u00c0ngels Blasco i Rovira [Directora General de Cultura Popular i Associacionisme Cultural], la Sra. Cristina Sanchis i Ferrer [Cap del Servei de Promoci\u00f3 i Dinamitzaci\u00f3)] i la Sra. Rosa Canela Balsebre [T\u00e8cnica especialitzada en patrimoni festiu i projectes educatius].<\/div>\n<div class=\"gmail_default\" style=\"text-align: justify;\"><\/div>\n<div class=\"gmail_default\" style=\"text-align: justify;\">Tot plegat per l&#8217;inter\u00e8s que hi ha per analitzar el projecte cultural del nostre centre i estudiar la viabilitat de poder-lo exportar a altres instituts de secund\u00e0ria d&#8217;arreu de Catalunya. Els resultats del primer trimestre de les assignatures de Cultura Popular de l&#8217;Institut La Rom\u00e0nica han complert totes les expectatives i han superat les fites inicialment previstes amb una doble actuaci\u00f3 el passat divendres 13 de desembre [<a href=\"https:\/\/agora.xtec.cat\/ieslaromanica\/general\/adri\/\">enlla\u00e7 a la not\u00edcia<\/a>] on, en paraules de ciutadans i ciutadanes de Barber\u00e0 del Vall\u00e8s que viuen des de fa d\u00e8cades aqu\u00ed, era impensable o impossible que aix\u00f2 estigu\u00e9s passant.<\/div>\n<h5 class=\"gmail_default\" style=\"text-align: justify;\"><\/h5>\n<h5 class=\"gmail_default\" style=\"text-align: justify;\">Tenim molta feina al davant per\u00f2 no oblidem mai que tot esfor\u00e7 valdr\u00e0 la pena en veure els resultats del nostre alumnat.<\/h5>\n<div class=\"gmail_default\" style=\"text-align: justify;\"><a href=\"https:\/\/agora.xtec.cat\/ieslaromanica\/wp-content\/uploads\/usu857\/2019\/12\/IMG_20191216_140718_resized_20191216_021232917.jpg\"><img loading=\"lazy\" decoding=\"async\" class=\"alignnone  wp-image-16181\" src=\"https:\/\/agora.xtec.cat\/ieslaromanica\/wp-content\/uploads\/usu857\/2019\/12\/IMG_20191216_140718_resized_20191216_021232917.jpg\" alt=\"\" width=\"510\" height=\"383\" srcset=\"https:\/\/agora.xtec.cat\/ieslaromanica\/wp-content\/uploads\/usu857\/2019\/12\/IMG_20191216_140718_resized_20191216_021232917.jpg 1642w, https:\/\/agora.xtec.cat\/ieslaromanica\/wp-content\/uploads\/usu857\/2019\/12\/IMG_20191216_140718_resized_20191216_021232917-300x225.jpg 300w, https:\/\/agora.xtec.cat\/ieslaromanica\/wp-content\/uploads\/usu857\/2019\/12\/IMG_20191216_140718_resized_20191216_021232917-768x576.jpg 768w, https:\/\/agora.xtec.cat\/ieslaromanica\/wp-content\/uploads\/usu857\/2019\/12\/IMG_20191216_140718_resized_20191216_021232917-1024x768.jpg 1024w, https:\/\/agora.xtec.cat\/ieslaromanica\/wp-content\/uploads\/usu857\/2019\/12\/IMG_20191216_140718_resized_20191216_021232917-200x150.jpg 200w\" sizes=\"auto, (max-width: 510px) 100vw, 510px\" \/><\/a><\/div>\n<p>&nbsp;<\/p>\n","protected":false},"excerpt":{"rendered":"<p>El passat dilluns 16 de desembre, l&#8217;Adri\u00e1n Ortiz Mera, professor de matem\u00e0tiques i responsable del projecte cultural de l&#8217;Institut\u00a0La Rom\u00e0nica, es va reunir amb la Direcci\u00f3 General de Cultura Popular i Associacionisme\u00a0Cultural (Departament de Cultura de la Generalitat de Catalunya) per explicar el projecte cultural&hellip;  <a href=\"https:\/\/agora.xtec.cat\/ieslaromanica\/general\/linstitut-la-romanica-explica-el-seu-projecte-cultural\/\" title=\"Read L&#8217;Institut La Rom\u00e0nica explica el seu Projecte Cultural\">Llegeix m\u00e9s\u00bb<\/a><\/p>\n","protected":false},"author":3,"featured_media":16181,"comment_status":"open","ping_status":"closed","sticky":false,"template":"","format":"standard","meta":{"_bbp_topic_count":0,"_bbp_reply_count":0,"_bbp_total_topic_count":0,"_bbp_total_reply_count":0,"_bbp_voice_count":0,"_bbp_anonymous_reply_count":0,"_bbp_topic_count_hidden":0,"_bbp_reply_count_hidden":0,"_bbp_forum_subforum_count":0,"footnotes":""},"categories":[1,29],"tags":[240,310],"class_list":["post-16179","post","type-post","status-publish","format-standard","has-post-thumbnail","hentry","category-general","category-portada","tag-240","tag-projecte-cultural"],"post_mailing_queue_ids":[],"_links":{"self":[{"href":"https:\/\/agora.xtec.cat\/ieslaromanica\/wp-json\/wp\/v2\/posts\/16179","targetHints":{"allow":["GET"]}}],"collection":[{"href":"https:\/\/agora.xtec.cat\/ieslaromanica\/wp-json\/wp\/v2\/posts"}],"about":[{"href":"https:\/\/agora.xtec.cat\/ieslaromanica\/wp-json\/wp\/v2\/types\/post"}],"author":[{"embeddable":true,"href":"https:\/\/agora.xtec.cat\/ieslaromanica\/wp-json\/wp\/v2\/users\/3"}],"replies":[{"embeddable":true,"href":"https:\/\/agora.xtec.cat\/ieslaromanica\/wp-json\/wp\/v2\/comments?post=16179"}],"version-history":[{"count":3,"href":"https:\/\/agora.xtec.cat\/ieslaromanica\/wp-json\/wp\/v2\/posts\/16179\/revisions"}],"predecessor-version":[{"id":16326,"href":"https:\/\/agora.xtec.cat\/ieslaromanica\/wp-json\/wp\/v2\/posts\/16179\/revisions\/16326"}],"wp:featuredmedia":[{"embeddable":true,"href":"https:\/\/agora.xtec.cat\/ieslaromanica\/wp-json\/wp\/v2\/media\/16181"}],"wp:attachment":[{"href":"https:\/\/agora.xtec.cat\/ieslaromanica\/wp-json\/wp\/v2\/media?parent=16179"}],"wp:term":[{"taxonomy":"category","embeddable":true,"href":"https:\/\/agora.xtec.cat\/ieslaromanica\/wp-json\/wp\/v2\/categories?post=16179"},{"taxonomy":"post_tag","embeddable":true,"href":"https:\/\/agora.xtec.cat\/ieslaromanica\/wp-json\/wp\/v2\/tags?post=16179"}],"curies":[{"name":"wp","href":"https:\/\/api.w.org\/{rel}","templated":true}]}}