{"id":16140,"date":"2019-12-17T16:04:47","date_gmt":"2019-12-17T15:04:47","guid":{"rendered":"http:\/\/agora.xtec.cat\/ieslaromanica\/?p=16140"},"modified":"2019-12-17T16:04:47","modified_gmt":"2019-12-17T15:04:47","slug":"calma-es-una-emergencia","status":"publish","type":"post","link":"https:\/\/agora.xtec.cat\/ieslaromanica\/general\/calma-es-una-emergencia\/","title":{"rendered":"Calma, \u00e9s una emerg\u00e8ncia"},"content":{"rendered":"<p style=\"text-align: center;\"><a href=\"https:\/\/agora.xtec.cat\/ieslaromanica\/wp-content\/uploads\/usu857\/2019\/12\/20191217_100333.jpg\"><img loading=\"lazy\" decoding=\"async\" class=\"alignnone size-full wp-image-16142\" src=\"https:\/\/agora.xtec.cat\/ieslaromanica\/wp-content\/uploads\/usu857\/2019\/12\/20191217_100333.jpg\" alt=\"\" width=\"2008\" height=\"1046\" srcset=\"https:\/\/agora.xtec.cat\/ieslaromanica\/wp-content\/uploads\/usu857\/2019\/12\/20191217_100333.jpg 2008w, https:\/\/agora.xtec.cat\/ieslaromanica\/wp-content\/uploads\/usu857\/2019\/12\/20191217_100333-300x156.jpg 300w, https:\/\/agora.xtec.cat\/ieslaromanica\/wp-content\/uploads\/usu857\/2019\/12\/20191217_100333-768x400.jpg 768w, https:\/\/agora.xtec.cat\/ieslaromanica\/wp-content\/uploads\/usu857\/2019\/12\/20191217_100333-1024x533.jpg 1024w\" sizes=\"auto, (max-width: 2008px) 100vw, 2008px\" \/><\/a><\/p>\n<p style=\"text-align: justify;\">Dimarts 17 de desembre. Les 10 del mat\u00ed. Sona el timbre i sona diferent. No \u00e9s encara l&#8217;hora del pati. Tothom reconeix que \u00e9s l&#8217;alarma del centre. Comen\u00e7a el simulacre d&#8217;evaquaci\u00f3. Tots i totes sabem qu\u00e8 hem de fer.<\/p>\n<p style=\"text-align: center;\">\u00a0<a href=\"https:\/\/agora.xtec.cat\/ieslaromanica\/wp-content\/uploads\/usu857\/2019\/12\/20191217_100435.jpg\"><img loading=\"lazy\" decoding=\"async\" class=\"alignnone size-full wp-image-16143\" src=\"https:\/\/agora.xtec.cat\/ieslaromanica\/wp-content\/uploads\/usu857\/2019\/12\/20191217_100435.jpg\" alt=\"\" width=\"2016\" height=\"1134\" srcset=\"https:\/\/agora.xtec.cat\/ieslaromanica\/wp-content\/uploads\/usu857\/2019\/12\/20191217_100435.jpg 2016w, https:\/\/agora.xtec.cat\/ieslaromanica\/wp-content\/uploads\/usu857\/2019\/12\/20191217_100435-300x169.jpg 300w, https:\/\/agora.xtec.cat\/ieslaromanica\/wp-content\/uploads\/usu857\/2019\/12\/20191217_100435-768x432.jpg 768w, https:\/\/agora.xtec.cat\/ieslaromanica\/wp-content\/uploads\/usu857\/2019\/12\/20191217_100435-1024x576.jpg 1024w\" sizes=\"auto, (max-width: 2016px) 100vw, 2016px\" \/><\/a><\/p>\n<p>L&#8217;activitat del simulacre d&#8217;avaquaci\u00f3 ha anat molt b\u00e9. Recordem: C<em>alma, \u00e9s una emerg\u00e8ncia<\/em>.<\/p>\n","protected":false},"excerpt":{"rendered":"<p><a href=\"https:\/\/agora.xtec.cat\/ieslaromanica\/wp-content\/uploads\/usu857\/2019\/12\/20191217_100333.jpg\"><\/a><br \/>\nDimarts 17 de desembre. Les 10 del mat\u00ed. Sona el timbre i sona diferent. No \u00e9s encara l&#8217;hora del pati. Tothom reconeix que \u00e9s l&#8217;alarma del centre. Comen\u00e7a el simulacre d&#8217;evaquaci\u00f3. Tots i totes sabem qu\u00e8 hem de fer.<br \/>\n\u00a0<a href=\"https:\/\/agora.xtec.cat\/ieslaromanica\/wp-content\/uploads\/usu857\/2019\/12\/20191217_100435.jpg\"><\/a><br \/>\nL&#8217;activitat del simulacre d&#8217;avaquaci\u00f3 ha&hellip;  <a href=\"https:\/\/agora.xtec.cat\/ieslaromanica\/general\/calma-es-una-emergencia\/\" title=\"Read Calma, \u00e9s una emerg\u00e8ncia\">Llegeix m\u00e9s\u00bb<\/a><\/p>\n","protected":false},"author":3,"featured_media":16142,"comment_status":"open","ping_status":"closed","sticky":false,"template":"","format":"standard","meta":{"_bbp_topic_count":0,"_bbp_reply_count":0,"_bbp_total_topic_count":0,"_bbp_total_reply_count":0,"_bbp_voice_count":0,"_bbp_anonymous_reply_count":0,"_bbp_topic_count_hidden":0,"_bbp_reply_count_hidden":0,"_bbp_forum_subforum_count":0,"footnotes":""},"categories":[1,29],"tags":[240,309],"class_list":["post-16140","post","type-post","status-publish","format-standard","has-post-thumbnail","hentry","category-general","category-portada","tag-240","tag-simulacre"],"post_mailing_queue_ids":[],"_links":{"self":[{"href":"https:\/\/agora.xtec.cat\/ieslaromanica\/wp-json\/wp\/v2\/posts\/16140","targetHints":{"allow":["GET"]}}],"collection":[{"href":"https:\/\/agora.xtec.cat\/ieslaromanica\/wp-json\/wp\/v2\/posts"}],"about":[{"href":"https:\/\/agora.xtec.cat\/ieslaromanica\/wp-json\/wp\/v2\/types\/post"}],"author":[{"embeddable":true,"href":"https:\/\/agora.xtec.cat\/ieslaromanica\/wp-json\/wp\/v2\/users\/3"}],"replies":[{"embeddable":true,"href":"https:\/\/agora.xtec.cat\/ieslaromanica\/wp-json\/wp\/v2\/comments?post=16140"}],"version-history":[{"count":2,"href":"https:\/\/agora.xtec.cat\/ieslaromanica\/wp-json\/wp\/v2\/posts\/16140\/revisions"}],"predecessor-version":[{"id":16144,"href":"https:\/\/agora.xtec.cat\/ieslaromanica\/wp-json\/wp\/v2\/posts\/16140\/revisions\/16144"}],"wp:featuredmedia":[{"embeddable":true,"href":"https:\/\/agora.xtec.cat\/ieslaromanica\/wp-json\/wp\/v2\/media\/16142"}],"wp:attachment":[{"href":"https:\/\/agora.xtec.cat\/ieslaromanica\/wp-json\/wp\/v2\/media?parent=16140"}],"wp:term":[{"taxonomy":"category","embeddable":true,"href":"https:\/\/agora.xtec.cat\/ieslaromanica\/wp-json\/wp\/v2\/categories?post=16140"},{"taxonomy":"post_tag","embeddable":true,"href":"https:\/\/agora.xtec.cat\/ieslaromanica\/wp-json\/wp\/v2\/tags?post=16140"}],"curies":[{"name":"wp","href":"https:\/\/api.w.org\/{rel}","templated":true}]}}