{"id":16063,"date":"2019-12-15T16:23:10","date_gmt":"2019-12-15T15:23:10","guid":{"rendered":"http:\/\/agora.xtec.cat\/ieslaromanica\/?p=16063"},"modified":"2021-02-23T11:07:13","modified_gmt":"2021-02-23T10:07:13","slug":"exposicio-de-les-paneres-de-la-marato","status":"publish","type":"post","link":"https:\/\/agora.xtec.cat\/ieslaromanica\/general\/exposicio-de-les-paneres-de-la-marato\/","title":{"rendered":"Exposici\u00f3 de les paneres de la Marat\u00f3"},"content":{"rendered":"<p>Ja podeu gaudir, al vest\u00edbul d&#8217;entrada, de l&#8217;exposici\u00f3 de les paneres creades amb els productes que tant professors com alumnes hem aportat. Amb la venda de butlletes desitgem contribuir i ajudar a la recerca sobre les malalties minorit\u00e0ries.<\/p>\n<table style=\"width: 628px;\">\n<tbody>\n<tr>\n<td style=\"width: 622px;\"><a href=\"https:\/\/agora.xtec.cat\/ieslaromanica\/wp-content\/uploads\/usu857\/2019\/12\/20191211_175042-BS.jpg\"><img loading=\"lazy\" decoding=\"async\" class=\"alignnone size-full wp-image-16019\" src=\"https:\/\/agora.xtec.cat\/ieslaromanica\/wp-content\/uploads\/usu857\/2019\/12\/20191211_175042-BS.jpg\" alt=\"\" width=\"2126\" height=\"1195\" srcset=\"https:\/\/agora.xtec.cat\/ieslaromanica\/wp-content\/uploads\/usu857\/2019\/12\/20191211_175042-BS.jpg 2126w, https:\/\/agora.xtec.cat\/ieslaromanica\/wp-content\/uploads\/usu857\/2019\/12\/20191211_175042-BS-300x169.jpg 300w, https:\/\/agora.xtec.cat\/ieslaromanica\/wp-content\/uploads\/usu857\/2019\/12\/20191211_175042-BS-768x432.jpg 768w, https:\/\/agora.xtec.cat\/ieslaromanica\/wp-content\/uploads\/usu857\/2019\/12\/20191211_175042-BS-1024x576.jpg 1024w\" sizes=\"auto, (max-width: 2126px) 100vw, 2126px\" \/><\/a><\/td>\n<\/tr>\n<tr>\n<td style=\"width: 622px;\"><a href=\"https:\/\/agora.xtec.cat\/ieslaromanica\/wp-content\/uploads\/usu857\/2019\/12\/20191211_175104-BS.jpg\"><img loading=\"lazy\" decoding=\"async\" class=\"alignnone size-full wp-image-16021\" src=\"https:\/\/agora.xtec.cat\/ieslaromanica\/wp-content\/uploads\/usu857\/2019\/12\/20191211_175104-BS.jpg\" alt=\"\" width=\"1890\" height=\"1063\" srcset=\"https:\/\/agora.xtec.cat\/ieslaromanica\/wp-content\/uploads\/usu857\/2019\/12\/20191211_175104-BS.jpg 1890w, https:\/\/agora.xtec.cat\/ieslaromanica\/wp-content\/uploads\/usu857\/2019\/12\/20191211_175104-BS-300x169.jpg 300w, https:\/\/agora.xtec.cat\/ieslaromanica\/wp-content\/uploads\/usu857\/2019\/12\/20191211_175104-BS-768x432.jpg 768w, https:\/\/agora.xtec.cat\/ieslaromanica\/wp-content\/uploads\/usu857\/2019\/12\/20191211_175104-BS-1024x576.jpg 1024w\" sizes=\"auto, (max-width: 1890px) 100vw, 1890px\" \/><\/a><\/td>\n<\/tr>\n<tr>\n<td style=\"width: 622px;\"><a href=\"https:\/\/agora.xtec.cat\/ieslaromanica\/wp-content\/uploads\/usu857\/2019\/12\/20191211_175054-BS.jpg\"><img loading=\"lazy\" decoding=\"async\" class=\"alignnone size-full wp-image-16020\" src=\"https:\/\/agora.xtec.cat\/ieslaromanica\/wp-content\/uploads\/usu857\/2019\/12\/20191211_175054-BS.jpg\" alt=\"\" width=\"2008\" height=\"1130\" srcset=\"https:\/\/agora.xtec.cat\/ieslaromanica\/wp-content\/uploads\/usu857\/2019\/12\/20191211_175054-BS.jpg 2008w, https:\/\/agora.xtec.cat\/ieslaromanica\/wp-content\/uploads\/usu857\/2019\/12\/20191211_175054-BS-300x169.jpg 300w, https:\/\/agora.xtec.cat\/ieslaromanica\/wp-content\/uploads\/usu857\/2019\/12\/20191211_175054-BS-768x432.jpg 768w, https:\/\/agora.xtec.cat\/ieslaromanica\/wp-content\/uploads\/usu857\/2019\/12\/20191211_175054-BS-1024x576.jpg 1024w\" sizes=\"auto, (max-width: 2008px) 100vw, 2008px\" \/><\/a><\/td>\n<\/tr>\n<\/tbody>\n<\/table>\n<p>&nbsp;<\/p>\n","protected":false},"excerpt":{"rendered":"<p>Ja podeu gaudir, al vest\u00edbul d&#8217;entrada, de l&#8217;exposici\u00f3 de les paneres creades amb els productes que tant professors com alumnes hem aportat. Amb la venda de butlletes desitgem contribuir i ajudar a la recerca sobre les malalties minorit\u00e0ries.<\/p>\n<p><a href=\"https:\/\/agora.xtec.cat\/ieslaromanica\/wp-content\/uploads\/usu857\/2019\/12\/20191211_175042-BS.jpg\"><\/a><\/p>\n<p><a href=\"https:\/\/agora.xtec.cat\/ieslaromanica\/wp-content\/uploads\/usu857\/2019\/12\/20191211_175104-BS.jpg\"><\/a><\/p>\n<p><a href=\"https:\/\/agora.xtec.cat\/ieslaromanica\/wp-content\/uploads\/usu857\/2019\/12\/20191211_175054-BS.jpg\"><\/a><\/p>\n<p>&nbsp;<\/p>\n","protected":false},"author":6,"featured_media":16021,"comment_status":"open","ping_status":"closed","sticky":false,"template":"","format":"standard","meta":{"_bbp_topic_count":0,"_bbp_reply_count":0,"_bbp_total_topic_count":0,"_bbp_total_reply_count":0,"_bbp_voice_count":0,"_bbp_anonymous_reply_count":0,"_bbp_topic_count_hidden":0,"_bbp_reply_count_hidden":0,"_bbp_forum_subforum_count":0,"footnotes":""},"categories":[314,1,29],"tags":[306,252],"class_list":["post-16063","post","type-post","status-publish","format-standard","has-post-thumbnail","hentry","category-activitats-extraescolars","category-general","category-portada","tag-amb-la-marato-de-tv3","tag-exposicions"],"post_mailing_queue_ids":[],"_links":{"self":[{"href":"https:\/\/agora.xtec.cat\/ieslaromanica\/wp-json\/wp\/v2\/posts\/16063","targetHints":{"allow":["GET"]}}],"collection":[{"href":"https:\/\/agora.xtec.cat\/ieslaromanica\/wp-json\/wp\/v2\/posts"}],"about":[{"href":"https:\/\/agora.xtec.cat\/ieslaromanica\/wp-json\/wp\/v2\/types\/post"}],"author":[{"embeddable":true,"href":"https:\/\/agora.xtec.cat\/ieslaromanica\/wp-json\/wp\/v2\/users\/6"}],"replies":[{"embeddable":true,"href":"https:\/\/agora.xtec.cat\/ieslaromanica\/wp-json\/wp\/v2\/comments?post=16063"}],"version-history":[{"count":3,"href":"https:\/\/agora.xtec.cat\/ieslaromanica\/wp-json\/wp\/v2\/posts\/16063\/revisions"}],"predecessor-version":[{"id":16198,"href":"https:\/\/agora.xtec.cat\/ieslaromanica\/wp-json\/wp\/v2\/posts\/16063\/revisions\/16198"}],"wp:featuredmedia":[{"embeddable":true,"href":"https:\/\/agora.xtec.cat\/ieslaromanica\/wp-json\/wp\/v2\/media\/16021"}],"wp:attachment":[{"href":"https:\/\/agora.xtec.cat\/ieslaromanica\/wp-json\/wp\/v2\/media?parent=16063"}],"wp:term":[{"taxonomy":"category","embeddable":true,"href":"https:\/\/agora.xtec.cat\/ieslaromanica\/wp-json\/wp\/v2\/categories?post=16063"},{"taxonomy":"post_tag","embeddable":true,"href":"https:\/\/agora.xtec.cat\/ieslaromanica\/wp-json\/wp\/v2\/tags?post=16063"}],"curies":[{"name":"wp","href":"https:\/\/api.w.org\/{rel}","templated":true}]}}