{"id":15987,"date":"2019-12-03T08:55:16","date_gmt":"2019-12-03T07:55:16","guid":{"rendered":"http:\/\/agora.xtec.cat\/ieslaromanica\/?p=15987"},"modified":"2019-12-03T09:04:20","modified_gmt":"2019-12-03T08:04:20","slug":"taller-descriptura-creativa","status":"publish","type":"post","link":"https:\/\/agora.xtec.cat\/ieslaromanica\/general\/taller-descriptura-creativa\/","title":{"rendered":"Taller d&#8217;escriptura creativa"},"content":{"rendered":"<p>&nbsp;<\/p>\n<p style=\"text-align: center;\"><a href=\"https:\/\/agora.xtec.cat\/ieslaromanica\/wp-content\/uploads\/usu857\/2019\/12\/IMG-1262.jpg\"><img loading=\"lazy\" decoding=\"async\" class=\"alignnone wp-image-15991\" src=\"https:\/\/agora.xtec.cat\/ieslaromanica\/wp-content\/uploads\/usu857\/2019\/12\/IMG-1262.jpg\" alt=\"\" width=\"842\" height=\"549\" srcset=\"https:\/\/agora.xtec.cat\/ieslaromanica\/wp-content\/uploads\/usu857\/2019\/12\/IMG-1262.jpg 3167w, https:\/\/agora.xtec.cat\/ieslaromanica\/wp-content\/uploads\/usu857\/2019\/12\/IMG-1262-300x196.jpg 300w, https:\/\/agora.xtec.cat\/ieslaromanica\/wp-content\/uploads\/usu857\/2019\/12\/IMG-1262-768x501.jpg 768w, https:\/\/agora.xtec.cat\/ieslaromanica\/wp-content\/uploads\/usu857\/2019\/12\/IMG-1262-1024x668.jpg 1024w\" sizes=\"auto, (max-width: 842px) 100vw, 842px\" \/><\/a><\/p>\n<p>Com ja \u00e9s tradici\u00f3 des de fa un grapat de cursos, l&#8217;alumnat de tercer d&#8217;ESO ha tingut l&#8217;oportunitat de con\u00e8ixer, de la m\u00e0 de l&#8217;escriptor i dinamitzador <strong>Joan de Boer<\/strong>, algunes t\u00e8cniques d&#8217;expressi\u00f3\u00a0 escrita en catal\u00e0, per ajudar-los en la seva escriptura creativa.<\/p>\n<p style=\"text-align: center;\"><a href=\"https:\/\/agora.xtec.cat\/ieslaromanica\/wp-content\/uploads\/usu857\/2019\/12\/IMG-1263.jpg\"><img loading=\"lazy\" decoding=\"async\" class=\"alignnone wp-image-15992\" src=\"https:\/\/agora.xtec.cat\/ieslaromanica\/wp-content\/uploads\/usu857\/2019\/12\/IMG-1263.jpg\" alt=\"\" width=\"861\" height=\"513\" srcset=\"https:\/\/agora.xtec.cat\/ieslaromanica\/wp-content\/uploads\/usu857\/2019\/12\/IMG-1263.jpg 3247w, https:\/\/agora.xtec.cat\/ieslaromanica\/wp-content\/uploads\/usu857\/2019\/12\/IMG-1263-300x179.jpg 300w, https:\/\/agora.xtec.cat\/ieslaromanica\/wp-content\/uploads\/usu857\/2019\/12\/IMG-1263-768x458.jpg 768w, https:\/\/agora.xtec.cat\/ieslaromanica\/wp-content\/uploads\/usu857\/2019\/12\/IMG-1263-1024x611.jpg 1024w\" sizes=\"auto, (max-width: 861px) 100vw, 861px\" \/><\/a><\/p>\n<p>Aix\u00ed, quan es preparin per exemple per escriure els seus texts per al <strong>Concurs literari de Sant Jordi<\/strong>, o per al <strong>Castell de Barber\u00e0<\/strong>, l&#8217;alumnat estar\u00e0 molt ben preparat!<\/p>\n<p>&nbsp;<\/p>\n<div class=\"gmail_quote\"><\/div>\n<div><\/div>\n<div style=\"text-align: center;\"><\/div>\n<div style=\"text-align: center;\"><\/div>\n<div class=\"gmail_quote\"><\/div>\n<p>&nbsp;<\/p>\n","protected":false},"excerpt":{"rendered":"<p>&nbsp;<br \/>\n<a href=\"https:\/\/agora.xtec.cat\/ieslaromanica\/wp-content\/uploads\/usu857\/2019\/12\/IMG-1262.jpg\"><\/a><br \/>\nCom ja \u00e9s tradici\u00f3 des de fa un grapat de cursos, l&#8217;alumnat de tercer d&#8217;ESO ha tingut l&#8217;oportunitat de con\u00e8ixer, de la m\u00e0 de l&#8217;escriptor i dinamitzador Joan de Boer, algunes t\u00e8cniques d&#8217;expressi\u00f3\u00a0 escrita en catal\u00e0, per ajudar-los en la seva escriptura creativa.<br \/>\n<a href=\"https:\/\/agora.xtec.cat\/ieslaromanica\/wp-content\/uploads\/usu857\/2019\/12\/IMG-1263.jpg\"><\/a><br \/>\nAix\u00ed,&hellip;  <a href=\"https:\/\/agora.xtec.cat\/ieslaromanica\/general\/taller-descriptura-creativa\/\" title=\"Read Taller d&#8217;escriptura creativa\">Llegeix m\u00e9s\u00bb<\/a><\/p>\n","protected":false},"author":3,"featured_media":15991,"comment_status":"open","ping_status":"closed","sticky":false,"template":"","format":"standard","meta":{"_bbp_topic_count":0,"_bbp_reply_count":0,"_bbp_total_topic_count":0,"_bbp_total_reply_count":0,"_bbp_voice_count":0,"_bbp_anonymous_reply_count":0,"_bbp_topic_count_hidden":0,"_bbp_reply_count_hidden":0,"_bbp_forum_subforum_count":0,"footnotes":""},"categories":[3,1,29],"tags":[240,235,225],"class_list":["post-15987","post","type-post","status-publish","format-standard","has-post-thumbnail","hentry","category-eso","category-general","category-portada","tag-240","tag-departament-de-catala","tag-taller-descriptura-creativa"],"post_mailing_queue_ids":[],"_links":{"self":[{"href":"https:\/\/agora.xtec.cat\/ieslaromanica\/wp-json\/wp\/v2\/posts\/15987","targetHints":{"allow":["GET"]}}],"collection":[{"href":"https:\/\/agora.xtec.cat\/ieslaromanica\/wp-json\/wp\/v2\/posts"}],"about":[{"href":"https:\/\/agora.xtec.cat\/ieslaromanica\/wp-json\/wp\/v2\/types\/post"}],"author":[{"embeddable":true,"href":"https:\/\/agora.xtec.cat\/ieslaromanica\/wp-json\/wp\/v2\/users\/3"}],"replies":[{"embeddable":true,"href":"https:\/\/agora.xtec.cat\/ieslaromanica\/wp-json\/wp\/v2\/comments?post=15987"}],"version-history":[{"count":3,"href":"https:\/\/agora.xtec.cat\/ieslaromanica\/wp-json\/wp\/v2\/posts\/15987\/revisions"}],"predecessor-version":[{"id":15995,"href":"https:\/\/agora.xtec.cat\/ieslaromanica\/wp-json\/wp\/v2\/posts\/15987\/revisions\/15995"}],"wp:featuredmedia":[{"embeddable":true,"href":"https:\/\/agora.xtec.cat\/ieslaromanica\/wp-json\/wp\/v2\/media\/15991"}],"wp:attachment":[{"href":"https:\/\/agora.xtec.cat\/ieslaromanica\/wp-json\/wp\/v2\/media?parent=15987"}],"wp:term":[{"taxonomy":"category","embeddable":true,"href":"https:\/\/agora.xtec.cat\/ieslaromanica\/wp-json\/wp\/v2\/categories?post=15987"},{"taxonomy":"post_tag","embeddable":true,"href":"https:\/\/agora.xtec.cat\/ieslaromanica\/wp-json\/wp\/v2\/tags?post=15987"}],"curies":[{"name":"wp","href":"https:\/\/api.w.org\/{rel}","templated":true}]}}