{"id":15823,"date":"2019-11-21T11:18:51","date_gmt":"2019-11-21T10:18:51","guid":{"rendered":"http:\/\/agora.xtec.cat\/ieslaromanica\/?p=15823"},"modified":"2019-11-21T15:00:06","modified_gmt":"2019-11-21T14:00:06","slug":"carta-dagraiment-de-la-fundacio-glorr","status":"publish","type":"post","link":"https:\/\/agora.xtec.cat\/ieslaromanica\/general\/carta-dagraiment-de-la-fundacio-glorr\/","title":{"rendered":"Carta d&#8217;agraiment de la Fundaci\u00f3 GLORR"},"content":{"rendered":"<p><a href=\"https:\/\/agora.xtec.cat\/ieslaromanica\/wp-content\/uploads\/usu857\/2019\/11\/imatge-GLORR.jpg\"><img loading=\"lazy\" decoding=\"async\" class=\"alignnone size-full wp-image-15825\" src=\"https:\/\/agora.xtec.cat\/ieslaromanica\/wp-content\/uploads\/usu857\/2019\/11\/imatge-GLORR.jpg\" alt=\"\" width=\"698\" height=\"152\" srcset=\"https:\/\/agora.xtec.cat\/ieslaromanica\/wp-content\/uploads\/usu857\/2019\/11\/imatge-GLORR.jpg 698w, https:\/\/agora.xtec.cat\/ieslaromanica\/wp-content\/uploads\/usu857\/2019\/11\/imatge-GLORR-300x65.jpg 300w\" sizes=\"auto, (max-width: 698px) 100vw, 698px\" \/><\/a><\/p>\n<p style=\"text-align: justify;\">La Fundaci\u00f3 GLORR, novament, agraeix la solidaritat i la generositat del professorat i de les fam\u00edlies de l&#8217;Institut La Rom\u00e0nica en la seva campanya de recolida de roba d&#8217;aquesta tardor.<\/p>\n<p style=\"text-align: justify;\"><a href=\"https:\/\/agora.xtec.cat\/ieslaromanica\/wp-content\/uploads\/usu857\/2019\/11\/Carta-dagra\u00efment-tardor-2019-CAT.pdf\">Aqu\u00ed teniu la Carta d&#8217;agraiment.<\/a><\/p>\n","protected":false},"excerpt":{"rendered":"<p><a href=\"https:\/\/agora.xtec.cat\/ieslaromanica\/wp-content\/uploads\/usu857\/2019\/11\/imatge-GLORR.jpg\"><\/a><br \/>\nLa Fundaci\u00f3 GLORR, novament, agraeix la solidaritat i la generositat del professorat i de les fam\u00edlies de l&#8217;Institut La Rom\u00e0nica en la seva campanya de recolida de roba d&#8217;aquesta tardor.<br \/>\n<a href=\"https:\/\/agora.xtec.cat\/ieslaromanica\/wp-content\/uploads\/usu857\/2019\/11\/Carta-dagra\u00efment-tardor-2019-CAT.pdf\">Aqu\u00ed teniu la Carta d&#8217;agraiment.<\/a><\/p>\n","protected":false},"author":3,"featured_media":15825,"comment_status":"open","ping_status":"closed","sticky":false,"template":"","format":"standard","meta":{"_bbp_topic_count":0,"_bbp_reply_count":0,"_bbp_total_topic_count":0,"_bbp_total_reply_count":0,"_bbp_voice_count":0,"_bbp_anonymous_reply_count":0,"_bbp_topic_count_hidden":0,"_bbp_reply_count_hidden":0,"_bbp_forum_subforum_count":0,"footnotes":""},"categories":[1,29],"tags":[240,194],"class_list":["post-15823","post","type-post","status-publish","format-standard","has-post-thumbnail","hentry","category-general","category-portada","tag-240","tag-glorr"],"post_mailing_queue_ids":[],"_links":{"self":[{"href":"https:\/\/agora.xtec.cat\/ieslaromanica\/wp-json\/wp\/v2\/posts\/15823","targetHints":{"allow":["GET"]}}],"collection":[{"href":"https:\/\/agora.xtec.cat\/ieslaromanica\/wp-json\/wp\/v2\/posts"}],"about":[{"href":"https:\/\/agora.xtec.cat\/ieslaromanica\/wp-json\/wp\/v2\/types\/post"}],"author":[{"embeddable":true,"href":"https:\/\/agora.xtec.cat\/ieslaromanica\/wp-json\/wp\/v2\/users\/3"}],"replies":[{"embeddable":true,"href":"https:\/\/agora.xtec.cat\/ieslaromanica\/wp-json\/wp\/v2\/comments?post=15823"}],"version-history":[{"count":2,"href":"https:\/\/agora.xtec.cat\/ieslaromanica\/wp-json\/wp\/v2\/posts\/15823\/revisions"}],"predecessor-version":[{"id":15830,"href":"https:\/\/agora.xtec.cat\/ieslaromanica\/wp-json\/wp\/v2\/posts\/15823\/revisions\/15830"}],"wp:featuredmedia":[{"embeddable":true,"href":"https:\/\/agora.xtec.cat\/ieslaromanica\/wp-json\/wp\/v2\/media\/15825"}],"wp:attachment":[{"href":"https:\/\/agora.xtec.cat\/ieslaromanica\/wp-json\/wp\/v2\/media?parent=15823"}],"wp:term":[{"taxonomy":"category","embeddable":true,"href":"https:\/\/agora.xtec.cat\/ieslaromanica\/wp-json\/wp\/v2\/categories?post=15823"},{"taxonomy":"post_tag","embeddable":true,"href":"https:\/\/agora.xtec.cat\/ieslaromanica\/wp-json\/wp\/v2\/tags?post=15823"}],"curies":[{"name":"wp","href":"https:\/\/api.w.org\/{rel}","templated":true}]}}