{"id":15815,"date":"2019-12-20T12:11:02","date_gmt":"2019-12-20T11:11:02","guid":{"rendered":"http:\/\/agora.xtec.cat\/ieslaromanica\/?p=15815"},"modified":"2021-02-23T11:02:18","modified_gmt":"2021-02-23T10:02:18","slug":"saps-que-es-una-fotofilosofia-2","status":"publish","type":"post","link":"https:\/\/agora.xtec.cat\/ieslaromanica\/general\/saps-que-es-una-fotofilosofia-2\/","title":{"rendered":"Saps qu\u00e8 \u00e9s una fotofilosofia?"},"content":{"rendered":"<p><a href=\"https:\/\/agora.xtec.cat\/ieslaromanica\/wp-content\/uploads\/usu857\/2019\/11\/IMG_20191120_174710-retallada.jpg\"><img loading=\"lazy\" decoding=\"async\" class=\"wp-image-15816 aligncenter\" src=\"https:\/\/agora.xtec.cat\/ieslaromanica\/wp-content\/uploads\/usu857\/2019\/11\/IMG_20191120_174710-retallada.jpg\" alt=\"\" width=\"311\" height=\"395\" srcset=\"https:\/\/agora.xtec.cat\/ieslaromanica\/wp-content\/uploads\/usu857\/2019\/11\/IMG_20191120_174710-retallada.jpg 2319w, https:\/\/agora.xtec.cat\/ieslaromanica\/wp-content\/uploads\/usu857\/2019\/11\/IMG_20191120_174710-retallada-236x300.jpg 236w, https:\/\/agora.xtec.cat\/ieslaromanica\/wp-content\/uploads\/usu857\/2019\/11\/IMG_20191120_174710-retallada-768x975.jpg 768w, https:\/\/agora.xtec.cat\/ieslaromanica\/wp-content\/uploads\/usu857\/2019\/11\/IMG_20191120_174710-retallada-806x1024.jpg 806w\" sizes=\"auto, (max-width: 311px) 100vw, 311px\" \/><\/a><\/p>\n<p>Saps qu\u00e8 \u00e9s una fotofilosofia?<\/p>\n<p style=\"text-align: justify;\">El passat 20 de novembre, el professorat del Departament de Filosofia del nostre centre va acompanyar una mostra de l\u2019alumnat de l\u2019optativa de Filosofia de 4t d\u2019ESO a la Facultat de Filosofia de la Universitat de Barcelona.<br \/>\nL\u2019objecte de la visita era assistir a l\u2019acte de lliurament de premis de l\u2019activitat de fotofilosofia, en qu\u00e8\u00a0\u00a0 enguany ha participat el nostre centre per segon any consecutiu. L\u2019alumnat premiat de La Rom\u00e0nica va rebre un diploma de part de l\u2019organitzaci\u00f3.<br \/>\nL\u2019activitat de la fotofilosofia consisteix a fer una fotografia digital que reflecteixi una pregunta filos\u00f2fica, pr\u00e8viament pensada. Pret\u00e9n apropar la filosofia a l\u2019alumnat, aprofitant les noves tecnologies.<br \/>\nProperament, es penjaran les fotofilosofies guanyadores, corresponents a alumnes de 4t d&#8217;ESO i de\u00a0 batxillerat, en un plaf\u00f3 del vest\u00edbul del centre, perqu\u00e8 tothom pugui gaudir de la gran tasca produ\u00efda.<\/p>\n<h6>Moltes gr\u00e0cies i l\u2019enhorabona a tot l\u2019alumnat participant!!<\/h6>\n","protected":false},"excerpt":{"rendered":"<p><a href=\"https:\/\/agora.xtec.cat\/ieslaromanica\/wp-content\/uploads\/usu857\/2019\/11\/IMG_20191120_174710-retallada.jpg\"><\/a><br \/>\nSaps qu\u00e8 \u00e9s una fotofilosofia?<br \/>\nEl passat 20 de novembre, el professorat del Departament de Filosofia del nostre centre va acompanyar una mostra de l\u2019alumnat de l\u2019optativa de Filosofia de 4t d\u2019ESO a la Facultat de Filosofia de la Universitat de Barcelona.<br \/>\nL\u2019objecte de la visita&hellip;  <a href=\"https:\/\/agora.xtec.cat\/ieslaromanica\/general\/saps-que-es-una-fotofilosofia-2\/\" title=\"Read Saps qu\u00e8 \u00e9s una fotofilosofia?\">Llegeix m\u00e9s\u00bb<\/a><\/p>\n","protected":false},"author":3,"featured_media":15816,"comment_status":"open","ping_status":"closed","sticky":false,"template":"","format":"standard","meta":{"_bbp_topic_count":0,"_bbp_reply_count":0,"_bbp_total_topic_count":0,"_bbp_total_reply_count":0,"_bbp_voice_count":0,"_bbp_anonymous_reply_count":0,"_bbp_topic_count_hidden":0,"_bbp_reply_count_hidden":0,"_bbp_forum_subforum_count":0,"footnotes":""},"categories":[1,29],"tags":[240,230,252,229],"class_list":["post-15815","post","type-post","status-publish","format-standard","has-post-thumbnail","hentry","category-general","category-portada","tag-240","tag-departament-de-filosofia","tag-exposicions","tag-fotofilosofia"],"post_mailing_queue_ids":[],"_links":{"self":[{"href":"https:\/\/agora.xtec.cat\/ieslaromanica\/wp-json\/wp\/v2\/posts\/15815","targetHints":{"allow":["GET"]}}],"collection":[{"href":"https:\/\/agora.xtec.cat\/ieslaromanica\/wp-json\/wp\/v2\/posts"}],"about":[{"href":"https:\/\/agora.xtec.cat\/ieslaromanica\/wp-json\/wp\/v2\/types\/post"}],"author":[{"embeddable":true,"href":"https:\/\/agora.xtec.cat\/ieslaromanica\/wp-json\/wp\/v2\/users\/3"}],"replies":[{"embeddable":true,"href":"https:\/\/agora.xtec.cat\/ieslaromanica\/wp-json\/wp\/v2\/comments?post=15815"}],"version-history":[{"count":2,"href":"https:\/\/agora.xtec.cat\/ieslaromanica\/wp-json\/wp\/v2\/posts\/15815\/revisions"}],"predecessor-version":[{"id":16215,"href":"https:\/\/agora.xtec.cat\/ieslaromanica\/wp-json\/wp\/v2\/posts\/15815\/revisions\/16215"}],"wp:featuredmedia":[{"embeddable":true,"href":"https:\/\/agora.xtec.cat\/ieslaromanica\/wp-json\/wp\/v2\/media\/15816"}],"wp:attachment":[{"href":"https:\/\/agora.xtec.cat\/ieslaromanica\/wp-json\/wp\/v2\/media?parent=15815"}],"wp:term":[{"taxonomy":"category","embeddable":true,"href":"https:\/\/agora.xtec.cat\/ieslaromanica\/wp-json\/wp\/v2\/categories?post=15815"},{"taxonomy":"post_tag","embeddable":true,"href":"https:\/\/agora.xtec.cat\/ieslaromanica\/wp-json\/wp\/v2\/tags?post=15815"}],"curies":[{"name":"wp","href":"https:\/\/api.w.org\/{rel}","templated":true}]}}