{"id":1581,"date":"2017-07-06T19:53:58","date_gmt":"2017-07-06T17:53:58","guid":{"rendered":"http:\/\/agora.xtec.cat\/ieslaromanica\/?p=1581"},"modified":"2017-07-06T20:05:32","modified_gmt":"2017-07-06T18:05:32","slug":"graduacions-2017-de-2n-de-batxillerat","status":"publish","type":"post","link":"https:\/\/agora.xtec.cat\/ieslaromanica\/general\/graduacions-2017-de-2n-de-batxillerat\/","title":{"rendered":"GRADUACIONS 2017 de 2n de BATXILLERAT"},"content":{"rendered":"<p style=\"text-align: justify;\">El dia 28 de juny van tenir lloc,\u00a0al Teatre Municipal Cooperativa, els actes oficials de comiat de l\u2019alumnat de 2n de Batxillerat, acompanyats de professorat i familiars.<\/p>\n<p style=\"text-align: justify;\">Pep M\u00f2dol, director de l&#8217;institut, va iniciar l&#8217;acte amb un emotiu parlament, fruit de les seves pr\u00f2pies viv\u00e8ncies i lectures de joventud. Gr\u00e0cies, Pep:<\/p>\n<p style=\"text-align: center;\"><a href=\"http:\/\/agora.xtec.cat\/ieslaromanica\/wp-content\/uploads\/usu857\/2017\/07\/DSC_0033.jpg\"><img loading=\"lazy\" decoding=\"async\" class=\"alignnone size-full wp-image-1699\" src=\"http:\/\/agora.xtec.cat\/ieslaromanica\/wp-content\/uploads\/usu857\/2017\/07\/DSC_0033.jpg\" alt=\"DSC_0033\" width=\"1211\" height=\"975\" srcset=\"https:\/\/agora.xtec.cat\/ieslaromanica\/wp-content\/uploads\/usu857\/2017\/07\/DSC_0033.jpg 1211w, https:\/\/agora.xtec.cat\/ieslaromanica\/wp-content\/uploads\/usu857\/2017\/07\/DSC_0033-300x242.jpg 300w, https:\/\/agora.xtec.cat\/ieslaromanica\/wp-content\/uploads\/usu857\/2017\/07\/DSC_0033-768x618.jpg 768w, https:\/\/agora.xtec.cat\/ieslaromanica\/wp-content\/uploads\/usu857\/2017\/07\/DSC_0033-1024x824.jpg 1024w\" sizes=\"auto, (max-width: 1211px) 100vw, 1211px\" \/><\/a><\/p>\n<p style=\"text-align: justify;\">Igual que el curs passat, es va fer el lliurament dels diplomes a tot l&#8217;alumnat que ha participat durant aquest curs en el Projecte Lecxit. Es tracta d&#8217;un programa de voluntariat amb l&#8217;objectiu de promoure l&#8217;\u00e8xit educatiu a trav\u00e9s de la lectura, en el qual l&#8217;alumnat de segon de batxillerat ha ajudat a l&#8217;alumnat de cicle mitj\u00e0 de prim\u00e0ria de les nostres escoles a millorar la lectura:<\/p>\n<p><a href=\"http:\/\/agora.xtec.cat\/ieslaromanica\/wp-content\/uploads\/usu857\/2017\/07\/DSC_0047.jpg\"><img loading=\"lazy\" decoding=\"async\" class=\"alignnone size-full wp-image-1700\" src=\"http:\/\/agora.xtec.cat\/ieslaromanica\/wp-content\/uploads\/usu857\/2017\/07\/DSC_0047.jpg\" alt=\"DSC_0047\" width=\"1797\" height=\"757\" srcset=\"https:\/\/agora.xtec.cat\/ieslaromanica\/wp-content\/uploads\/usu857\/2017\/07\/DSC_0047.jpg 1797w, https:\/\/agora.xtec.cat\/ieslaromanica\/wp-content\/uploads\/usu857\/2017\/07\/DSC_0047-300x126.jpg 300w, https:\/\/agora.xtec.cat\/ieslaromanica\/wp-content\/uploads\/usu857\/2017\/07\/DSC_0047-768x324.jpg 768w, https:\/\/agora.xtec.cat\/ieslaromanica\/wp-content\/uploads\/usu857\/2017\/07\/DSC_0047-1024x431.jpg 1024w\" sizes=\"auto, (max-width: 1797px) 100vw, 1797px\" \/><\/a><\/p>\n<p style=\"text-align: justify;\">A continuaci\u00f3, es va fer l&#8217;entrega de les orles, de la m\u00e0 de la coordinadora de Batxillerat i dels respectius tutors i tutores de cada grup. Elegants i amb uns tocs de nerviosisme enfilaren, un a un, les escales per fer-se la darrera foto de grup. Aqu\u00ed en teniu unes mostres:<\/p>\n<p style=\"text-align: center;\"><a href=\"http:\/\/agora.xtec.cat\/ieslaromanica\/wp-content\/uploads\/usu857\/2017\/07\/DSC_0059.jpg\"><img loading=\"lazy\" decoding=\"async\" class=\"alignnone size-full wp-image-1701\" src=\"http:\/\/agora.xtec.cat\/ieslaromanica\/wp-content\/uploads\/usu857\/2017\/07\/DSC_0059.jpg\" alt=\"DSC_0059\" width=\"1273\" height=\"465\" srcset=\"https:\/\/agora.xtec.cat\/ieslaromanica\/wp-content\/uploads\/usu857\/2017\/07\/DSC_0059.jpg 1273w, https:\/\/agora.xtec.cat\/ieslaromanica\/wp-content\/uploads\/usu857\/2017\/07\/DSC_0059-300x110.jpg 300w, https:\/\/agora.xtec.cat\/ieslaromanica\/wp-content\/uploads\/usu857\/2017\/07\/DSC_0059-768x281.jpg 768w, https:\/\/agora.xtec.cat\/ieslaromanica\/wp-content\/uploads\/usu857\/2017\/07\/DSC_0059-1024x374.jpg 1024w\" sizes=\"auto, (max-width: 1273px) 100vw, 1273px\" \/><\/a><\/p>\n<p style=\"text-align: center;\"><a href=\"http:\/\/agora.xtec.cat\/ieslaromanica\/wp-content\/uploads\/usu857\/2017\/07\/DSC_0068.jpg\"><img loading=\"lazy\" decoding=\"async\" class=\"alignnone size-full wp-image-1702\" src=\"http:\/\/agora.xtec.cat\/ieslaromanica\/wp-content\/uploads\/usu857\/2017\/07\/DSC_0068.jpg\" alt=\"DSC_0068\" width=\"1628\" height=\"697\" srcset=\"https:\/\/agora.xtec.cat\/ieslaromanica\/wp-content\/uploads\/usu857\/2017\/07\/DSC_0068.jpg 1628w, https:\/\/agora.xtec.cat\/ieslaromanica\/wp-content\/uploads\/usu857\/2017\/07\/DSC_0068-300x128.jpg 300w, https:\/\/agora.xtec.cat\/ieslaromanica\/wp-content\/uploads\/usu857\/2017\/07\/DSC_0068-768x329.jpg 768w, https:\/\/agora.xtec.cat\/ieslaromanica\/wp-content\/uploads\/usu857\/2017\/07\/DSC_0068-1024x438.jpg 1024w\" sizes=\"auto, (max-width: 1628px) 100vw, 1628px\" \/><\/a><\/p>\n<p style=\"text-align: center;\"><a href=\"http:\/\/agora.xtec.cat\/ieslaromanica\/wp-content\/uploads\/usu857\/2017\/07\/DSC_0091.jpg\"><img loading=\"lazy\" decoding=\"async\" class=\"alignnone size-full wp-image-1703\" src=\"http:\/\/agora.xtec.cat\/ieslaromanica\/wp-content\/uploads\/usu857\/2017\/07\/DSC_0091.jpg\" alt=\"DSC_0091\" width=\"1937\" height=\"808\" srcset=\"https:\/\/agora.xtec.cat\/ieslaromanica\/wp-content\/uploads\/usu857\/2017\/07\/DSC_0091.jpg 1937w, https:\/\/agora.xtec.cat\/ieslaromanica\/wp-content\/uploads\/usu857\/2017\/07\/DSC_0091-300x125.jpg 300w, https:\/\/agora.xtec.cat\/ieslaromanica\/wp-content\/uploads\/usu857\/2017\/07\/DSC_0091-768x320.jpg 768w, https:\/\/agora.xtec.cat\/ieslaromanica\/wp-content\/uploads\/usu857\/2017\/07\/DSC_0091-1024x427.jpg 1024w\" sizes=\"auto, (max-width: 1937px) 100vw, 1937px\" \/><\/a><\/p>\n<p style=\"text-align: justify;\">A continuaci\u00f3, una alumna va voler adre\u00e7ar unes paraules al p\u00fablic, mostrant, amb sentit cr\u00edtic, quina havia estat la seva experi\u00e8ncia al centre:<\/p>\n<p style=\"text-align: center;\"><a href=\"http:\/\/agora.xtec.cat\/ieslaromanica\/wp-content\/uploads\/usu857\/2017\/07\/DSC_0102.jpg\"><img loading=\"lazy\" decoding=\"async\" class=\"alignnone size-full wp-image-1704\" src=\"http:\/\/agora.xtec.cat\/ieslaromanica\/wp-content\/uploads\/usu857\/2017\/07\/DSC_0102.jpg\" alt=\"DSC_0102\" width=\"1378\" height=\"1251\" srcset=\"https:\/\/agora.xtec.cat\/ieslaromanica\/wp-content\/uploads\/usu857\/2017\/07\/DSC_0102.jpg 1378w, https:\/\/agora.xtec.cat\/ieslaromanica\/wp-content\/uploads\/usu857\/2017\/07\/DSC_0102-300x272.jpg 300w, https:\/\/agora.xtec.cat\/ieslaromanica\/wp-content\/uploads\/usu857\/2017\/07\/DSC_0102-768x697.jpg 768w, https:\/\/agora.xtec.cat\/ieslaromanica\/wp-content\/uploads\/usu857\/2017\/07\/DSC_0102-1024x930.jpg 1024w\" sizes=\"auto, (max-width: 1378px) 100vw, 1378px\" \/><\/a><\/p>\n<p style=\"text-align: justify;\">Un dels moments m\u00e9s emotius va ser el de l&#8217;entrega del Premi a l\u2019Excel\u00b7l\u00e8ncia Carles Garcia a la persona amb els millors resultats de 2n de Batxillerat de l\u2019Institut La Rom\u00e0nica: l&#8217;Anna Nogales Garcia. L&#8217;enhorabona!:<\/p>\n<p style=\"text-align: center;\"><a href=\"http:\/\/agora.xtec.cat\/ieslaromanica\/wp-content\/uploads\/usu857\/2017\/07\/DSC_0128.jpg\"><img loading=\"lazy\" decoding=\"async\" class=\"alignnone size-full wp-image-1705\" src=\"http:\/\/agora.xtec.cat\/ieslaromanica\/wp-content\/uploads\/usu857\/2017\/07\/DSC_0128.jpg\" alt=\"DSC_0128\" width=\"1805\" height=\"1200\" srcset=\"https:\/\/agora.xtec.cat\/ieslaromanica\/wp-content\/uploads\/usu857\/2017\/07\/DSC_0128.jpg 1805w, https:\/\/agora.xtec.cat\/ieslaromanica\/wp-content\/uploads\/usu857\/2017\/07\/DSC_0128-300x199.jpg 300w, https:\/\/agora.xtec.cat\/ieslaromanica\/wp-content\/uploads\/usu857\/2017\/07\/DSC_0128-768x511.jpg 768w, https:\/\/agora.xtec.cat\/ieslaromanica\/wp-content\/uploads\/usu857\/2017\/07\/DSC_0128-1024x681.jpg 1024w\" sizes=\"auto, (max-width: 1805px) 100vw, 1805px\" \/><\/a><\/p>\n<p style=\"text-align: justify;\">I, per concloure, una mica de bona m\u00fasica i un pica-pica al soterrani del TMC que el Manel i la Montse del Bar de l&#8217;Institut ja havien ja preparat, mentre els flaixos dels m\u00f2bils anaven saltant aqu\u00ed i all\u00e0 en fer-se les darreres fotos, moltes ja de comiat:<\/p>\n<p style=\"text-align: center;\"><a href=\"http:\/\/agora.xtec.cat\/ieslaromanica\/wp-content\/uploads\/usu857\/2017\/07\/DSC_0134.jpg\"><img loading=\"lazy\" decoding=\"async\" class=\"alignnone size-full wp-image-1706\" src=\"http:\/\/agora.xtec.cat\/ieslaromanica\/wp-content\/uploads\/usu857\/2017\/07\/DSC_0134.jpg\" alt=\"DSC_0134\" width=\"1653\" height=\"992\" srcset=\"https:\/\/agora.xtec.cat\/ieslaromanica\/wp-content\/uploads\/usu857\/2017\/07\/DSC_0134.jpg 1653w, https:\/\/agora.xtec.cat\/ieslaromanica\/wp-content\/uploads\/usu857\/2017\/07\/DSC_0134-300x180.jpg 300w, https:\/\/agora.xtec.cat\/ieslaromanica\/wp-content\/uploads\/usu857\/2017\/07\/DSC_0134-768x461.jpg 768w, https:\/\/agora.xtec.cat\/ieslaromanica\/wp-content\/uploads\/usu857\/2017\/07\/DSC_0134-1024x615.jpg 1024w\" sizes=\"auto, (max-width: 1653px) 100vw, 1653px\" \/><\/a><\/p>\n<p style=\"text-align: center;\"><a href=\"http:\/\/agora.xtec.cat\/ieslaromanica\/wp-content\/uploads\/usu857\/2017\/07\/DSC_0150.jpg\"><img loading=\"lazy\" decoding=\"async\" class=\"alignnone size-full wp-image-1707\" src=\"http:\/\/agora.xtec.cat\/ieslaromanica\/wp-content\/uploads\/usu857\/2017\/07\/DSC_0150.jpg\" alt=\"DSC_0150\" width=\"1393\" height=\"1061\" srcset=\"https:\/\/agora.xtec.cat\/ieslaromanica\/wp-content\/uploads\/usu857\/2017\/07\/DSC_0150.jpg 1393w, https:\/\/agora.xtec.cat\/ieslaromanica\/wp-content\/uploads\/usu857\/2017\/07\/DSC_0150-300x228.jpg 300w, https:\/\/agora.xtec.cat\/ieslaromanica\/wp-content\/uploads\/usu857\/2017\/07\/DSC_0150-768x585.jpg 768w, https:\/\/agora.xtec.cat\/ieslaromanica\/wp-content\/uploads\/usu857\/2017\/07\/DSC_0150-1024x780.jpg 1024w\" sizes=\"auto, (max-width: 1393px) 100vw, 1393px\" \/><\/a><\/p>\n<p>Han estat molts els anys els que l&#8217;alumnat que ara acaba l&#8217;etapa de Batxillerat han passat a l\u2019Institut La Rom\u00e0nica. Molts vau arribar amb 11 o 12 anys i, literalment, us hem vist cr\u00e9ixer. Ara, tota la comunitat educativa volem desitjar-vos molta sort ens els nous camins que aviat emprendreu.<\/p>\n<p>Fins sempre!<\/p>\n","protected":false},"excerpt":{"rendered":"<p>El dia 28 de juny van tenir lloc,\u00a0al Teatre Municipal Cooperativa, els actes oficials de comiat de l\u2019alumnat de 2n de Batxillerat, acompanyats de professorat i familiars.<br \/>\nPep M\u00f2dol, director de l&#8217;institut, va iniciar l&#8217;acte amb un emotiu parlament, fruit de les seves pr\u00f2pies viv\u00e8ncies i&hellip;  <a href=\"https:\/\/agora.xtec.cat\/ieslaromanica\/general\/graduacions-2017-de-2n-de-batxillerat\/\" title=\"Read GRADUACIONS 2017 de 2n de BATXILLERAT\">Llegeix m\u00e9s\u00bb<\/a><\/p>\n","protected":false},"author":3,"featured_media":1699,"comment_status":"open","ping_status":"closed","sticky":false,"template":"","format":"standard","meta":{"_bbp_topic_count":0,"_bbp_reply_count":0,"_bbp_total_topic_count":0,"_bbp_total_reply_count":0,"_bbp_voice_count":0,"_bbp_anonymous_reply_count":0,"_bbp_topic_count_hidden":0,"_bbp_reply_count_hidden":0,"_bbp_forum_subforum_count":0,"footnotes":""},"categories":[73,8,1,29],"tags":[165],"class_list":["post-1581","post","type-post","status-publish","format-standard","has-post-thumbnail","hentry","category-2-batx","category-batxillerat","category-general","category-portada","tag-graduacio-de-2n-de-batxillerat"],"post_mailing_queue_ids":[],"_links":{"self":[{"href":"https:\/\/agora.xtec.cat\/ieslaromanica\/wp-json\/wp\/v2\/posts\/1581","targetHints":{"allow":["GET"]}}],"collection":[{"href":"https:\/\/agora.xtec.cat\/ieslaromanica\/wp-json\/wp\/v2\/posts"}],"about":[{"href":"https:\/\/agora.xtec.cat\/ieslaromanica\/wp-json\/wp\/v2\/types\/post"}],"author":[{"embeddable":true,"href":"https:\/\/agora.xtec.cat\/ieslaromanica\/wp-json\/wp\/v2\/users\/3"}],"replies":[{"embeddable":true,"href":"https:\/\/agora.xtec.cat\/ieslaromanica\/wp-json\/wp\/v2\/comments?post=1581"}],"version-history":[{"count":3,"href":"https:\/\/agora.xtec.cat\/ieslaromanica\/wp-json\/wp\/v2\/posts\/1581\/revisions"}],"predecessor-version":[{"id":1755,"href":"https:\/\/agora.xtec.cat\/ieslaromanica\/wp-json\/wp\/v2\/posts\/1581\/revisions\/1755"}],"wp:featuredmedia":[{"embeddable":true,"href":"https:\/\/agora.xtec.cat\/ieslaromanica\/wp-json\/wp\/v2\/media\/1699"}],"wp:attachment":[{"href":"https:\/\/agora.xtec.cat\/ieslaromanica\/wp-json\/wp\/v2\/media?parent=1581"}],"wp:term":[{"taxonomy":"category","embeddable":true,"href":"https:\/\/agora.xtec.cat\/ieslaromanica\/wp-json\/wp\/v2\/categories?post=1581"},{"taxonomy":"post_tag","embeddable":true,"href":"https:\/\/agora.xtec.cat\/ieslaromanica\/wp-json\/wp\/v2\/tags?post=1581"}],"curies":[{"name":"wp","href":"https:\/\/api.w.org\/{rel}","templated":true}]}}