{"id":1579,"date":"2017-06-28T09:53:29","date_gmt":"2017-06-28T07:53:29","guid":{"rendered":"http:\/\/agora.xtec.cat\/ieslaromanica\/?p=1579"},"modified":"2017-06-28T09:54:03","modified_gmt":"2017-06-28T07:54:03","slug":"premis-minerva-2017","status":"publish","type":"post","link":"https:\/\/agora.xtec.cat\/ieslaromanica\/general\/premis-minerva-2017\/","title":{"rendered":"Premis MINERVA 2017"},"content":{"rendered":"<p style=\"text-align: center;\"><a href=\"http:\/\/agora.xtec.cat\/ieslaromanica\/wp-content\/uploads\/usu857\/2017\/06\/Minerva-2017.jpg\"><img loading=\"lazy\" decoding=\"async\" class=\"alignnone size-full wp-image-1421\" src=\"http:\/\/agora.xtec.cat\/ieslaromanica\/wp-content\/uploads\/usu857\/2017\/06\/Minerva-2017.jpg\" alt=\"Minerva 2017\" width=\"1600\" height=\"1200\" srcset=\"https:\/\/agora.xtec.cat\/ieslaromanica\/wp-content\/uploads\/usu857\/2017\/06\/Minerva-2017.jpg 1600w, https:\/\/agora.xtec.cat\/ieslaromanica\/wp-content\/uploads\/usu857\/2017\/06\/Minerva-2017-300x225.jpg 300w, https:\/\/agora.xtec.cat\/ieslaromanica\/wp-content\/uploads\/usu857\/2017\/06\/Minerva-2017-768x576.jpg 768w, https:\/\/agora.xtec.cat\/ieslaromanica\/wp-content\/uploads\/usu857\/2017\/06\/Minerva-2017-1024x768.jpg 1024w, https:\/\/agora.xtec.cat\/ieslaromanica\/wp-content\/uploads\/usu857\/2017\/06\/Minerva-2017-200x150.jpg 200w\" sizes=\"auto, (max-width: 1600px) 100vw, 1600px\" \/><\/a><\/p>\n<p style=\"text-align: justify;\">Enguany, hem celebrat ja el 15\u00e8 Certamen MINERVA de treballs de recerca d&#8217;alumnat de Batxillerat de Barber\u00e0 del Vall\u00e8s i Badia del Vall\u00e8s.<\/p>\n<p style=\"text-align: justify;\">El dia 30 de maig l&#8217;alumnat de Batxillerat dels dos municipis es va vestir de gala per rebre aquest reconeixement a l&#8217;esfor\u00e7 i a la feina ben feta, a l&#8217;Auditori de Badia del Vall\u00e8s.<\/p>\n<p style=\"text-align: justify;\">Els dos treballs de recerca premiats de l&#8217;Institut La Rom\u00e0nica han estat:<\/p>\n<ul>\n<li style=\"text-align: justify;\">&#8220;L&#8217;Efecte Pigmali\u00f3: realitat o ficci\u00f3?&#8221;, de Marina Gea Gonz\u00e1lez i Al\u00edcia Pou Calder\u00f3n. Aquest interessant treball d&#8217;investigaci\u00f3, tutoritzat per Josep Colom, intenta esbrinar qu\u00e8 hi ha de veritat en la tend\u00e8ncia a confirmar amb la pr\u00f2pia conducta les expectatives que tenen els altres sobre un mateix.<\/li>\n<li style=\"text-align: justify;\">&#8220;Sense gluten, gr\u00e0cies&#8221;, d&#8217;Anna Nogales Garc\u00eda i Andrea Y\u00e9benes Toscano, tutoritzat per Maria Copov\u00ed, \u00e9s un treball de car\u00e0cter reivindicatiu per conscienciar tothom dels inconvenients que implica la intoler\u00e0ncia al gluten i dels pocs ajuts que reben les persones que la pateixen.<\/li>\n<\/ul>\n<p>Noies, felicitats per la feina ben feta!<\/p>\n","protected":false},"excerpt":{"rendered":"<p><a href=\"http:\/\/agora.xtec.cat\/ieslaromanica\/wp-content\/uploads\/usu857\/2017\/06\/Minerva-2017.jpg\"><\/a><br \/>\nEnguany, hem celebrat ja el 15\u00e8 Certamen MINERVA de treballs de recerca d&#8217;alumnat de Batxillerat de Barber\u00e0 del Vall\u00e8s i Badia del Vall\u00e8s.<br \/>\nEl dia 30 de maig l&#8217;alumnat de Batxillerat dels dos municipis es va vestir de gala per rebre aquest reconeixement a l&#8217;esfor\u00e7&hellip;  <a href=\"https:\/\/agora.xtec.cat\/ieslaromanica\/general\/premis-minerva-2017\/\" title=\"Read Premis MINERVA 2017\">Llegeix m\u00e9s\u00bb<\/a><\/p>\n","protected":false},"author":3,"featured_media":1421,"comment_status":"open","ping_status":"closed","sticky":false,"template":"","format":"standard","meta":{"_bbp_topic_count":0,"_bbp_reply_count":0,"_bbp_total_topic_count":0,"_bbp_total_reply_count":0,"_bbp_voice_count":0,"_bbp_anonymous_reply_count":0,"_bbp_topic_count_hidden":0,"_bbp_reply_count_hidden":0,"_bbp_forum_subforum_count":0,"footnotes":""},"categories":[73,8,1,29],"tags":[161],"class_list":["post-1579","post","type-post","status-publish","format-standard","has-post-thumbnail","hentry","category-2-batx","category-batxillerat","category-general","category-portada","tag-premis-minerva"],"post_mailing_queue_ids":[],"_links":{"self":[{"href":"https:\/\/agora.xtec.cat\/ieslaromanica\/wp-json\/wp\/v2\/posts\/1579","targetHints":{"allow":["GET"]}}],"collection":[{"href":"https:\/\/agora.xtec.cat\/ieslaromanica\/wp-json\/wp\/v2\/posts"}],"about":[{"href":"https:\/\/agora.xtec.cat\/ieslaromanica\/wp-json\/wp\/v2\/types\/post"}],"author":[{"embeddable":true,"href":"https:\/\/agora.xtec.cat\/ieslaromanica\/wp-json\/wp\/v2\/users\/3"}],"replies":[{"embeddable":true,"href":"https:\/\/agora.xtec.cat\/ieslaromanica\/wp-json\/wp\/v2\/comments?post=1579"}],"version-history":[{"count":3,"href":"https:\/\/agora.xtec.cat\/ieslaromanica\/wp-json\/wp\/v2\/posts\/1579\/revisions"}],"predecessor-version":[{"id":1645,"href":"https:\/\/agora.xtec.cat\/ieslaromanica\/wp-json\/wp\/v2\/posts\/1579\/revisions\/1645"}],"wp:featuredmedia":[{"embeddable":true,"href":"https:\/\/agora.xtec.cat\/ieslaromanica\/wp-json\/wp\/v2\/media\/1421"}],"wp:attachment":[{"href":"https:\/\/agora.xtec.cat\/ieslaromanica\/wp-json\/wp\/v2\/media?parent=1579"}],"wp:term":[{"taxonomy":"category","embeddable":true,"href":"https:\/\/agora.xtec.cat\/ieslaromanica\/wp-json\/wp\/v2\/categories?post=1579"},{"taxonomy":"post_tag","embeddable":true,"href":"https:\/\/agora.xtec.cat\/ieslaromanica\/wp-json\/wp\/v2\/tags?post=1579"}],"curies":[{"name":"wp","href":"https:\/\/api.w.org\/{rel}","templated":true}]}}