{"id":15787,"date":"2019-11-27T11:43:25","date_gmt":"2019-11-27T10:43:25","guid":{"rendered":"http:\/\/agora.xtec.cat\/ieslaromanica\/?p=15787"},"modified":"2021-02-23T11:10:12","modified_gmt":"2021-02-23T10:10:12","slug":"en-fem-40","status":"publish","type":"post","link":"https:\/\/agora.xtec.cat\/ieslaromanica\/general\/en-fem-40\/","title":{"rendered":"En Fem 40"},"content":{"rendered":"<h4><a href=\"https:\/\/agora.xtec.cat\/ieslaromanica\/wp-content\/uploads\/usu857\/2019\/11\/en-fem-40-LOGO-2mg.jpg\"><img loading=\"lazy\" decoding=\"async\" class=\"wp-image-15784 aligncenter\" src=\"https:\/\/agora.xtec.cat\/ieslaromanica\/wp-content\/uploads\/usu857\/2019\/11\/en-fem-40-LOGO-2mg.jpg\" alt=\"\" width=\"385\" height=\"385\" srcset=\"https:\/\/agora.xtec.cat\/ieslaromanica\/wp-content\/uploads\/usu857\/2019\/11\/en-fem-40-LOGO-2mg.jpg 2598w, https:\/\/agora.xtec.cat\/ieslaromanica\/wp-content\/uploads\/usu857\/2019\/11\/en-fem-40-LOGO-2mg-150x150.jpg 150w, https:\/\/agora.xtec.cat\/ieslaromanica\/wp-content\/uploads\/usu857\/2019\/11\/en-fem-40-LOGO-2mg-300x300.jpg 300w, https:\/\/agora.xtec.cat\/ieslaromanica\/wp-content\/uploads\/usu857\/2019\/11\/en-fem-40-LOGO-2mg-768x768.jpg 768w, https:\/\/agora.xtec.cat\/ieslaromanica\/wp-content\/uploads\/usu857\/2019\/11\/en-fem-40-LOGO-2mg-1024x1024.jpg 1024w\" sizes=\"auto, (max-width: 385px) 100vw, 385px\" \/><\/a><\/h4>\n<p style=\"text-align: center;\">A l&#8217;Institut La Rom\u00e0nica EN FEM 40!<\/p>\n<p style=\"text-align: justify;\">\u00c9s per nosaltres motiu d&#8217;alegria poder anunciar a tota la comunitat educativa que aquest curs el nostre institut fa 40 anys i ho anem a celebrar.<\/p>\n<p style=\"text-align: justify;\">I hem inaugurat la celebraci\u00f3 del 40\u00e8 aniversari amb una activitat col\u00b7lectiva: la creaci\u00f3 d&#8217;un mural on mostrem qu\u00e8 han estat aquests primers 40 anys, a trav\u00e9s d&#8217;imatges memorables on apareix el nostre alumnat i professorat, algunes activitats i sortides, tot intercalant-les amb l&#8217;esl\u00f2gan &#8220;EN FEM 40&#8221;. Aqu\u00ed el teniu:<\/p>\n<p style=\"text-align: center;\"><a href=\"https:\/\/agora.xtec.cat\/ieslaromanica\/wp-content\/uploads\/usu857\/2019\/11\/mural-complert-2-2mg.jpg\"><img loading=\"lazy\" decoding=\"async\" class=\"alignnone wp-image-15785\" src=\"https:\/\/agora.xtec.cat\/ieslaromanica\/wp-content\/uploads\/usu857\/2019\/11\/mural-complert-2-2mg.jpg\" alt=\"\" width=\"397\" height=\"224\" srcset=\"https:\/\/agora.xtec.cat\/ieslaromanica\/wp-content\/uploads\/usu857\/2019\/11\/mural-complert-2-2mg.jpg 2126w, https:\/\/agora.xtec.cat\/ieslaromanica\/wp-content\/uploads\/usu857\/2019\/11\/mural-complert-2-2mg-300x169.jpg 300w, https:\/\/agora.xtec.cat\/ieslaromanica\/wp-content\/uploads\/usu857\/2019\/11\/mural-complert-2-2mg-768x432.jpg 768w, https:\/\/agora.xtec.cat\/ieslaromanica\/wp-content\/uploads\/usu857\/2019\/11\/mural-complert-2-2mg-1024x576.jpg 1024w\" sizes=\"auto, (max-width: 397px) 100vw, 397px\" \/><\/a><\/p>\n<p style=\"text-align: left;\">Han participat en la creaci\u00f3 de l&#8217;esl\u00f2gan del 40\u00e8 aniversari l&#8217;alumnat de 1r d&#8217;ESO amb els n\u00fameros 40 petits i 4t d&#8217;ESO amb els quadrats grans.<\/p>\n<p>&nbsp;<\/p>\n<p style=\"text-align: justify;\">\n","protected":false},"excerpt":{"rendered":"<p><a href=\"https:\/\/agora.xtec.cat\/ieslaromanica\/wp-content\/uploads\/usu857\/2019\/11\/en-fem-40-LOGO-2mg.jpg\"><\/a><br \/>\nA l&#8217;Institut La Rom\u00e0nica EN FEM 40!<br \/>\n\u00c9s per nosaltres motiu d&#8217;alegria poder anunciar a tota la comunitat educativa que aquest curs el nostre institut fa 40 anys i ho anem a celebrar.<br \/>\nI hem inaugurat la celebraci\u00f3 del 40\u00e8 aniversari amb una activitat col\u00b7lectiva: la&hellip;  <a href=\"https:\/\/agora.xtec.cat\/ieslaromanica\/general\/en-fem-40\/\" title=\"Read En Fem 40\">Llegeix m\u00e9s\u00bb<\/a><\/p>\n","protected":false},"author":3,"featured_media":15784,"comment_status":"open","ping_status":"closed","sticky":false,"template":"","format":"standard","meta":{"_bbp_topic_count":0,"_bbp_reply_count":0,"_bbp_total_topic_count":0,"_bbp_total_reply_count":0,"_bbp_voice_count":0,"_bbp_anonymous_reply_count":0,"_bbp_topic_count_hidden":0,"_bbp_reply_count_hidden":0,"_bbp_forum_subforum_count":0,"footnotes":""},"categories":[314,1,29],"tags":[301,299,252],"class_list":["post-15787","post","type-post","status-publish","format-standard","has-post-thumbnail","hentry","category-activitats-extraescolars","category-general","category-portada","tag-40e-aniversari","tag-curs-2019-2020","tag-exposicions"],"post_mailing_queue_ids":[],"_links":{"self":[{"href":"https:\/\/agora.xtec.cat\/ieslaromanica\/wp-json\/wp\/v2\/posts\/15787","targetHints":{"allow":["GET"]}}],"collection":[{"href":"https:\/\/agora.xtec.cat\/ieslaromanica\/wp-json\/wp\/v2\/posts"}],"about":[{"href":"https:\/\/agora.xtec.cat\/ieslaromanica\/wp-json\/wp\/v2\/types\/post"}],"author":[{"embeddable":true,"href":"https:\/\/agora.xtec.cat\/ieslaromanica\/wp-json\/wp\/v2\/users\/3"}],"replies":[{"embeddable":true,"href":"https:\/\/agora.xtec.cat\/ieslaromanica\/wp-json\/wp\/v2\/comments?post=15787"}],"version-history":[{"count":3,"href":"https:\/\/agora.xtec.cat\/ieslaromanica\/wp-json\/wp\/v2\/posts\/15787\/revisions"}],"predecessor-version":[{"id":15926,"href":"https:\/\/agora.xtec.cat\/ieslaromanica\/wp-json\/wp\/v2\/posts\/15787\/revisions\/15926"}],"wp:featuredmedia":[{"embeddable":true,"href":"https:\/\/agora.xtec.cat\/ieslaromanica\/wp-json\/wp\/v2\/media\/15784"}],"wp:attachment":[{"href":"https:\/\/agora.xtec.cat\/ieslaromanica\/wp-json\/wp\/v2\/media?parent=15787"}],"wp:term":[{"taxonomy":"category","embeddable":true,"href":"https:\/\/agora.xtec.cat\/ieslaromanica\/wp-json\/wp\/v2\/categories?post=15787"},{"taxonomy":"post_tag","embeddable":true,"href":"https:\/\/agora.xtec.cat\/ieslaromanica\/wp-json\/wp\/v2\/tags?post=15787"}],"curies":[{"name":"wp","href":"https:\/\/api.w.org\/{rel}","templated":true}]}}