{"id":15637,"date":"2019-11-07T19:25:46","date_gmt":"2019-11-07T18:25:46","guid":{"rendered":"http:\/\/agora.xtec.cat\/ieslaromanica\/?p=15637"},"modified":"2019-11-12T12:07:01","modified_gmt":"2019-11-12T11:07:01","slug":"rondalles-al-cementiri","status":"publish","type":"post","link":"https:\/\/agora.xtec.cat\/ieslaromanica\/general\/rondalles-al-cementiri\/","title":{"rendered":"Bardaj\u00ed ens narra rondalles al cementiri per la Castanyada"},"content":{"rendered":"<p><img loading=\"lazy\" decoding=\"async\" class=\"aligncenter wp-image-15664\" src=\"https:\/\/agora.xtec.cat\/ieslaromanica\/wp-content\/uploads\/usu857\/2019\/11\/IMG_20191029_115807-2mg-768x1024.jpg\" alt=\"\" width=\"413\" height=\"670\" \/><\/p>\n<p style=\"text-align: justify;\">En el marc de les celebracions de la Castanyada, Tots Sants i Halloween, l&#8217;alumnat de 2n d&#8217;ESO va visitar el cementiri de La Rom\u00e0nica, tan proper i tan lluny\u00e0 alhora.<\/p>\n<p style=\"text-align: justify;\">Des del departament de catal\u00e0 vam convidar la Sherezade Bardaj\u00ed, narradora professional, que ens va explicar hist\u00f2ries amb la mort com a protagonista. Cada\u00a0grup va gaudir d&#8217;una sessi\u00f3 molt especial en la qual vam escoltar des de rondalles catalanes com La mort enganyada a contes d&#8217;arreu del m\u00f3n com la llegenda inuit de la Dona esquelet, passant pel relat\u00a0<span style=\"color: #000000;\">gallec<\/span> de la Santa Companya.<\/p>\n<p style=\"text-align: justify;\">Entre hist\u00f2ria i hist\u00f2ria, vam reflexionar <span style=\"color: #000000;\">sobre com\u00a0<\/span>la literatura popular ens ajuda a explicar all\u00f2 que no comprenem, com la mort, i vam veure que, de vegades, llegendes semblants han nascut de tradicions ben allunyades. Finalment, de la m\u00e0 de la Loli, la persona que s&#8217;encarrega del manteniment del cementiri, vam con\u00e8ixer detalls d&#8217;aquest espai que veiem, sense mirar-lo, cada dia.<\/p>\n<p><img loading=\"lazy\" decoding=\"async\" class=\"aligncenter wp-image-15661\" src=\"https:\/\/agora.xtec.cat\/ieslaromanica\/wp-content\/uploads\/usu857\/2019\/11\/IMG_20191029_110212-2mg-1024x768.jpg\" alt=\"\" width=\"520\" height=\"383\" \/><\/p>\n<p><img loading=\"lazy\" decoding=\"async\" class=\"aligncenter wp-image-15663\" src=\"https:\/\/agora.xtec.cat\/ieslaromanica\/wp-content\/uploads\/usu857\/2019\/11\/IMG_20191029_115245-2mg-1024x767.jpg\" alt=\"\" width=\"520\" height=\"392\" srcset=\"https:\/\/agora.xtec.cat\/ieslaromanica\/wp-content\/uploads\/usu857\/2019\/11\/IMG_20191029_115245-2mg-300x225.jpg 300w, https:\/\/agora.xtec.cat\/ieslaromanica\/wp-content\/uploads\/usu857\/2019\/11\/IMG_20191029_115245-2mg-200x150.jpg 200w\" sizes=\"auto, (max-width: 520px) 100vw, 520px\" \/><\/p>\n<p><img loading=\"lazy\" decoding=\"async\" class=\"aligncenter wp-image-15662\" src=\"https:\/\/agora.xtec.cat\/ieslaromanica\/wp-content\/uploads\/usu857\/2019\/11\/IMG_20191029_110225-2mg-976x1024.jpg\" alt=\"\" width=\"519\" height=\"544\" srcset=\"https:\/\/agora.xtec.cat\/ieslaromanica\/wp-content\/uploads\/usu857\/2019\/11\/IMG_20191029_110225-2mg-976x1024.jpg 976w, https:\/\/agora.xtec.cat\/ieslaromanica\/wp-content\/uploads\/usu857\/2019\/11\/IMG_20191029_110225-2mg-286x300.jpg 286w, https:\/\/agora.xtec.cat\/ieslaromanica\/wp-content\/uploads\/usu857\/2019\/11\/IMG_20191029_110225-2mg-768x806.jpg 768w, https:\/\/agora.xtec.cat\/ieslaromanica\/wp-content\/uploads\/usu857\/2019\/11\/IMG_20191029_110225-2mg.jpg 1654w\" sizes=\"auto, (max-width: 519px) 100vw, 519px\" \/><\/p>\n","protected":false},"excerpt":{"rendered":"<p>En el marc de les celebracions de la Castanyada, Tots Sants i Halloween, l&#8217;alumnat de 2n d&#8217;ESO va visitar el cementiri de La Rom\u00e0nica, tan proper i tan lluny\u00e0 alhora.<br \/>\nDes del departament de catal\u00e0 vam convidar la Sherezade Bardaj\u00ed, narradora professional, que ens va explicar&hellip;  <a href=\"https:\/\/agora.xtec.cat\/ieslaromanica\/general\/rondalles-al-cementiri\/\" title=\"Read Bardaj\u00ed ens narra rondalles al cementiri per la Castanyada\">Llegeix m\u00e9s\u00bb<\/a><\/p>\n","protected":false},"author":3,"featured_media":15661,"comment_status":"open","ping_status":"closed","sticky":false,"template":"","format":"standard","meta":{"_bbp_topic_count":0,"_bbp_reply_count":0,"_bbp_total_topic_count":0,"_bbp_total_reply_count":0,"_bbp_voice_count":0,"_bbp_anonymous_reply_count":0,"_bbp_topic_count_hidden":0,"_bbp_reply_count_hidden":0,"_bbp_forum_subforum_count":0,"footnotes":""},"categories":[5,1,29],"tags":[115,235],"class_list":["post-15637","post","type-post","status-publish","format-standard","has-post-thumbnail","hentry","category-eso-2","category-general","category-portada","tag-castanyada","tag-departament-de-catala"],"post_mailing_queue_ids":[],"_links":{"self":[{"href":"https:\/\/agora.xtec.cat\/ieslaromanica\/wp-json\/wp\/v2\/posts\/15637","targetHints":{"allow":["GET"]}}],"collection":[{"href":"https:\/\/agora.xtec.cat\/ieslaromanica\/wp-json\/wp\/v2\/posts"}],"about":[{"href":"https:\/\/agora.xtec.cat\/ieslaromanica\/wp-json\/wp\/v2\/types\/post"}],"author":[{"embeddable":true,"href":"https:\/\/agora.xtec.cat\/ieslaromanica\/wp-json\/wp\/v2\/users\/3"}],"replies":[{"embeddable":true,"href":"https:\/\/agora.xtec.cat\/ieslaromanica\/wp-json\/wp\/v2\/comments?post=15637"}],"version-history":[{"count":4,"href":"https:\/\/agora.xtec.cat\/ieslaromanica\/wp-json\/wp\/v2\/posts\/15637\/revisions"}],"predecessor-version":[{"id":15725,"href":"https:\/\/agora.xtec.cat\/ieslaromanica\/wp-json\/wp\/v2\/posts\/15637\/revisions\/15725"}],"wp:featuredmedia":[{"embeddable":true,"href":"https:\/\/agora.xtec.cat\/ieslaromanica\/wp-json\/wp\/v2\/media\/15661"}],"wp:attachment":[{"href":"https:\/\/agora.xtec.cat\/ieslaromanica\/wp-json\/wp\/v2\/media?parent=15637"}],"wp:term":[{"taxonomy":"category","embeddable":true,"href":"https:\/\/agora.xtec.cat\/ieslaromanica\/wp-json\/wp\/v2\/categories?post=15637"},{"taxonomy":"post_tag","embeddable":true,"href":"https:\/\/agora.xtec.cat\/ieslaromanica\/wp-json\/wp\/v2\/tags?post=15637"}],"curies":[{"name":"wp","href":"https:\/\/api.w.org\/{rel}","templated":true}]}}