{"id":15613,"date":"2019-11-06T13:17:11","date_gmt":"2019-11-06T12:17:11","guid":{"rendered":"http:\/\/agora.xtec.cat\/ieslaromanica\/?p=15613"},"modified":"2019-11-07T19:33:39","modified_gmt":"2019-11-07T18:33:39","slug":"ciutats-defensores-dels-drets-humans-2019-la-forca-del-rap","status":"publish","type":"post","link":"https:\/\/agora.xtec.cat\/ieslaromanica\/general\/ciutats-defensores-dels-drets-humans-2019-la-forca-del-rap\/","title":{"rendered":"Snif, la for\u00e7a del RAP"},"content":{"rendered":"<p><a href=\"https:\/\/agora.xtec.cat\/ieslaromanica\/wp-content\/uploads\/usu857\/2019\/11\/CD-0252.jpg\"><img loading=\"lazy\" decoding=\"async\" class=\"wp-image-15614 aligncenter\" src=\"https:\/\/agora.xtec.cat\/ieslaromanica\/wp-content\/uploads\/usu857\/2019\/11\/CD-0252.jpg\" alt=\"\" width=\"533\" height=\"355\" srcset=\"https:\/\/agora.xtec.cat\/ieslaromanica\/wp-content\/uploads\/usu857\/2019\/11\/CD-0252.jpg 3000w, https:\/\/agora.xtec.cat\/ieslaromanica\/wp-content\/uploads\/usu857\/2019\/11\/CD-0252-300x200.jpg 300w, https:\/\/agora.xtec.cat\/ieslaromanica\/wp-content\/uploads\/usu857\/2019\/11\/CD-0252-768x512.jpg 768w, https:\/\/agora.xtec.cat\/ieslaromanica\/wp-content\/uploads\/usu857\/2019\/11\/CD-0252-1024x683.jpg 1024w\" sizes=\"auto, (max-width: 533px) 100vw, 533px\" \/><\/a><\/p>\n<p>Imatges cedides per l&#8217;Ajuntament de Barber\u00e0 del Vall\u00e8s. Fot\u00f2graf: Juan Mu\u00f1oz.<\/p>\n<p style=\"text-align: justify;\">Aquesta ha estat la 7a edici\u00f3 de Ciutats Defensores dels Drets Humans, en la qu\u00e8 el 10 d&#8217;octubre de 2019 l&#8217;alumnat de Batxillerat de Barber\u00e0 del Vall\u00e8s ha tingut l&#8217;oportunitat de con\u00e8ixer, de primera m\u00e0, el valu\u00f3s testimoni d&#8217;un activista pels Drets Humans.<\/p>\n<p style=\"text-align: justify;\">En aquesta ocasi\u00f3, hem pogut gaudir de la pres\u00e8ncia de Fredy Samuel V\u00e1squez, o <em>Snif,<\/em> que \u00e9s el nom art\u00edstic d&#8217;aquest jove cantant de rap i artista salvadoreny.<\/p>\n<p style=\"text-align: justify;\"><a href=\"https:\/\/agora.xtec.cat\/ieslaromanica\/wp-content\/uploads\/usu857\/2019\/11\/CD-0301.jpg\"><img loading=\"lazy\" decoding=\"async\" class=\"wp-image-15615 aligncenter\" src=\"https:\/\/agora.xtec.cat\/ieslaromanica\/wp-content\/uploads\/usu857\/2019\/11\/CD-0301.jpg\" alt=\"\" width=\"542\" height=\"361\" srcset=\"https:\/\/agora.xtec.cat\/ieslaromanica\/wp-content\/uploads\/usu857\/2019\/11\/CD-0301.jpg 3000w, https:\/\/agora.xtec.cat\/ieslaromanica\/wp-content\/uploads\/usu857\/2019\/11\/CD-0301-300x200.jpg 300w, https:\/\/agora.xtec.cat\/ieslaromanica\/wp-content\/uploads\/usu857\/2019\/11\/CD-0301-768x512.jpg 768w, https:\/\/agora.xtec.cat\/ieslaromanica\/wp-content\/uploads\/usu857\/2019\/11\/CD-0301-1024x683.jpg 1024w\" sizes=\"auto, (max-width: 542px) 100vw, 542px\" \/><\/a><\/p>\n<p style=\"text-align: justify;\">Segurament, quan sentim parlar de El Salvador, no ens venen al cap imatges de paisatges i platges paradis\u00edaques i de persones meravelloses. Malauradament, coneixem nom\u00e9s la part m\u00e9s fosca d&#8217;aquest pa\u00eds centreameric\u00e0. Es tracta d&#8217;un dels estats m\u00e9s pobres del m\u00f3n i amb m\u00e9s desigualtats de l&#8217;Am\u00e8rica Llatina i, a trav\u00e9s dels mitjans de comunicaci\u00f3, Internet i les xarxes socials, nom\u00e9s ens arriben crues imatges d&#8217;un pa\u00eds amb corrupci\u00f3 pol\u00edtica i policial, m\u00e0fies que controlen el tr\u00e0fic il\u00b7legal de drogues, armes i persones, ens arriben imatges de viol\u00e8ncia, desigualtats i delinq\u00fc\u00e8ncia juvenil.<\/p>\n<p style=\"text-align: justify;\"><em>Snif<\/em>, que coneix b\u00e9 el carrer i les desigualtats, s&#8217;ha posat dempeus com a activista pels DDHH a trav\u00e9s dels moviments urbans, l&#8217;art urb\u00e0, la poesia i la m\u00fasica.<\/p>\n<p style=\"text-align: justify;\">&#8220;El RAP i el HIP-HOP dignifiquen&#8221;, assegura <em>Snif, <\/em>un jove que ha aconseguit apartar de les urpes de la delinq\u00fc\u00e8ncia a milers de joves, a trav\u00e9s de la m\u00fasica i, amb el seu activisme i la lletra de les seves can\u00e7ons, ha donat dignitat als joves per cercar noves alternatives, ja que considera que els joves s\u00f3n el motor del seu pa\u00eds.<\/p>\n<p style=\"text-align: justify;\">La seva m\u00fasica ha ajudat a apartar a milers de joves del radar dels &#8220;pandilleros&#8221; i de la viol\u00e8ncia, a trav\u00e9s d&#8217;Acci\u00f3n Urbana i unes lletres que no et deixen indiferent. El seu lema \u00e9s &#8220;no canvia res si no canvien les persones&#8221;.<\/p>\n<p>En un no res, es va ficar a tots els nois i noies de Batxillerat a la butxaca, i als m\u00e9s grans tamb\u00e9:<\/p>\n<p style=\"text-align: center;\"><a href=\"https:\/\/agora.xtec.cat\/ieslaromanica\/wp-content\/uploads\/usu857\/2019\/11\/CD-0312.jpg\"><img loading=\"lazy\" decoding=\"async\" class=\"alignnone  wp-image-15616\" src=\"https:\/\/agora.xtec.cat\/ieslaromanica\/wp-content\/uploads\/usu857\/2019\/11\/CD-0312.jpg\" alt=\"\" width=\"525\" height=\"350\" srcset=\"https:\/\/agora.xtec.cat\/ieslaromanica\/wp-content\/uploads\/usu857\/2019\/11\/CD-0312.jpg 3000w, https:\/\/agora.xtec.cat\/ieslaromanica\/wp-content\/uploads\/usu857\/2019\/11\/CD-0312-300x200.jpg 300w, https:\/\/agora.xtec.cat\/ieslaromanica\/wp-content\/uploads\/usu857\/2019\/11\/CD-0312-768x512.jpg 768w, https:\/\/agora.xtec.cat\/ieslaromanica\/wp-content\/uploads\/usu857\/2019\/11\/CD-0312-1024x683.jpg 1024w\" sizes=\"auto, (max-width: 525px) 100vw, 525px\" \/><\/a><\/p>\n<p style=\"text-align: justify;\">De seguida es va aixecar, va agafar el micr\u00f2fon i es va posar a cantar, &#8220;visibilitzant-nos una centream\u00e8rica invisibilitzada&#8221;.<\/p>\n<p style=\"text-align: justify;\">Tamb\u00e9 hi va haver temps per un breu &#8220;duelo de gallos&#8221; on, amb gran habilitat per la improvitzaci\u00f3, ens van mostrar una m\u00fasica amb letres vives i molta veritat.<\/p>\n<p style=\"text-align: justify;\"><a href=\"https:\/\/agora.xtec.cat\/ieslaromanica\/wp-content\/uploads\/usu857\/2019\/11\/CD-0381.jpg\"><img loading=\"lazy\" decoding=\"async\" class=\"wp-image-15618 aligncenter\" src=\"https:\/\/agora.xtec.cat\/ieslaromanica\/wp-content\/uploads\/usu857\/2019\/11\/CD-0381.jpg\" alt=\"\" width=\"528\" height=\"351\" srcset=\"https:\/\/agora.xtec.cat\/ieslaromanica\/wp-content\/uploads\/usu857\/2019\/11\/CD-0381.jpg 3000w, https:\/\/agora.xtec.cat\/ieslaromanica\/wp-content\/uploads\/usu857\/2019\/11\/CD-0381-300x200.jpg 300w, https:\/\/agora.xtec.cat\/ieslaromanica\/wp-content\/uploads\/usu857\/2019\/11\/CD-0381-768x512.jpg 768w, https:\/\/agora.xtec.cat\/ieslaromanica\/wp-content\/uploads\/usu857\/2019\/11\/CD-0381-1024x683.jpg 1024w\" sizes=\"auto, (max-width: 528px) 100vw, 528px\" \/><\/a><\/p>\n<p style=\"text-align: justify;\">El Rap i el Hip-Hop s\u00f3n directes i contestataris. Les can\u00e7ons de <em>Snif<\/em> s\u00f3n directes i, sumades a una veu captivadora, la seva paraula es converteix en una arma clara i contundent contra totes aquelles coses que s\u00f3n negatives (viol\u00e8ncia, corrupci\u00f3, discriminaci\u00f3&#8230;).<\/p>\n<p style=\"text-align: justify;\">Fredy \u00e9s un activista pels Drets Humans que dignifica el carrer i el barri. Ens va explicar que ell canta a la bona gent que t\u00e9 set de veritats i, en acabar el seu concert-confer\u00e8ncia, va incloure Barber\u00e0 a una de les seves can\u00e7ons, considerant-la com el seu &#8220;Barri&#8221;.<\/p>\n<h4 style=\"text-align: center;\"><em>Snif<\/em>, la for\u00e7a del RAP<\/h4>\n<p><a href=\"https:\/\/agora.xtec.cat\/ieslaromanica\/wp-content\/uploads\/usu857\/2019\/11\/CD-0332.jpg\"><img loading=\"lazy\" decoding=\"async\" class=\"wp-image-15617 aligncenter\" src=\"https:\/\/agora.xtec.cat\/ieslaromanica\/wp-content\/uploads\/usu857\/2019\/11\/CD-0332.jpg\" alt=\"\" width=\"514\" height=\"311\" srcset=\"https:\/\/agora.xtec.cat\/ieslaromanica\/wp-content\/uploads\/usu857\/2019\/11\/CD-0332.jpg 3000w, https:\/\/agora.xtec.cat\/ieslaromanica\/wp-content\/uploads\/usu857\/2019\/11\/CD-0332-300x182.jpg 300w, https:\/\/agora.xtec.cat\/ieslaromanica\/wp-content\/uploads\/usu857\/2019\/11\/CD-0332-768x466.jpg 768w, https:\/\/agora.xtec.cat\/ieslaromanica\/wp-content\/uploads\/usu857\/2019\/11\/CD-0332-1024x621.jpg 1024w\" sizes=\"auto, (max-width: 514px) 100vw, 514px\" \/><\/a><\/p>\n<p><iframe loading=\"lazy\" title=\"Barrio\" width=\"500\" height=\"375\" src=\"https:\/\/www.youtube.com\/embed\/FtALXp8B544?feature=oembed\" frameborder=\"0\" allow=\"accelerometer; autoplay; clipboard-write; encrypted-media; gyroscope; picture-in-picture; web-share\" referrerpolicy=\"strict-origin-when-cross-origin\" allowfullscreen><\/iframe><\/p>\n","protected":false},"excerpt":{"rendered":"<p><a href=\"https:\/\/agora.xtec.cat\/ieslaromanica\/wp-content\/uploads\/usu857\/2019\/11\/CD-0252.jpg\"><\/a><br \/>\nImatges cedides per l&#8217;Ajuntament de Barber\u00e0 del Vall\u00e8s. Fot\u00f2graf: Juan Mu\u00f1oz.<br \/>\nAquesta ha estat la 7a edici\u00f3 de Ciutats Defensores dels Drets Humans, en la qu\u00e8 el 10 d&#8217;octubre de 2019 l&#8217;alumnat de Batxillerat de Barber\u00e0 del Vall\u00e8s ha tingut l&#8217;oportunitat de con\u00e8ixer, de primera&hellip;  <a href=\"https:\/\/agora.xtec.cat\/ieslaromanica\/general\/ciutats-defensores-dels-drets-humans-2019-la-forca-del-rap\/\" title=\"Read Snif, la for\u00e7a del RAP\">Llegeix m\u00e9s\u00bb<\/a><\/p>\n","protected":false},"author":3,"featured_media":15614,"comment_status":"open","ping_status":"closed","sticky":false,"template":"","format":"standard","meta":{"_bbp_topic_count":0,"_bbp_reply_count":0,"_bbp_total_topic_count":0,"_bbp_total_reply_count":0,"_bbp_voice_count":0,"_bbp_anonymous_reply_count":0,"_bbp_topic_count_hidden":0,"_bbp_reply_count_hidden":0,"_bbp_forum_subforum_count":0,"footnotes":""},"categories":[72,8,1,29],"tags":[240,109,123],"class_list":["post-15613","post","type-post","status-publish","format-standard","has-post-thumbnail","hentry","category-1-batx","category-batxillerat","category-general","category-portada","tag-240","tag-ciutats-defensores-dels-drets-humans","tag-sortida"],"post_mailing_queue_ids":[],"_links":{"self":[{"href":"https:\/\/agora.xtec.cat\/ieslaromanica\/wp-json\/wp\/v2\/posts\/15613","targetHints":{"allow":["GET"]}}],"collection":[{"href":"https:\/\/agora.xtec.cat\/ieslaromanica\/wp-json\/wp\/v2\/posts"}],"about":[{"href":"https:\/\/agora.xtec.cat\/ieslaromanica\/wp-json\/wp\/v2\/types\/post"}],"author":[{"embeddable":true,"href":"https:\/\/agora.xtec.cat\/ieslaromanica\/wp-json\/wp\/v2\/users\/3"}],"replies":[{"embeddable":true,"href":"https:\/\/agora.xtec.cat\/ieslaromanica\/wp-json\/wp\/v2\/comments?post=15613"}],"version-history":[{"count":3,"href":"https:\/\/agora.xtec.cat\/ieslaromanica\/wp-json\/wp\/v2\/posts\/15613\/revisions"}],"predecessor-version":[{"id":15680,"href":"https:\/\/agora.xtec.cat\/ieslaromanica\/wp-json\/wp\/v2\/posts\/15613\/revisions\/15680"}],"wp:featuredmedia":[{"embeddable":true,"href":"https:\/\/agora.xtec.cat\/ieslaromanica\/wp-json\/wp\/v2\/media\/15614"}],"wp:attachment":[{"href":"https:\/\/agora.xtec.cat\/ieslaromanica\/wp-json\/wp\/v2\/media?parent=15613"}],"wp:term":[{"taxonomy":"category","embeddable":true,"href":"https:\/\/agora.xtec.cat\/ieslaromanica\/wp-json\/wp\/v2\/categories?post=15613"},{"taxonomy":"post_tag","embeddable":true,"href":"https:\/\/agora.xtec.cat\/ieslaromanica\/wp-json\/wp\/v2\/tags?post=15613"}],"curies":[{"name":"wp","href":"https:\/\/api.w.org\/{rel}","templated":true}]}}