{"id":15580,"date":"2019-10-30T20:39:33","date_gmt":"2019-10-30T19:39:33","guid":{"rendered":"http:\/\/agora.xtec.cat\/ieslaromanica\/?p=15580"},"modified":"2019-10-30T21:40:03","modified_gmt":"2019-10-30T20:40:03","slug":"formacio-en-tecniques-de-contacontes","status":"publish","type":"post","link":"https:\/\/agora.xtec.cat\/ieslaromanica\/general\/formacio-en-tecniques-de-contacontes\/","title":{"rendered":"Formaci\u00f3 en t\u00e8cniques de contacontes"},"content":{"rendered":"<p><img loading=\"lazy\" decoding=\"async\" class=\"aligncenter size-full wp-image-15594\" src=\"https:\/\/agora.xtec.cat\/ieslaromanica\/wp-content\/uploads\/usu857\/2019\/10\/IMG-1166-2mgP-1-e1572466642901.jpg\" alt=\"\" width=\"600\" height=\"450\" \/><\/p>\n<p>Un any m\u00e9s, el rondallaire Cesc Serrat ha vingut a fer una de les sessions de formaci\u00f3 en t\u00e8cniques de contacontes per a l&#8217;alumnat de la mat\u00e8ria d&#8217;expressi\u00f3 oral en Catal\u00e0 &#8220;En Veu Alta&#8221;. La intenci\u00f3 del taller \u00e9s ajudar-los a preparar les sessions que aquest curs faran a l&#8217;Escola Miquel Mart\u00ed i Pol, l&#8217;Escola Pablo Picasso i l&#8217;Escola La Rom\u00e0nica, dins del cr\u00e8dit d&#8217;Aprenentatge-Servei.<\/p>\n<p><img loading=\"lazy\" decoding=\"async\" class=\"aligncenter size-full wp-image-15591\" src=\"https:\/\/agora.xtec.cat\/ieslaromanica\/wp-content\/uploads\/usu857\/2019\/10\/IMG-1163-2mgP-1-e1572466686533.jpg\" alt=\"\" width=\"600\" height=\"450\" \/><\/p>\n<p><img loading=\"lazy\" decoding=\"async\" class=\"aligncenter size-full wp-image-15592\" src=\"https:\/\/agora.xtec.cat\/ieslaromanica\/wp-content\/uploads\/usu857\/2019\/10\/IMG-1164-2mgP-1-e1572466676618.jpg\" alt=\"\" width=\"600\" height=\"450\" \/><\/p>\n<p><img loading=\"lazy\" decoding=\"async\" class=\"aligncenter size-full wp-image-15593\" src=\"https:\/\/agora.xtec.cat\/ieslaromanica\/wp-content\/uploads\/usu857\/2019\/10\/IMG-1165-2mgP-1-e1572466661376.jpg\" alt=\"\" width=\"600\" height=\"450\" \/><\/p>\n","protected":false},"excerpt":{"rendered":"<p>Un any m\u00e9s, el rondallaire Cesc Serrat ha vingut a fer una de les sessions de formaci\u00f3 en t\u00e8cniques de contacontes per a l&#8217;alumnat de la mat\u00e8ria d&#8217;expressi\u00f3 oral en Catal\u00e0 &#8220;En Veu Alta&#8221;. La intenci\u00f3 del taller \u00e9s ajudar-los a preparar les sessions que&hellip;  <a href=\"https:\/\/agora.xtec.cat\/ieslaromanica\/general\/formacio-en-tecniques-de-contacontes\/\" title=\"Read Formaci\u00f3 en t\u00e8cniques de contacontes\">Llegeix m\u00e9s\u00bb<\/a><\/p>\n","protected":false},"author":6,"featured_media":15576,"comment_status":"open","ping_status":"closed","sticky":false,"template":"","format":"standard","meta":{"_bbp_topic_count":0,"_bbp_reply_count":0,"_bbp_total_topic_count":0,"_bbp_total_reply_count":0,"_bbp_voice_count":0,"_bbp_anonymous_reply_count":0,"_bbp_topic_count_hidden":0,"_bbp_reply_count_hidden":0,"_bbp_forum_subforum_count":0,"footnotes":""},"categories":[3,1,29],"tags":[235,265],"class_list":["post-15580","post","type-post","status-publish","format-standard","has-post-thumbnail","hentry","category-eso","category-general","category-portada","tag-departament-de-catala","tag-taller-de-contacontes"],"post_mailing_queue_ids":[],"_links":{"self":[{"href":"https:\/\/agora.xtec.cat\/ieslaromanica\/wp-json\/wp\/v2\/posts\/15580","targetHints":{"allow":["GET"]}}],"collection":[{"href":"https:\/\/agora.xtec.cat\/ieslaromanica\/wp-json\/wp\/v2\/posts"}],"about":[{"href":"https:\/\/agora.xtec.cat\/ieslaromanica\/wp-json\/wp\/v2\/types\/post"}],"author":[{"embeddable":true,"href":"https:\/\/agora.xtec.cat\/ieslaromanica\/wp-json\/wp\/v2\/users\/6"}],"replies":[{"embeddable":true,"href":"https:\/\/agora.xtec.cat\/ieslaromanica\/wp-json\/wp\/v2\/comments?post=15580"}],"version-history":[{"count":3,"href":"https:\/\/agora.xtec.cat\/ieslaromanica\/wp-json\/wp\/v2\/posts\/15580\/revisions"}],"predecessor-version":[{"id":15598,"href":"https:\/\/agora.xtec.cat\/ieslaromanica\/wp-json\/wp\/v2\/posts\/15580\/revisions\/15598"}],"wp:featuredmedia":[{"embeddable":true,"href":"https:\/\/agora.xtec.cat\/ieslaromanica\/wp-json\/wp\/v2\/media\/15576"}],"wp:attachment":[{"href":"https:\/\/agora.xtec.cat\/ieslaromanica\/wp-json\/wp\/v2\/media?parent=15580"}],"wp:term":[{"taxonomy":"category","embeddable":true,"href":"https:\/\/agora.xtec.cat\/ieslaromanica\/wp-json\/wp\/v2\/categories?post=15580"},{"taxonomy":"post_tag","embeddable":true,"href":"https:\/\/agora.xtec.cat\/ieslaromanica\/wp-json\/wp\/v2\/tags?post=15580"}],"curies":[{"name":"wp","href":"https:\/\/api.w.org\/{rel}","templated":true}]}}