{"id":15269,"date":"2019-09-18T10:58:41","date_gmt":"2019-09-18T08:58:41","guid":{"rendered":"http:\/\/agora.xtec.cat\/ieslaromanica\/?p=15269"},"modified":"2019-09-18T10:58:41","modified_gmt":"2019-09-18T08:58:41","slug":"distincions-pau-2019","status":"publish","type":"post","link":"https:\/\/agora.xtec.cat\/ieslaromanica\/general\/distincions-pau-2019\/","title":{"rendered":"Distincions PAU 2019"},"content":{"rendered":"<div class=\"col-sm-8 basic_text_peq\">\n<div class=\"pd-15x\">\n<p><a href=\"https:\/\/agora.xtec.cat\/ieslaromanica\/wp-content\/uploads\/usu857\/2019\/09\/distincions-pau.jpg\"><img loading=\"lazy\" decoding=\"async\" class=\"size-full wp-image-15305 aligncenter\" src=\"https:\/\/agora.xtec.cat\/ieslaromanica\/wp-content\/uploads\/usu857\/2019\/09\/distincions-pau.jpg\" alt=\"\" width=\"748\" height=\"518\" srcset=\"https:\/\/agora.xtec.cat\/ieslaromanica\/wp-content\/uploads\/usu857\/2019\/09\/distincions-pau.jpg 748w, https:\/\/agora.xtec.cat\/ieslaromanica\/wp-content\/uploads\/usu857\/2019\/09\/distincions-pau-300x208.jpg 300w\" sizes=\"auto, (max-width: 748px) 100vw, 748px\" \/><\/a><\/p>\n<h5><\/h5>\n<h5 style=\"text-align: justify;\">Tres distincions PAU a l&#8217;Institut La Rom\u00e0nica!<\/h5>\n<p>&nbsp;<\/p>\n<p style=\"text-align: justify;\">Des de l&#8217;any 2001, el Consell Interuniversitari de Catalunya atorga anualment les distincions PAU per recon\u00e8ixer p\u00fablicament l&#8217;esfor\u00e7 dels\/de les estudiants que volen accedir a la universitat, aix\u00ed com la seva bona preparaci\u00f3 en la realitzaci\u00f3 de les proves d&#8217;acc\u00e9s a la universitat (PAU).<\/p>\n<p style=\"text-align: justify;\">Es concedeix la<em> Distinci\u00f3 PAU<\/em> a l&#8217;alumnat de Catalunya que en la convocat\u00f2ria ordin\u00e0ria de juny ha obtingut una qualificaci\u00f3 igual o superior a 9 punts, en la fase general de les proves d&#8217;acc\u00e9s a la universitat.<\/p>\n<p style=\"text-align: justify;\">Al nostre centre han aconseguit aquesta distinci\u00f3 tres alumnes: la N\u00faria Ba\u00f1os, la Cristina Franco i l&#8217;Oscar Romero. A la primera fotografia veureu la Cristina a la zona central de la primera filera i a la N\u00faria a la segona fotografia a zona esquerra de la primera filera. L&#8217;Oscar, no va poder recollir el premi:<\/p>\n<p><img loading=\"lazy\" decoding=\"async\" class=\"size-full wp-image-15308\" src=\"https:\/\/agora.xtec.cat\/ieslaromanica\/wp-content\/uploads\/usu857\/2019\/09\/cristina-retallada.jpg\" alt=\"\" width=\"1673\" height=\"429\" srcset=\"https:\/\/agora.xtec.cat\/ieslaromanica\/wp-content\/uploads\/usu857\/2019\/09\/cristina-retallada.jpg 1673w, https:\/\/agora.xtec.cat\/ieslaromanica\/wp-content\/uploads\/usu857\/2019\/09\/cristina-retallada-300x77.jpg 300w, https:\/\/agora.xtec.cat\/ieslaromanica\/wp-content\/uploads\/usu857\/2019\/09\/cristina-retallada-768x197.jpg 768w, https:\/\/agora.xtec.cat\/ieslaromanica\/wp-content\/uploads\/usu857\/2019\/09\/cristina-retallada-1024x263.jpg 1024w\" sizes=\"auto, (max-width: 1673px) 100vw, 1673px\" \/><\/p>\n<\/div>\n<\/div>\n<div class=\"col-sm-4 center-block \"><img loading=\"lazy\" decoding=\"async\" class=\"size-full wp-image-15307 aligncenter\" src=\"https:\/\/agora.xtec.cat\/ieslaromanica\/wp-content\/uploads\/usu857\/2019\/09\/nuria-retallada.jpg\" alt=\"\" width=\"1537\" height=\"382\" srcset=\"https:\/\/agora.xtec.cat\/ieslaromanica\/wp-content\/uploads\/usu857\/2019\/09\/nuria-retallada.jpg 1537w, https:\/\/agora.xtec.cat\/ieslaromanica\/wp-content\/uploads\/usu857\/2019\/09\/nuria-retallada-300x75.jpg 300w, https:\/\/agora.xtec.cat\/ieslaromanica\/wp-content\/uploads\/usu857\/2019\/09\/nuria-retallada-768x191.jpg 768w, https:\/\/agora.xtec.cat\/ieslaromanica\/wp-content\/uploads\/usu857\/2019\/09\/nuria-retallada-1024x255.jpg 1024w\" sizes=\"auto, (max-width: 1537px) 100vw, 1537px\" \/><\/div>\n<div>\n<h5><\/h5>\n<h5>Per tota la comunitat educativa \u00e9s una gran satisfacci\u00f3 aquestes merescudes distincions al nostre alumnat, com a reconeixement a l&#8217;esfor\u00e7, a la feina ben feta i a l&#8217;excel\u00b7l\u00e8ncia.<\/h5>\n<h5>A tots tres, l&#8217;enhorabona!<\/h5>\n<\/div>\n","protected":false},"excerpt":{"rendered":"<p><a href=\"https:\/\/agora.xtec.cat\/ieslaromanica\/wp-content\/uploads\/usu857\/2019\/09\/distincions-pau.jpg\"><\/a><\/p>\n<p>Tres distincions PAU a l&#8217;Institut La Rom\u00e0nica!<br \/>\n&nbsp;<br \/>\nDes de l&#8217;any 2001, el Consell Interuniversitari de Catalunya atorga anualment les distincions PAU per recon\u00e8ixer p\u00fablicament l&#8217;esfor\u00e7 dels\/de les estudiants que volen accedir a la universitat, aix\u00ed com la seva bona preparaci\u00f3 en la realitzaci\u00f3 de les&hellip;  <a href=\"https:\/\/agora.xtec.cat\/ieslaromanica\/general\/distincions-pau-2019\/\" title=\"Read Distincions PAU 2019\">Llegeix m\u00e9s\u00bb<\/a><\/p>\n","protected":false},"author":3,"featured_media":15305,"comment_status":"open","ping_status":"closed","sticky":false,"template":"","format":"standard","meta":{"_bbp_topic_count":0,"_bbp_reply_count":0,"_bbp_total_topic_count":0,"_bbp_total_reply_count":0,"_bbp_voice_count":0,"_bbp_anonymous_reply_count":0,"_bbp_topic_count_hidden":0,"_bbp_reply_count_hidden":0,"_bbp_forum_subforum_count":0,"footnotes":""},"categories":[8,1,29],"tags":[292,294,293],"class_list":["post-15269","post","type-post","status-publish","format-standard","has-post-thumbnail","hentry","category-batxillerat","category-general","category-portada","tag-distincions-pau","tag-excellencia","tag-pau"],"post_mailing_queue_ids":[],"_links":{"self":[{"href":"https:\/\/agora.xtec.cat\/ieslaromanica\/wp-json\/wp\/v2\/posts\/15269","targetHints":{"allow":["GET"]}}],"collection":[{"href":"https:\/\/agora.xtec.cat\/ieslaromanica\/wp-json\/wp\/v2\/posts"}],"about":[{"href":"https:\/\/agora.xtec.cat\/ieslaromanica\/wp-json\/wp\/v2\/types\/post"}],"author":[{"embeddable":true,"href":"https:\/\/agora.xtec.cat\/ieslaromanica\/wp-json\/wp\/v2\/users\/3"}],"replies":[{"embeddable":true,"href":"https:\/\/agora.xtec.cat\/ieslaromanica\/wp-json\/wp\/v2\/comments?post=15269"}],"version-history":[{"count":3,"href":"https:\/\/agora.xtec.cat\/ieslaromanica\/wp-json\/wp\/v2\/posts\/15269\/revisions"}],"predecessor-version":[{"id":15311,"href":"https:\/\/agora.xtec.cat\/ieslaromanica\/wp-json\/wp\/v2\/posts\/15269\/revisions\/15311"}],"wp:featuredmedia":[{"embeddable":true,"href":"https:\/\/agora.xtec.cat\/ieslaromanica\/wp-json\/wp\/v2\/media\/15305"}],"wp:attachment":[{"href":"https:\/\/agora.xtec.cat\/ieslaromanica\/wp-json\/wp\/v2\/media?parent=15269"}],"wp:term":[{"taxonomy":"category","embeddable":true,"href":"https:\/\/agora.xtec.cat\/ieslaromanica\/wp-json\/wp\/v2\/categories?post=15269"},{"taxonomy":"post_tag","embeddable":true,"href":"https:\/\/agora.xtec.cat\/ieslaromanica\/wp-json\/wp\/v2\/tags?post=15269"}],"curies":[{"name":"wp","href":"https:\/\/api.w.org\/{rel}","templated":true}]}}