{"id":15207,"date":"2019-09-07T20:32:02","date_gmt":"2019-09-07T18:32:02","guid":{"rendered":"http:\/\/agora.xtec.cat\/ieslaromanica\/?p=15207"},"modified":"2022-03-28T20:49:34","modified_gmt":"2022-03-28T18:49:34","slug":"graduacions-de-4t-deso-promocio-2015-2019","status":"publish","type":"post","link":"https:\/\/agora.xtec.cat\/ieslaromanica\/general\/graduacions-de-4t-deso-promocio-2015-2019\/","title":{"rendered":"GRADUACIONS de 4t d&#8217;ESO (promoci\u00f3 2015-2019)"},"content":{"rendered":"<p style=\"text-align: center;\"><a href=\"https:\/\/agora.xtec.cat\/ieslaromanica\/wp-content\/uploads\/usu857\/2019\/09\/20190627165842_IMG_0521.jpg\"><img loading=\"lazy\" decoding=\"async\" class=\"alignnone size-full wp-image-15222\" src=\"https:\/\/agora.xtec.cat\/ieslaromanica\/wp-content\/uploads\/usu857\/2019\/09\/20190627165842_IMG_0521.jpg\" alt=\"\" width=\"1107\" height=\"735\" srcset=\"https:\/\/agora.xtec.cat\/ieslaromanica\/wp-content\/uploads\/usu857\/2019\/09\/20190627165842_IMG_0521.jpg 1107w, https:\/\/agora.xtec.cat\/ieslaromanica\/wp-content\/uploads\/usu857\/2019\/09\/20190627165842_IMG_0521-300x199.jpg 300w, https:\/\/agora.xtec.cat\/ieslaromanica\/wp-content\/uploads\/usu857\/2019\/09\/20190627165842_IMG_0521-768x510.jpg 768w, https:\/\/agora.xtec.cat\/ieslaromanica\/wp-content\/uploads\/usu857\/2019\/09\/20190627165842_IMG_0521-1024x680.jpg 1024w\" sizes=\"auto, (max-width: 1107px) 100vw, 1107px\" \/><\/a><\/p>\n<p style=\"text-align: justify;\">Fotografies: Elisa Rom\u00e1n<\/p>\n<p style=\"text-align: justify;\">TMC, dijous 27 de juny de 2019. S&#8217;apaguem els llums i es fa el silenci. Fam\u00edlies, professorat i els nois i noies resten expectants. Estan a punt d&#8217;iniciar-se els actes de graduaci\u00f3 i de comiat de l&#8217;alumnat de 4t d&#8217;ESO.<\/p>\n<p style=\"text-align: justify;\">Comencen amb una actuaci\u00f3 musical de la Combo Jove de l&#8217;Escola Municipal de M\u00fasica, on vam poder veure com tocaven molts dels nostres nois i noies de 4t d&#8217;ESO.<\/p>\n<p style=\"text-align: justify;\">A continuaci\u00f3, comen\u00e7aren els parlaments institucionals, plens d&#8217;emotivitat: primer el de la Carmen Arag\u00f3n, Directora de l&#8217;institut i, seguidament, el del Daniel Gonz\u00e1lez Cabrera, Regidor d&#8217;Educaci\u00f3\u00a0 i Primer Tinent d&#8217;Alcalde de Barber\u00e0 del Vall\u00e8s.<\/p>\n<p style=\"text-align: justify;\">A continuaci\u00f3, les tutores de 4t d&#8217;ESO (Anna Lou, Imma Vidal, Sandra Moragues substituint en Sergi De Orte, Concepci\u00f3n Moreno i Maria Teresa S\u00e1nchez Costa), acompanyades de la Corpus Checa del Departament d&#8217;Orientaci\u00f3 i la Isabel Morente com a Coordinadora de 4t, pujaren a l&#8217;escenari per dedicar-los, amb sinceritat i emoci\u00f3, unes paraules de comiat.<\/p>\n<p style=\"text-align: justify;\">I arrib\u00e0 el moment m\u00e9s esperat: el lliurament d&#8217;orles, de la m\u00e0 de la coordinadora de 4t d&#8217;ESO, l&#8217;orientadora de 4t i de les respectives tutores de cada grup. Elegants i amb un toc de nerviosisme, els nois i noies que hem vist cr\u00e9ixer enfilaren les escales per fer-se la darrera fotografia de grup.<\/p>\n<p>I, per concloure, un pica-pica al soterrani del TMC mentre els flaixos dels m\u00f2bils anaven saltant aqu\u00ed i all\u00e0 en fer-se les darreres fotos, moltes ja de comiat:<\/p>\n<p style=\"text-align: center;\">\r\n\t<div class=\"slideshow_container slideshow_container_style-light\" style=\"height: 700px; \" data-slideshow-id=\"15242\" data-style-name=\"style-light\" data-style-version=\"2.3.1\" >\r\n\r\n\t\t\t\t\t<div class=\"slideshow_loading_icon\"><\/div>\r\n\t\t\r\n\t\t<div class=\"slideshow_content\" style=\"display: none;\">\r\n\r\n\t\t\t<div class=\"slideshow_view\">\r\n\t\t\t\t<div class=\"slideshow_slide slideshow_slide_image\">\r\n\t\t\t\t\t\t\t\t\t\t\t<img src=\"https:\/\/agora.xtec.cat\/ieslaromanica\/wp-content\/uploads\/usu857\/2019\/09\/20190627190609_IMG_0576.jpg\" alt=\"20190627190609_IMG_0576\" width=\"2160\" height=\"1440\" \/>\r\n\t\t\t\t\t\t\t\t\t\t<div class=\"slideshow_description_box slideshow_transparent\">\r\n\t\t\t\t\t\t\t\t\t\t\t\t\t\t\t\t\t<\/div>\r\n\t\t\t\t<\/div>\r\n\r\n\t\t\t\t\t\t<div style=\"clear: both;\"><\/div><\/div><div class=\"slideshow_view\">\r\n\t\t\t\t<div class=\"slideshow_slide slideshow_slide_image\">\r\n\t\t\t\t\t\t\t\t\t\t\t<img src=\"https:\/\/agora.xtec.cat\/ieslaromanica\/wp-content\/uploads\/usu857\/2019\/09\/20190627190615_IMG_0577.jpg\" alt=\"20190627190615_IMG_0577\" width=\"2160\" height=\"1440\" \/>\r\n\t\t\t\t\t\t\t\t\t\t<div class=\"slideshow_description_box slideshow_transparent\">\r\n\t\t\t\t\t\t\t\t\t\t\t\t\t\t\t\t\t<\/div>\r\n\t\t\t\t<\/div>\r\n\r\n\t\t\t\t\t\t<div style=\"clear: both;\"><\/div><\/div><div class=\"slideshow_view\">\r\n\t\t\t\t<div class=\"slideshow_slide slideshow_slide_image\">\r\n\t\t\t\t\t\t\t\t\t\t\t<img src=\"https:\/\/agora.xtec.cat\/ieslaromanica\/wp-content\/uploads\/usu857\/2019\/09\/20190627191822_IMG_0578.jpg\" alt=\"20190627191822_IMG_0578\" width=\"2160\" height=\"1440\" \/>\r\n\t\t\t\t\t\t\t\t\t\t<div class=\"slideshow_description_box slideshow_transparent\">\r\n\t\t\t\t\t\t\t\t\t\t\t\t\t\t\t\t\t<\/div>\r\n\t\t\t\t<\/div>\r\n\r\n\t\t\t\t\t\t<div style=\"clear: both;\"><\/div><\/div><div class=\"slideshow_view\">\r\n\t\t\t\t<div class=\"slideshow_slide slideshow_slide_image\">\r\n\t\t\t\t\t\t\t\t\t\t\t<img src=\"https:\/\/agora.xtec.cat\/ieslaromanica\/wp-content\/uploads\/usu857\/2019\/09\/20190627192150_IMG_0579.jpg\" alt=\"20190627192150_IMG_0579\" width=\"2160\" height=\"1440\" \/>\r\n\t\t\t\t\t\t\t\t\t\t<div class=\"slideshow_description_box slideshow_transparent\">\r\n\t\t\t\t\t\t\t\t\t\t\t\t\t\t\t\t\t<\/div>\r\n\t\t\t\t<\/div>\r\n\r\n\t\t\t\t\t\t<div style=\"clear: both;\"><\/div><\/div><div class=\"slideshow_view\">\r\n\t\t\t\t<div class=\"slideshow_slide slideshow_slide_image\">\r\n\t\t\t\t\t\t\t\t\t\t\t<img src=\"https:\/\/agora.xtec.cat\/ieslaromanica\/wp-content\/uploads\/usu857\/2019\/09\/20190627192736_IMG_0580.jpg\" alt=\"20190627192736_IMG_0580\" width=\"2400\" height=\"1600\" \/>\r\n\t\t\t\t\t\t\t\t\t\t<div class=\"slideshow_description_box slideshow_transparent\">\r\n\t\t\t\t\t\t\t\t\t\t\t\t\t\t\t\t\t<\/div>\r\n\t\t\t\t<\/div>\r\n\r\n\t\t\t\t\t\t<div style=\"clear: both;\"><\/div><\/div><div class=\"slideshow_view\">\r\n\t\t\t\t<div class=\"slideshow_slide slideshow_slide_image\">\r\n\t\t\t\t\t\t\t\t\t\t\t<img src=\"https:\/\/agora.xtec.cat\/ieslaromanica\/wp-content\/uploads\/usu857\/2019\/09\/20190627193436_IMG_0586.jpg\" alt=\"20190627193436_IMG_0586\" width=\"1920\" height=\"1280\" \/>\r\n\t\t\t\t\t\t\t\t\t\t<div class=\"slideshow_description_box slideshow_transparent\">\r\n\t\t\t\t\t\t\t\t\t\t\t\t\t\t\t\t\t<\/div>\r\n\t\t\t\t<\/div>\r\n\r\n\t\t\t\t\t\t<div style=\"clear: both;\"><\/div><\/div><div class=\"slideshow_view\">\r\n\t\t\t\t<div class=\"slideshow_slide slideshow_slide_image\">\r\n\t\t\t\t\t\t\t\t\t\t\t<img src=\"https:\/\/agora.xtec.cat\/ieslaromanica\/wp-content\/uploads\/usu857\/2019\/09\/20190627193803_IMG_0588.jpg\" alt=\"20190627193803_IMG_0588\" width=\"1920\" height=\"1280\" \/>\r\n\t\t\t\t\t\t\t\t\t\t<div class=\"slideshow_description_box slideshow_transparent\">\r\n\t\t\t\t\t\t\t\t\t\t\t\t\t\t\t\t\t<\/div>\r\n\t\t\t\t<\/div>\r\n\r\n\t\t\t\t\t\t<div style=\"clear: both;\"><\/div><\/div><div class=\"slideshow_view\">\r\n\t\t\t\t<div class=\"slideshow_slide slideshow_slide_image\">\r\n\t\t\t\t\t\t\t\t\t\t\t<img src=\"https:\/\/agora.xtec.cat\/ieslaromanica\/wp-content\/uploads\/usu857\/2019\/09\/20190627194107_IMG_0594.jpg\" alt=\"20190627194107_IMG_0594\" width=\"1920\" height=\"1280\" \/>\r\n\t\t\t\t\t\t\t\t\t\t<div class=\"slideshow_description_box slideshow_transparent\">\r\n\t\t\t\t\t\t\t\t\t\t\t\t\t\t\t\t\t<\/div>\r\n\t\t\t\t<\/div>\r\n\r\n\t\t\t\t\t\t<div style=\"clear: both;\"><\/div><\/div><div class=\"slideshow_view\">\r\n\t\t\t\t<div class=\"slideshow_slide slideshow_slide_image\">\r\n\t\t\t\t\t\t\t\t\t\t\t<img src=\"https:\/\/agora.xtec.cat\/ieslaromanica\/wp-content\/uploads\/usu857\/2019\/09\/20190627194348_IMG_0599.jpg\" alt=\"20190627194348_IMG_0599\" width=\"2160\" height=\"1440\" \/>\r\n\t\t\t\t\t\t\t\t\t\t<div class=\"slideshow_description_box slideshow_transparent\">\r\n\t\t\t\t\t\t\t\t\t\t\t\t\t\t\t\t\t<\/div>\r\n\t\t\t\t<\/div>\r\n\r\n\t\t\t\t\t\t<div style=\"clear: both;\"><\/div><\/div><div class=\"slideshow_view\">\r\n\t\t\t\t<div class=\"slideshow_slide slideshow_slide_image\">\r\n\t\t\t\t\t\t\t\t\t\t\t<img src=\"https:\/\/agora.xtec.cat\/ieslaromanica\/wp-content\/uploads\/usu857\/2019\/09\/20190627194705_IMG_0604.jpg\" alt=\"20190627194705_IMG_0604\" width=\"2160\" height=\"1440\" \/>\r\n\t\t\t\t\t\t\t\t\t\t<div class=\"slideshow_description_box slideshow_transparent\">\r\n\t\t\t\t\t\t\t\t\t\t\t\t\t\t\t\t\t<\/div>\r\n\t\t\t\t<\/div>\r\n\r\n\t\t\t\t\t\t<div style=\"clear: both;\"><\/div><\/div>\r\n\t\t<\/div>\r\n\r\n\t\t<div class=\"slideshow_controlPanel slideshow_transparent\" style=\"display: none;\"><ul><li class=\"slideshow_togglePlay\" data-play-text=\"Visualitza\" data-pause-text=\"Pausa\"><\/li><\/ul><\/div>\r\n\r\n\t\t<div class=\"slideshow_button slideshow_previous slideshow_transparent\" role=\"button\" data-previous-text=\"Anterior\" style=\"display: none;\"><\/div>\r\n\t\t<div class=\"slideshow_button slideshow_next slideshow_transparent\" role=\"button\" data-next-text=\"Seg\u00fcent\" style=\"display: none;\"><\/div>\r\n\r\n\t\t<div class=\"slideshow_pagination\" style=\"display: none;\" data-go-to-text=\"V\u00e9s a la diapositiva\"><div class=\"slideshow_pagination_center\"><\/div><\/div>\r\n\r\n\t\t<!-- WordPress Slideshow Version 2.3.1 -->\r\n\r\n\t\t\t<\/div>\r\n\r\n<\/p>\n<p>&nbsp;<\/p>\n<p style=\"text-align: justify;\">Nois i nois de 4t d&#8217;ESO: Molts vau arribar amb 11 o 12 anys i, literalment, us hem vist cr\u00e9ixer. Esperem que guardeu un bon record de la vostra estada a l&#8217;institut, que hagueu fet bones amistats i coneixences, i que us sentiu preparades i preparats per seguir el vostre viatge. Molts i moltes, seguireu el proper curs a l&#8217;Institut La Rom\u00e0nica cursant Batxillerat, un cicle Formatiu de Grau Mitj\u00e0 o un PFI, per\u00f2 altres emprendreu el vol. Per aix\u00f2, tota la comunitat educativa volem desitjar-vos molta sort en els nous camins que aviat emprendreu.<\/p>\n<h4 style=\"text-align: justify;\">Sort i fins sempre!<\/h4>\n<p style=\"text-align: justify;\">\n","protected":false},"excerpt":{"rendered":"<p><a href=\"https:\/\/agora.xtec.cat\/ieslaromanica\/wp-content\/uploads\/usu857\/2019\/09\/20190627165842_IMG_0521.jpg\"><\/a><br \/>\nFotografies: Elisa Rom\u00e1n<br \/>\nTMC, dijous 27 de juny de 2019. S&#8217;apaguem els llums i es fa el silenci. Fam\u00edlies, professorat i els nois i noies resten expectants. Estan a punt d&#8217;iniciar-se els actes de graduaci\u00f3 i de comiat de l&#8217;alumnat de 4t d&#8217;ESO.<br \/>\nComencen amb una&hellip;  <a href=\"https:\/\/agora.xtec.cat\/ieslaromanica\/general\/graduacions-de-4t-deso-promocio-2015-2019\/\" title=\"Read GRADUACIONS de 4t d&#8217;ESO (promoci\u00f3 2015-2019)\">Llegeix m\u00e9s\u00bb<\/a><\/p>\n","protected":false},"author":3,"featured_media":15222,"comment_status":"open","ping_status":"closed","sticky":false,"template":"","format":"standard","meta":{"_bbp_topic_count":0,"_bbp_reply_count":0,"_bbp_total_topic_count":0,"_bbp_total_reply_count":0,"_bbp_voice_count":0,"_bbp_anonymous_reply_count":0,"_bbp_topic_count_hidden":0,"_bbp_reply_count_hidden":0,"_bbp_forum_subforum_count":0,"footnotes":""},"categories":[314,3,7,1,29],"tags":[291,376,166],"class_list":["post-15207","post","type-post","status-publish","format-standard","has-post-thumbnail","hentry","category-activitats-extraescolars","category-eso","category-eso-4","category-general","category-portada","tag-celebracions","tag-graduacions","tag-graduacions-4t-eso"],"post_mailing_queue_ids":[],"_links":{"self":[{"href":"https:\/\/agora.xtec.cat\/ieslaromanica\/wp-json\/wp\/v2\/posts\/15207","targetHints":{"allow":["GET"]}}],"collection":[{"href":"https:\/\/agora.xtec.cat\/ieslaromanica\/wp-json\/wp\/v2\/posts"}],"about":[{"href":"https:\/\/agora.xtec.cat\/ieslaromanica\/wp-json\/wp\/v2\/types\/post"}],"author":[{"embeddable":true,"href":"https:\/\/agora.xtec.cat\/ieslaromanica\/wp-json\/wp\/v2\/users\/3"}],"replies":[{"embeddable":true,"href":"https:\/\/agora.xtec.cat\/ieslaromanica\/wp-json\/wp\/v2\/comments?post=15207"}],"version-history":[{"count":3,"href":"https:\/\/agora.xtec.cat\/ieslaromanica\/wp-json\/wp\/v2\/posts\/15207\/revisions"}],"predecessor-version":[{"id":15257,"href":"https:\/\/agora.xtec.cat\/ieslaromanica\/wp-json\/wp\/v2\/posts\/15207\/revisions\/15257"}],"wp:featuredmedia":[{"embeddable":true,"href":"https:\/\/agora.xtec.cat\/ieslaromanica\/wp-json\/wp\/v2\/media\/15222"}],"wp:attachment":[{"href":"https:\/\/agora.xtec.cat\/ieslaromanica\/wp-json\/wp\/v2\/media?parent=15207"}],"wp:term":[{"taxonomy":"category","embeddable":true,"href":"https:\/\/agora.xtec.cat\/ieslaromanica\/wp-json\/wp\/v2\/categories?post=15207"},{"taxonomy":"post_tag","embeddable":true,"href":"https:\/\/agora.xtec.cat\/ieslaromanica\/wp-json\/wp\/v2\/tags?post=15207"}],"curies":[{"name":"wp","href":"https:\/\/api.w.org\/{rel}","templated":true}]}}