{"id":15196,"date":"2019-10-21T12:23:33","date_gmt":"2019-10-21T10:23:33","guid":{"rendered":"http:\/\/agora.xtec.cat\/ieslaromanica\/?p=15196"},"modified":"2020-03-19T12:12:44","modified_gmt":"2020-03-19T11:12:44","slug":"gracies-regina-montse-i-emilia","status":"publish","type":"post","link":"https:\/\/agora.xtec.cat\/ieslaromanica\/general\/gracies-regina-montse-i-emilia\/","title":{"rendered":"Gr\u00e0cies REGINA, MONTSE I EMILIA"},"content":{"rendered":"<p style=\"text-align: justify;\">De ben segur que ara ja fa un temps que no veieu pel nostre institut a la Regina Tagliaferro, a la Montse Sorribas i a l&#8217;Emilia Moralo, oi? Totes tres han viscut una situaci\u00f3 similar, que \u00e9s que els ha arribat la jubilaci\u00f3 estant de baixa laboral. Aquest \u00e9s el motiu pel qual no han pogut acomiadar-se del seu alumnat, com a elles els hagu\u00e9s agradat fer.<\/p>\n<p style=\"text-align: justify;\">Des de la comunitat educativa aprofitem per agrair-los tant anys de dedicaci\u00f3 a l&#8217;ensenyament i al nostre institut, cadascuna des de les seves respectives disciplines:<\/p>\n<p>&nbsp;<\/p>\n<h4><strong>REGINA TAGLIAFERRO:<\/strong><\/h4>\n<p>&nbsp;<\/p>\n<p><a href=\"https:\/\/agora.xtec.cat\/ieslaromanica\/wp-content\/uploads\/usu857\/2019\/09\/15270.jpg\"><br \/>\n<img loading=\"lazy\" decoding=\"async\" class=\"size-full wp-image-15200 aligncenter\" src=\"https:\/\/agora.xtec.cat\/ieslaromanica\/wp-content\/uploads\/usu857\/2019\/09\/15270.jpg\" alt=\"\" width=\"864\" height=\"868\" srcset=\"https:\/\/agora.xtec.cat\/ieslaromanica\/wp-content\/uploads\/usu857\/2019\/09\/15270.jpg 864w, https:\/\/agora.xtec.cat\/ieslaromanica\/wp-content\/uploads\/usu857\/2019\/09\/15270-150x150.jpg 150w, https:\/\/agora.xtec.cat\/ieslaromanica\/wp-content\/uploads\/usu857\/2019\/09\/15270-300x300.jpg 300w, https:\/\/agora.xtec.cat\/ieslaromanica\/wp-content\/uploads\/usu857\/2019\/09\/15270-768x772.jpg 768w\" sizes=\"auto, (max-width: 864px) 100vw, 864px\" \/><\/a><\/p>\n<p style=\"text-align: justify;\"><em>Morning!<\/em><\/p>\n<p style=\"text-align: justify;\">La Regina Tagliaferro, professora del Departament de Lleng\u00fces Estrangeres, se&#8217;ns ha jubilat.<\/p>\n<p style=\"text-align: justify;\">Va arribar al centre el dia 1 d&#8217;octubre de 1988 i durant m\u00e9s tres d\u00e8cades ha estat professora d&#8217;angl\u00e8s de l&#8217;Institut La Rom\u00e0nica, i tamb\u00e9 va tenir el c\u00e0rrec de Cap de Departament de Lleng\u00fces Estrangeres.<\/p>\n<p style=\"text-align: justify;\">De tracte dol\u00e7 i amable, per\u00f2 alhora una persona lluitadora, intu\u00eftiva, participativa i extravertida, ha sabut sempre ficar-se l&#8217;alumnat a la butxaca.<\/p>\n<p style=\"text-align: justify;\">Segur que la recordarem amb un somriure a la cara, amb un gran sentit de l&#8217;humor i sempre disposada a disfressar-se per Carnaval i per Halloween:<\/p>\n<p style=\"text-align: center;\"><a href=\"https:\/\/agora.xtec.cat\/ieslaromanica\/wp-content\/uploads\/usu857\/2019\/09\/9524.jpg\"><img loading=\"lazy\" decoding=\"async\" class=\"alignnone size-full wp-image-15199\" src=\"https:\/\/agora.xtec.cat\/ieslaromanica\/wp-content\/uploads\/usu857\/2019\/09\/9524.jpg\" alt=\"\" width=\"1168\" height=\"1176\" srcset=\"https:\/\/agora.xtec.cat\/ieslaromanica\/wp-content\/uploads\/usu857\/2019\/09\/9524.jpg 1168w, https:\/\/agora.xtec.cat\/ieslaromanica\/wp-content\/uploads\/usu857\/2019\/09\/9524-150x150.jpg 150w, https:\/\/agora.xtec.cat\/ieslaromanica\/wp-content\/uploads\/usu857\/2019\/09\/9524-298x300.jpg 298w, https:\/\/agora.xtec.cat\/ieslaromanica\/wp-content\/uploads\/usu857\/2019\/09\/9524-768x773.jpg 768w, https:\/\/agora.xtec.cat\/ieslaromanica\/wp-content\/uploads\/usu857\/2019\/09\/9524-1017x1024.jpg 1017w\" sizes=\"auto, (max-width: 1168px) 100vw, 1168px\" \/><\/a><\/p>\n<h4 style=\"text-align: center;\">We love you Regina!!!<\/h4>\n<p>&nbsp;<\/p>\n<h4><strong>MONTSE SORRIBAS:<\/strong><\/h4>\n<p>&nbsp;<\/p>\n<h2 style=\"text-align: center;\"><a href=\"https:\/\/agora.xtec.cat\/ieslaromanica\/wp-content\/uploads\/usu857\/2019\/09\/montse-retallada-2.jpg\"><img loading=\"lazy\" decoding=\"async\" class=\"alignnone size-full wp-image-15303\" src=\"https:\/\/agora.xtec.cat\/ieslaromanica\/wp-content\/uploads\/usu857\/2019\/09\/montse-retallada-2.jpg\" alt=\"\" width=\"1113\" height=\"981\" srcset=\"https:\/\/agora.xtec.cat\/ieslaromanica\/wp-content\/uploads\/usu857\/2019\/09\/montse-retallada-2.jpg 1113w, https:\/\/agora.xtec.cat\/ieslaromanica\/wp-content\/uploads\/usu857\/2019\/09\/montse-retallada-2-300x264.jpg 300w, https:\/\/agora.xtec.cat\/ieslaromanica\/wp-content\/uploads\/usu857\/2019\/09\/montse-retallada-2-768x677.jpg 768w, https:\/\/agora.xtec.cat\/ieslaromanica\/wp-content\/uploads\/usu857\/2019\/09\/montse-retallada-2-1024x903.jpg 1024w\" sizes=\"auto, (max-width: 1113px) 100vw, 1113px\" \/><\/a><\/h2>\n<p style=\"text-align: justify;\">La Montse pertany a una de les generacions de professorat que ha vist m\u00e9s canvis en el sistema educatiu actual. Va arribar a l&#8217;Institut La Rom\u00e0nica el 17 d&#8217;octubre de 1985 i ha estat professora de matem\u00e0tiques durant m\u00e9s de 30 anys, aix\u00ed com Cap de Departament de Matem\u00e0tiques.<\/p>\n<p style=\"text-align: justify;\">La Montse \u00e9s una apassionada del llenguatge matem\u00e0tic i ha cercat sempre formes de fer arribar les matem\u00e0tiques a l&#8217;alumnat. Tot un repte!<\/p>\n<p style=\"text-align: justify;\">Ha estat una professora entregada a l&#8217;ensenyament, molt din\u00e0mica, disciplinada i responsable, sensible, \u00edntegra i entranyable.<\/p>\n<p style=\"text-align: justify;\">Els companys i companyes la trobarem a faltar, ja que han estat molts anys de conviv\u00e8ncia i d&#8217;aprenentatges al seu costat. Aqu\u00ed la teniu amb les seves companyes del Departament de Matem\u00e0tiques:<\/p>\n<p>&nbsp;<\/p>\n<h2 style=\"text-align: center;\"><a href=\"https:\/\/agora.xtec.cat\/ieslaromanica\/wp-content\/uploads\/usu857\/2019\/09\/montse-amb-mates-retallada.jpg\"><img loading=\"lazy\" decoding=\"async\" class=\"alignnone size-full wp-image-15302\" src=\"https:\/\/agora.xtec.cat\/ieslaromanica\/wp-content\/uploads\/usu857\/2019\/09\/montse-amb-mates-retallada.jpg\" alt=\"\" width=\"1209\" height=\"479\" srcset=\"https:\/\/agora.xtec.cat\/ieslaromanica\/wp-content\/uploads\/usu857\/2019\/09\/montse-amb-mates-retallada.jpg 1209w, https:\/\/agora.xtec.cat\/ieslaromanica\/wp-content\/uploads\/usu857\/2019\/09\/montse-amb-mates-retallada-300x119.jpg 300w, https:\/\/agora.xtec.cat\/ieslaromanica\/wp-content\/uploads\/usu857\/2019\/09\/montse-amb-mates-retallada-768x304.jpg 768w, https:\/\/agora.xtec.cat\/ieslaromanica\/wp-content\/uploads\/usu857\/2019\/09\/montse-amb-mates-retallada-1024x406.jpg 1024w\" sizes=\"auto, (max-width: 1209px) 100vw, 1209px\" \/><\/a><\/h2>\n<p>&nbsp;<\/p>\n<h4><strong>EMILIA MORALO:<\/strong><\/h4>\n<p>&nbsp;<\/p>\n<h2 style=\"text-align: center;\"><a href=\"https:\/\/agora.xtec.cat\/ieslaromanica\/wp-content\/uploads\/usu857\/2019\/10\/emilia-escollida-retallada.jpg\"><img loading=\"lazy\" decoding=\"async\" class=\"alignnone size-full wp-image-15420\" src=\"https:\/\/agora.xtec.cat\/ieslaromanica\/wp-content\/uploads\/usu857\/2019\/10\/emilia-escollida-retallada.jpg\" alt=\"\" width=\"937\" height=\"1001\" srcset=\"https:\/\/agora.xtec.cat\/ieslaromanica\/wp-content\/uploads\/usu857\/2019\/10\/emilia-escollida-retallada.jpg 937w, https:\/\/agora.xtec.cat\/ieslaromanica\/wp-content\/uploads\/usu857\/2019\/10\/emilia-escollida-retallada-281x300.jpg 281w, https:\/\/agora.xtec.cat\/ieslaromanica\/wp-content\/uploads\/usu857\/2019\/10\/emilia-escollida-retallada-768x820.jpg 768w\" sizes=\"auto, (max-width: 937px) 100vw, 937px\" \/><\/a><\/h2>\n<p style=\"text-align: justify;\">L&#8217;Emilia va arribar al nostre centre el dia 1 de setembre de 2005, fa tamb\u00e9 un bon grapat d&#8217;anys. Ha estat professora de llengua i de literatura castellana, i tamb\u00e9 Cap de Departament de Llengua Castellana.<\/p>\n<p style=\"text-align: justify;\">Ha estat una persona totalment bolcada en l&#8217;ensenyament de la llengua i literatura castellana, tant a l&#8217;ESO com a Batxillerat i ha sabut transmetre a l&#8217;alumnat aquesta passi\u00f3. De tracte exquisit, honesta, propera, lleial, culta i una gran lectora que ha fet estimar els llibres a l&#8217;alumnat.<\/p>\n<h2 style=\"text-align: center;\"><a href=\"https:\/\/agora.xtec.cat\/ieslaromanica\/wp-content\/uploads\/usu857\/2019\/10\/emilia-escollida-retallada-3.jpg\"><img loading=\"lazy\" decoding=\"async\" class=\"alignnone size-full wp-image-15418\" src=\"https:\/\/agora.xtec.cat\/ieslaromanica\/wp-content\/uploads\/usu857\/2019\/10\/emilia-escollida-retallada-3.jpg\" alt=\"\" width=\"1155\" height=\"769\" srcset=\"https:\/\/agora.xtec.cat\/ieslaromanica\/wp-content\/uploads\/usu857\/2019\/10\/emilia-escollida-retallada-3.jpg 1155w, https:\/\/agora.xtec.cat\/ieslaromanica\/wp-content\/uploads\/usu857\/2019\/10\/emilia-escollida-retallada-3-300x200.jpg 300w, https:\/\/agora.xtec.cat\/ieslaromanica\/wp-content\/uploads\/usu857\/2019\/10\/emilia-escollida-retallada-3-768x511.jpg 768w, https:\/\/agora.xtec.cat\/ieslaromanica\/wp-content\/uploads\/usu857\/2019\/10\/emilia-escollida-retallada-3-1024x682.jpg 1024w\" sizes=\"auto, (max-width: 1155px) 100vw, 1155px\" \/><\/a><\/h2>\n<p style=\"text-align: justify;\">De part de tota la comunitat educativa, volem agrair a la Montse Sorribas, a la Regina Tagliaferro i a l&#8217;Emilia Moralo, tres professores de vocaci\u00f3, tots aquests anys de dedicaci\u00f3 al nostre centre i a l&#8217;ensenyament. Alhora, volem desitjar a totes tres el millor en aquesta nova etapa de les seves vides.<\/p>\n<p style=\"text-align: justify;\">Molta sort en els nous camins i possibilitats que la jubilaci\u00f3 us ofereix.<\/p>\n<h4 style=\"text-align: justify;\">Us estimem!<\/h4>\n","protected":false},"excerpt":{"rendered":"<p>De ben segur que ara ja fa un temps que no veieu pel nostre institut a la Regina Tagliaferro, a la Montse Sorribas i a l&#8217;Emilia Moralo, oi? Totes tres han viscut una situaci\u00f3 similar, que \u00e9s que els ha arribat la jubilaci\u00f3 estant de&hellip;  <a href=\"https:\/\/agora.xtec.cat\/ieslaromanica\/general\/gracies-regina-montse-i-emilia\/\" title=\"Read Gr\u00e0cies REGINA, MONTSE I EMILIA\">Llegeix m\u00e9s\u00bb<\/a><\/p>\n","protected":false},"author":3,"featured_media":15200,"comment_status":"open","ping_status":"closed","sticky":false,"template":"","format":"standard","meta":{"_bbp_topic_count":0,"_bbp_reply_count":0,"_bbp_total_topic_count":0,"_bbp_total_reply_count":0,"_bbp_voice_count":0,"_bbp_anonymous_reply_count":0,"_bbp_topic_count_hidden":0,"_bbp_reply_count_hidden":0,"_bbp_forum_subforum_count":0,"footnotes":""},"categories":[1,29],"tags":[167],"class_list":["post-15196","post","type-post","status-publish","format-standard","has-post-thumbnail","hentry","category-general","category-portada","tag-jubilacio"],"post_mailing_queue_ids":[],"_links":{"self":[{"href":"https:\/\/agora.xtec.cat\/ieslaromanica\/wp-json\/wp\/v2\/posts\/15196","targetHints":{"allow":["GET"]}}],"collection":[{"href":"https:\/\/agora.xtec.cat\/ieslaromanica\/wp-json\/wp\/v2\/posts"}],"about":[{"href":"https:\/\/agora.xtec.cat\/ieslaromanica\/wp-json\/wp\/v2\/types\/post"}],"author":[{"embeddable":true,"href":"https:\/\/agora.xtec.cat\/ieslaromanica\/wp-json\/wp\/v2\/users\/3"}],"replies":[{"embeddable":true,"href":"https:\/\/agora.xtec.cat\/ieslaromanica\/wp-json\/wp\/v2\/comments?post=15196"}],"version-history":[{"count":3,"href":"https:\/\/agora.xtec.cat\/ieslaromanica\/wp-json\/wp\/v2\/posts\/15196\/revisions"}],"predecessor-version":[{"id":15494,"href":"https:\/\/agora.xtec.cat\/ieslaromanica\/wp-json\/wp\/v2\/posts\/15196\/revisions\/15494"}],"wp:featuredmedia":[{"embeddable":true,"href":"https:\/\/agora.xtec.cat\/ieslaromanica\/wp-json\/wp\/v2\/media\/15200"}],"wp:attachment":[{"href":"https:\/\/agora.xtec.cat\/ieslaromanica\/wp-json\/wp\/v2\/media?parent=15196"}],"wp:term":[{"taxonomy":"category","embeddable":true,"href":"https:\/\/agora.xtec.cat\/ieslaromanica\/wp-json\/wp\/v2\/categories?post=15196"},{"taxonomy":"post_tag","embeddable":true,"href":"https:\/\/agora.xtec.cat\/ieslaromanica\/wp-json\/wp\/v2\/tags?post=15196"}],"curies":[{"name":"wp","href":"https:\/\/api.w.org\/{rel}","templated":true}]}}