{"id":14955,"date":"2019-06-19T11:00:31","date_gmt":"2019-06-19T09:00:31","guid":{"rendered":"http:\/\/agora.xtec.cat\/ieslaromanica\/?p=14955"},"modified":"2020-02-08T13:03:37","modified_gmt":"2020-02-08T12:03:37","slug":"i-jornada-dintercanvi-dexperiencies-aps","status":"publish","type":"post","link":"https:\/\/agora.xtec.cat\/ieslaromanica\/general\/i-jornada-dintercanvi-dexperiencies-aps\/","title":{"rendered":"I JORNADA D&#8217;INTERCANVI D&#8217;EXPERIENCIES APS"},"content":{"rendered":"<p style=\"text-align: center;\"><a href=\"https:\/\/agora.xtec.cat\/ieslaromanica\/wp-content\/uploads\/usu857\/2019\/06\/mosaic-jornada-aps.jpg\"><img loading=\"lazy\" decoding=\"async\" class=\"alignnone size-full wp-image-14956\" src=\"https:\/\/agora.xtec.cat\/ieslaromanica\/wp-content\/uploads\/usu857\/2019\/06\/mosaic-jornada-aps.jpg\" alt=\"\" width=\"900\" height=\"700\" srcset=\"https:\/\/agora.xtec.cat\/ieslaromanica\/wp-content\/uploads\/usu857\/2019\/06\/mosaic-jornada-aps.jpg 900w, https:\/\/agora.xtec.cat\/ieslaromanica\/wp-content\/uploads\/usu857\/2019\/06\/mosaic-jornada-aps-300x233.jpg 300w, https:\/\/agora.xtec.cat\/ieslaromanica\/wp-content\/uploads\/usu857\/2019\/06\/mosaic-jornada-aps-768x597.jpg 768w\" sizes=\"auto, (max-width: 900px) 100vw, 900px\" \/><\/a><\/p>\n<p>Text i imatges: Ester Alc\u00f3n<\/p>\n<p style=\"text-align: justify;\">El nostre centre va participar dimecres 29 de maig a la I Jornada d&#8217;intercanvi d&#8217;experi\u00e8ncies APS a Barber\u00e0 del Vall\u00e8s. L&#8217;acte va tenir lloc a la Torre d&#8217;en Gorgs i va congregar tant a representants de diverses entitats de la ciutat com als agents educatius.<\/p>\n<p style=\"text-align: justify;\">L&#8217;Institut La Rom\u00e0nica va presentar el projecte INTERNET SEGURA DE TU A TU en el qual ha participat alumnat de 3r i 1r d&#8217;ESO i el Cos de Mossos d&#8217;Esquadra. Agra\u00efm des d&#8217;aqu\u00ed la pres\u00e8ncia de l&#8217;agent Jose Arenas, que va ser qui va explicar el projecte a l&#8217;audi\u00e8ncia.<\/p>\n<p style=\"text-align: justify;\">A m\u00e9s a m\u00e9s, tamb\u00e9 es va presentar l&#8217;APS CONTACONTES, on l&#8217;alumnat d&#8217;orat\u00f2ria (catal\u00e0) de 4t d&#8217;ESO i nois i noies de l&#8217;escola Miquel Mart\u00ed i Pol han participat d&#8217;aquest projecte.<\/p>\n<p style=\"text-align: center;\"><a href=\"https:\/\/agora.xtec.cat\/ieslaromanica\/wp-content\/uploads\/usu857\/2019\/06\/foto-alumnes-APS.jpg\"><img loading=\"lazy\" decoding=\"async\" class=\"alignnone  wp-image-14958\" src=\"https:\/\/agora.xtec.cat\/ieslaromanica\/wp-content\/uploads\/usu857\/2019\/06\/foto-alumnes-APS.jpg\" alt=\"\" width=\"496\" height=\"651\" srcset=\"https:\/\/agora.xtec.cat\/ieslaromanica\/wp-content\/uploads\/usu857\/2019\/06\/foto-alumnes-APS.jpg 1157w, https:\/\/agora.xtec.cat\/ieslaromanica\/wp-content\/uploads\/usu857\/2019\/06\/foto-alumnes-APS-229x300.jpg 229w, https:\/\/agora.xtec.cat\/ieslaromanica\/wp-content\/uploads\/usu857\/2019\/06\/foto-alumnes-APS-768x1007.jpg 768w, https:\/\/agora.xtec.cat\/ieslaromanica\/wp-content\/uploads\/usu857\/2019\/06\/foto-alumnes-APS-781x1024.jpg 781w\" sizes=\"auto, (max-width: 496px) 100vw, 496px\" \/><\/a><\/p>\n<p style=\"text-align: justify;\">Les diferents activitats que van conformar la jornada: una presentaci\u00f3 mitjan\u00e7ant un video amb tots els projectes APS realitzats al llarg d&#8217;aquest curs, una xerrada a c\u00e0rrer de la Laura Rubio (professora a l&#8217;Universitat de Barcelona), la presentaci\u00f3 i exposici\u00f3 d&#8217;experi\u00e8ncies i els tallers participatius, van desenvolupar-se de forma molt amena i din\u00e0mica.<\/p>\n<p style=\"text-align: center;\"><a href=\"https:\/\/agora.xtec.cat\/ieslaromanica\/wp-content\/uploads\/usu857\/2019\/06\/mosso-APS.jpg\"><img loading=\"lazy\" decoding=\"async\" class=\"alignnone  wp-image-14959\" src=\"https:\/\/agora.xtec.cat\/ieslaromanica\/wp-content\/uploads\/usu857\/2019\/06\/mosso-APS.jpg\" alt=\"\" width=\"489\" height=\"524\" srcset=\"https:\/\/agora.xtec.cat\/ieslaromanica\/wp-content\/uploads\/usu857\/2019\/06\/mosso-APS.jpg 1105w, https:\/\/agora.xtec.cat\/ieslaromanica\/wp-content\/uploads\/usu857\/2019\/06\/mosso-APS-280x300.jpg 280w, https:\/\/agora.xtec.cat\/ieslaromanica\/wp-content\/uploads\/usu857\/2019\/06\/mosso-APS-768x824.jpg 768w, https:\/\/agora.xtec.cat\/ieslaromanica\/wp-content\/uploads\/usu857\/2019\/06\/mosso-APS-955x1024.jpg 955w\" sizes=\"auto, (max-width: 489px) 100vw, 489px\" \/><\/a><\/p>\n<p style=\"text-align: justify;\">Enhorabona a la t\u00e8cnica i a la Cap de la Secci\u00f3 d&#8217;Educaci\u00f3 de l&#8217;Ajuntament (Sara Torres i Cristina Bernab\u00e9) per la iniciativa i promoci\u00f3 de l&#8217;Aprenentatge i Servei.<\/p>\n<h5 style=\"text-align: justify;\">Fent APS educoB!<\/h5>\n","protected":false},"excerpt":{"rendered":"<p><a href=\"https:\/\/agora.xtec.cat\/ieslaromanica\/wp-content\/uploads\/usu857\/2019\/06\/mosaic-jornada-aps.jpg\"><\/a><br \/>\nText i imatges: Ester Alc\u00f3n<br \/>\nEl nostre centre va participar dimecres 29 de maig a la I Jornada d&#8217;intercanvi d&#8217;experi\u00e8ncies APS a Barber\u00e0 del Vall\u00e8s. L&#8217;acte va tenir lloc a la Torre d&#8217;en Gorgs i va congregar tant a representants de diverses entitats de la&hellip;  <a href=\"https:\/\/agora.xtec.cat\/ieslaromanica\/general\/i-jornada-dintercanvi-dexperiencies-aps\/\" title=\"Read I JORNADA D&#8217;INTERCANVI D&#8217;EXPERIENCIES APS\">Llegeix m\u00e9s\u00bb<\/a><\/p>\n","protected":false},"author":3,"featured_media":14956,"comment_status":"open","ping_status":"closed","sticky":false,"template":"","format":"standard","meta":{"_bbp_topic_count":0,"_bbp_reply_count":0,"_bbp_total_topic_count":0,"_bbp_total_reply_count":0,"_bbp_voice_count":0,"_bbp_anonymous_reply_count":0,"_bbp_topic_count_hidden":0,"_bbp_reply_count_hidden":0,"_bbp_forum_subforum_count":0,"footnotes":""},"categories":[1,29],"tags":[240,277,266],"class_list":["post-14955","post","type-post","status-publish","format-standard","has-post-thumbnail","hentry","category-general","category-portada","tag-240","tag-aps","tag-educob"],"post_mailing_queue_ids":[],"_links":{"self":[{"href":"https:\/\/agora.xtec.cat\/ieslaromanica\/wp-json\/wp\/v2\/posts\/14955","targetHints":{"allow":["GET"]}}],"collection":[{"href":"https:\/\/agora.xtec.cat\/ieslaromanica\/wp-json\/wp\/v2\/posts"}],"about":[{"href":"https:\/\/agora.xtec.cat\/ieslaromanica\/wp-json\/wp\/v2\/types\/post"}],"author":[{"embeddable":true,"href":"https:\/\/agora.xtec.cat\/ieslaromanica\/wp-json\/wp\/v2\/users\/3"}],"replies":[{"embeddable":true,"href":"https:\/\/agora.xtec.cat\/ieslaromanica\/wp-json\/wp\/v2\/comments?post=14955"}],"version-history":[{"count":3,"href":"https:\/\/agora.xtec.cat\/ieslaromanica\/wp-json\/wp\/v2\/posts\/14955\/revisions"}],"predecessor-version":[{"id":16509,"href":"https:\/\/agora.xtec.cat\/ieslaromanica\/wp-json\/wp\/v2\/posts\/14955\/revisions\/16509"}],"wp:featuredmedia":[{"embeddable":true,"href":"https:\/\/agora.xtec.cat\/ieslaromanica\/wp-json\/wp\/v2\/media\/14956"}],"wp:attachment":[{"href":"https:\/\/agora.xtec.cat\/ieslaromanica\/wp-json\/wp\/v2\/media?parent=14955"}],"wp:term":[{"taxonomy":"category","embeddable":true,"href":"https:\/\/agora.xtec.cat\/ieslaromanica\/wp-json\/wp\/v2\/categories?post=14955"},{"taxonomy":"post_tag","embeddable":true,"href":"https:\/\/agora.xtec.cat\/ieslaromanica\/wp-json\/wp\/v2\/tags?post=14955"}],"curies":[{"name":"wp","href":"https:\/\/api.w.org\/{rel}","templated":true}]}}