{"id":14903,"date":"2019-05-31T15:39:09","date_gmt":"2019-05-31T13:39:09","guid":{"rendered":"http:\/\/agora.xtec.cat\/ieslaromanica\/?p=14903"},"modified":"2019-05-31T15:41:12","modified_gmt":"2019-05-31T13:41:12","slug":"1rs-deso-visiten-el-bosc-de-santiga","status":"publish","type":"post","link":"https:\/\/agora.xtec.cat\/ieslaromanica\/general\/1rs-deso-visiten-el-bosc-de-santiga\/","title":{"rendered":"1rs d&#8217;ESO visiten el Bosc de Santiga"},"content":{"rendered":"<p>Aquests dies de final de curs l&#8217;alumnat de 1r d&#8217;ESO avan\u00e7a algunes de les sortides que corresponen al Treball de S\u00edntesi de 1r d&#8217;ESO, dedicat al coneixement de la nostra ciutat, Barber\u00e0 del Vall\u00e8s.<\/p>\n<p>Aqu\u00ed teniu algunes imatges de la sortida al Bosc de Santiga.<\/p>\n<p><a href=\"https:\/\/agora.xtec.cat\/ieslaromanica\/wp-content\/uploads\/usu857\/2019\/05\/IMG_5885.jpg\"><img loading=\"lazy\" decoding=\"async\" class=\"alignnone size-full wp-image-14904\" src=\"https:\/\/agora.xtec.cat\/ieslaromanica\/wp-content\/uploads\/usu857\/2019\/05\/IMG_5885.jpg\" alt=\"\" width=\"1613\" height=\"1210\" srcset=\"https:\/\/agora.xtec.cat\/ieslaromanica\/wp-content\/uploads\/usu857\/2019\/05\/IMG_5885.jpg 1613w, https:\/\/agora.xtec.cat\/ieslaromanica\/wp-content\/uploads\/usu857\/2019\/05\/IMG_5885-300x225.jpg 300w, https:\/\/agora.xtec.cat\/ieslaromanica\/wp-content\/uploads\/usu857\/2019\/05\/IMG_5885-768x576.jpg 768w, https:\/\/agora.xtec.cat\/ieslaromanica\/wp-content\/uploads\/usu857\/2019\/05\/IMG_5885-1024x768.jpg 1024w, https:\/\/agora.xtec.cat\/ieslaromanica\/wp-content\/uploads\/usu857\/2019\/05\/IMG_5885-200x150.jpg 200w\" sizes=\"auto, (max-width: 1613px) 100vw, 1613px\" \/><\/a><\/p>\n<p>&nbsp;<\/p>\n<p><a href=\"https:\/\/agora.xtec.cat\/ieslaromanica\/wp-content\/uploads\/usu857\/2019\/05\/IMG_5883.jpg\"><img loading=\"lazy\" decoding=\"async\" class=\"alignnone size-full wp-image-14905\" src=\"https:\/\/agora.xtec.cat\/ieslaromanica\/wp-content\/uploads\/usu857\/2019\/05\/IMG_5883.jpg\" alt=\"\" width=\"1613\" height=\"1210\" srcset=\"https:\/\/agora.xtec.cat\/ieslaromanica\/wp-content\/uploads\/usu857\/2019\/05\/IMG_5883.jpg 1613w, https:\/\/agora.xtec.cat\/ieslaromanica\/wp-content\/uploads\/usu857\/2019\/05\/IMG_5883-300x225.jpg 300w, https:\/\/agora.xtec.cat\/ieslaromanica\/wp-content\/uploads\/usu857\/2019\/05\/IMG_5883-768x576.jpg 768w, https:\/\/agora.xtec.cat\/ieslaromanica\/wp-content\/uploads\/usu857\/2019\/05\/IMG_5883-1024x768.jpg 1024w, https:\/\/agora.xtec.cat\/ieslaromanica\/wp-content\/uploads\/usu857\/2019\/05\/IMG_5883-200x150.jpg 200w\" sizes=\"auto, (max-width: 1613px) 100vw, 1613px\" \/><\/a><\/p>\n<p>&nbsp;<\/p>\n<p><a href=\"https:\/\/agora.xtec.cat\/ieslaromanica\/wp-content\/uploads\/usu857\/2019\/05\/IMG_5887.jpg\"><img loading=\"lazy\" decoding=\"async\" class=\"alignnone size-full wp-image-14906\" src=\"https:\/\/agora.xtec.cat\/ieslaromanica\/wp-content\/uploads\/usu857\/2019\/05\/IMG_5887.jpg\" alt=\"\" width=\"1210\" height=\"1613\" srcset=\"https:\/\/agora.xtec.cat\/ieslaromanica\/wp-content\/uploads\/usu857\/2019\/05\/IMG_5887.jpg 1210w, https:\/\/agora.xtec.cat\/ieslaromanica\/wp-content\/uploads\/usu857\/2019\/05\/IMG_5887-225x300.jpg 225w, https:\/\/agora.xtec.cat\/ieslaromanica\/wp-content\/uploads\/usu857\/2019\/05\/IMG_5887-768x1024.jpg 768w\" sizes=\"auto, (max-width: 1210px) 100vw, 1210px\" \/><\/a><\/p>\n","protected":false},"excerpt":{"rendered":"<p>Aquests dies de final de curs l&#8217;alumnat de 1r d&#8217;ESO avan\u00e7a algunes de les sortides que corresponen al Treball de S\u00edntesi de 1r d&#8217;ESO, dedicat al coneixement de la nostra ciutat, Barber\u00e0 del Vall\u00e8s.<br \/>\nAqu\u00ed teniu algunes imatges de la sortida al Bosc de Santiga.<br \/>\n<a href=\"https:\/\/agora.xtec.cat\/ieslaromanica\/wp-content\/uploads\/usu857\/2019\/05\/IMG_5885.jpg\"><\/a><br \/>\n&nbsp;<br \/>\n<a&hellip;  <a href=\"https:\/\/agora.xtec.cat\/ieslaromanica\/general\/1rs-deso-visiten-el-bosc-de-santiga\/\" title=\"Read 1rs d&#8217;ESO visiten el Bosc de Santiga\">Llegeix m\u00e9s\u00bb<\/a><\/p>\n","protected":false},"author":3,"featured_media":14905,"comment_status":"open","ping_status":"closed","sticky":false,"template":"","format":"standard","meta":{"_bbp_topic_count":0,"_bbp_reply_count":0,"_bbp_total_topic_count":0,"_bbp_total_reply_count":0,"_bbp_voice_count":0,"_bbp_anonymous_reply_count":0,"_bbp_topic_count_hidden":0,"_bbp_reply_count_hidden":0,"_bbp_forum_subforum_count":0,"footnotes":""},"categories":[3,4,1,29],"tags":[240,273,123,274],"class_list":["post-14903","post","type-post","status-publish","format-standard","has-post-thumbnail","hentry","category-eso","category-eso-1","category-general","category-portada","tag-240","tag-bosc-de-santiga","tag-sortida","tag-treball-de-sintesi-de-1r-deso"],"post_mailing_queue_ids":[],"_links":{"self":[{"href":"https:\/\/agora.xtec.cat\/ieslaromanica\/wp-json\/wp\/v2\/posts\/14903","targetHints":{"allow":["GET"]}}],"collection":[{"href":"https:\/\/agora.xtec.cat\/ieslaromanica\/wp-json\/wp\/v2\/posts"}],"about":[{"href":"https:\/\/agora.xtec.cat\/ieslaromanica\/wp-json\/wp\/v2\/types\/post"}],"author":[{"embeddable":true,"href":"https:\/\/agora.xtec.cat\/ieslaromanica\/wp-json\/wp\/v2\/users\/3"}],"replies":[{"embeddable":true,"href":"https:\/\/agora.xtec.cat\/ieslaromanica\/wp-json\/wp\/v2\/comments?post=14903"}],"version-history":[{"count":3,"href":"https:\/\/agora.xtec.cat\/ieslaromanica\/wp-json\/wp\/v2\/posts\/14903\/revisions"}],"predecessor-version":[{"id":14909,"href":"https:\/\/agora.xtec.cat\/ieslaromanica\/wp-json\/wp\/v2\/posts\/14903\/revisions\/14909"}],"wp:featuredmedia":[{"embeddable":true,"href":"https:\/\/agora.xtec.cat\/ieslaromanica\/wp-json\/wp\/v2\/media\/14905"}],"wp:attachment":[{"href":"https:\/\/agora.xtec.cat\/ieslaromanica\/wp-json\/wp\/v2\/media?parent=14903"}],"wp:term":[{"taxonomy":"category","embeddable":true,"href":"https:\/\/agora.xtec.cat\/ieslaromanica\/wp-json\/wp\/v2\/categories?post=14903"},{"taxonomy":"post_tag","embeddable":true,"href":"https:\/\/agora.xtec.cat\/ieslaromanica\/wp-json\/wp\/v2\/tags?post=14903"}],"curies":[{"name":"wp","href":"https:\/\/api.w.org\/{rel}","templated":true}]}}