{"id":14900,"date":"2019-06-19T12:30:45","date_gmt":"2019-06-19T10:30:45","guid":{"rendered":"http:\/\/agora.xtec.cat\/ieslaromanica\/?p=14900"},"modified":"2019-06-19T12:37:30","modified_gmt":"2019-06-19T10:37:30","slug":"sortida-a-franca-seguint-el-cami-de-lexili","status":"publish","type":"post","link":"https:\/\/agora.xtec.cat\/ieslaromanica\/general\/sortida-a-franca-seguint-el-cami-de-lexili\/","title":{"rendered":"Sortida a Fran\u00e7a, seguint el cam\u00ed de l&#8217;exili"},"content":{"rendered":"<p style=\"text-align: center;\"><a href=\"https:\/\/agora.xtec.cat\/ieslaromanica\/wp-content\/uploads\/usu857\/2019\/06\/20190530_132627.jpg\"><img loading=\"lazy\" decoding=\"async\" class=\"alignnone size-full wp-image-14965\" src=\"https:\/\/agora.xtec.cat\/ieslaromanica\/wp-content\/uploads\/usu857\/2019\/06\/20190530_132627.jpg\" alt=\"\" width=\"1280\" height=\"768\" srcset=\"https:\/\/agora.xtec.cat\/ieslaromanica\/wp-content\/uploads\/usu857\/2019\/06\/20190530_132627.jpg 1280w, https:\/\/agora.xtec.cat\/ieslaromanica\/wp-content\/uploads\/usu857\/2019\/06\/20190530_132627-300x180.jpg 300w, https:\/\/agora.xtec.cat\/ieslaromanica\/wp-content\/uploads\/usu857\/2019\/06\/20190530_132627-768x461.jpg 768w, https:\/\/agora.xtec.cat\/ieslaromanica\/wp-content\/uploads\/usu857\/2019\/06\/20190530_132627-1024x614.jpg 1024w\" sizes=\"auto, (max-width: 1280px) 100vw, 1280px\" \/><\/a><\/p>\n<p style=\"text-align: justify;\">El dia 30 de maig, l&#8217;alumnat de 4t d&#8217;ESO va poder concloure un projecte interdisciplinar, organitzat pels departaments de Llengua Castellana, Ci\u00e8ncies Socials i Llengua Catalana, fent una sortida a Fran\u00e7a, tot seguint el cam\u00ed de l&#8217;exili.<\/p>\n<p style=\"text-align: justify;\">A aquesta sortida, que tradicionalment es feia a 1r de Batxillerat i l&#8217;organitzava el Departament de Llengua Castellana, enguany se li ha donat un nou format, convertint-la en un projecte interdisciplinar.<\/p>\n<p style=\"text-align: justify;\">Des dels tres departaments, pr\u00e8viament coordinats, es van organitzar els continguts, materials i la sortida a Fran\u00e7a.<\/p>\n<p>Els eixos principals del projecte podrien resumir-se de la forma seg\u00fcent:<\/p>\n<ul>\n<li><strong>Cam\u00ed de l\u2019exili: el camp de refugiats d\u2019Argelers (C. Socials)<\/strong><\/li>\n<li><strong>Vida i mort d\u2019un exiliat: el poeta Antonio Machado (Llengua Castellana)<\/strong><\/li>\n<li><strong>L\u2019ajuda humanit\u00e0ria: la Maternitat d\u2019Elna (Llengua Catalana)<\/strong><\/li>\n<\/ul>\n<p style=\"text-align: justify;\">Des del Departament de C. Socials es va treballar a classe el qu\u00e8 va suposar l&#8217;exili republic\u00e0 a Fran\u00e7a i, durant la sortida, l&#8217;alumnat va fer, a l&#8217;autocar, lectures sobre el cam\u00ed de exili quan ja s&#8217;apropaven a la frontera amb Fran\u00e7a.<\/p>\n<p style=\"text-align: justify;\">Una noia de 4B, la claudia Herrera, va llegir emotivament un breu escrit, tot recordant que el seu besavi va fer el 1939 aquell mateix cam\u00ed i mostrant-nos el llibre que aquest va escriure (Jos\u00e9 Hern\u00e1ndez, <em>El tigre de guernica y otros relatos<\/em>).<\/p>\n<p style=\"text-align: center;\"><a href=\"https:\/\/agora.xtec.cat\/ieslaromanica\/wp-content\/uploads\/usu857\/2019\/06\/20190530_115731.jpg\"><img loading=\"lazy\" decoding=\"async\" class=\"alignnone size-full wp-image-14968\" src=\"https:\/\/agora.xtec.cat\/ieslaromanica\/wp-content\/uploads\/usu857\/2019\/06\/20190530_115731.jpg\" alt=\"\" width=\"1280\" height=\"768\" srcset=\"https:\/\/agora.xtec.cat\/ieslaromanica\/wp-content\/uploads\/usu857\/2019\/06\/20190530_115731.jpg 1280w, https:\/\/agora.xtec.cat\/ieslaromanica\/wp-content\/uploads\/usu857\/2019\/06\/20190530_115731-300x180.jpg 300w, https:\/\/agora.xtec.cat\/ieslaromanica\/wp-content\/uploads\/usu857\/2019\/06\/20190530_115731-768x461.jpg 768w, https:\/\/agora.xtec.cat\/ieslaromanica\/wp-content\/uploads\/usu857\/2019\/06\/20190530_115731-1024x614.jpg 1024w\" sizes=\"auto, (max-width: 1280px) 100vw, 1280px\" \/><\/a><\/p>\n<p style=\"text-align: justify;\">La primera parada va ser a la platja d&#8217;Argel\u00e8s-sur-Mer, ja que el gener i febrer de 1939 es convert\u00ed en un dels principals camps de concentraci\u00f3 que acoll\u00ed refugiats espanyols. Sobre aquest escenari hist\u00f2ric, per grups, l&#8217;alumnat va fer emotives lectures sobre les viv\u00e8ncies d&#8217;algunes persones exiliades supervivents i tamb\u00e9 lectures d&#8217;Antonio Machado.<\/p>\n<p style=\"text-align: justify;\">Una altra alumna, la Dana Vicente, tamb\u00e9 havia preparat un emotiu escrit sobre el seu besavi, que tamb\u00e9 el 1939 va fer el cam\u00ed de l&#8217;exili i va estar malvivint en el camp de concentraci\u00f3 de la platja d&#8217;Argel\u00e8s, avui una preciosa platja de la costa francesa.<\/p>\n<p style=\"text-align: center;\"><a href=\"https:\/\/agora.xtec.cat\/ieslaromanica\/wp-content\/uploads\/usu857\/2019\/06\/20190530_120315.jpg\"><img loading=\"lazy\" decoding=\"async\" class=\"alignnone size-full wp-image-14969\" src=\"https:\/\/agora.xtec.cat\/ieslaromanica\/wp-content\/uploads\/usu857\/2019\/06\/20190530_120315.jpg\" alt=\"\" width=\"1280\" height=\"768\" srcset=\"https:\/\/agora.xtec.cat\/ieslaromanica\/wp-content\/uploads\/usu857\/2019\/06\/20190530_120315.jpg 1280w, https:\/\/agora.xtec.cat\/ieslaromanica\/wp-content\/uploads\/usu857\/2019\/06\/20190530_120315-300x180.jpg 300w, https:\/\/agora.xtec.cat\/ieslaromanica\/wp-content\/uploads\/usu857\/2019\/06\/20190530_120315-768x461.jpg 768w, https:\/\/agora.xtec.cat\/ieslaromanica\/wp-content\/uploads\/usu857\/2019\/06\/20190530_120315-1024x614.jpg 1024w\" sizes=\"auto, (max-width: 1280px) 100vw, 1280px\" \/><\/a>(no us penseu que estan jugant amb el m\u00f2bil, \u00e9s on porten les lectures preparades)<\/p>\n<p>&nbsp;<\/p>\n<p><a href=\"https:\/\/agora.xtec.cat\/ieslaromanica\/wp-content\/uploads\/usu857\/2019\/06\/20190530_123644-1.jpg\"><img loading=\"lazy\" decoding=\"async\" class=\"alignnone size-full wp-image-14974\" src=\"https:\/\/agora.xtec.cat\/ieslaromanica\/wp-content\/uploads\/usu857\/2019\/06\/20190530_123644-1.jpg\" alt=\"\" width=\"1280\" height=\"768\" srcset=\"https:\/\/agora.xtec.cat\/ieslaromanica\/wp-content\/uploads\/usu857\/2019\/06\/20190530_123644-1.jpg 1280w, https:\/\/agora.xtec.cat\/ieslaromanica\/wp-content\/uploads\/usu857\/2019\/06\/20190530_123644-1-300x180.jpg 300w, https:\/\/agora.xtec.cat\/ieslaromanica\/wp-content\/uploads\/usu857\/2019\/06\/20190530_123644-1-768x461.jpg 768w, https:\/\/agora.xtec.cat\/ieslaromanica\/wp-content\/uploads\/usu857\/2019\/06\/20190530_123644-1-1024x614.jpg 1024w\" sizes=\"auto, (max-width: 1280px) 100vw, 1280px\" \/><\/a><\/p>\n<p style=\"text-align: justify;\">Des del Departament de Llengua Castellana es va treballar l&#8217;exili intel\u00b7lectual, centrant-se en la figura del poeta Antonio Machado. Per aix\u00f2, la segona parada durant la sortida va ser a Collioure, on el poeta va viure els \u00faltims dies de la seva vida i on l&#8217;alumnat va poder visitar la seva tomba. All\u00e0 se li va retre homenatge i es van fer algunes emotives lectures.<\/p>\n<p style=\"text-align: center;\"><a href=\"https:\/\/agora.xtec.cat\/ieslaromanica\/wp-content\/uploads\/usu857\/2019\/06\/20190530_131814.jpg\"><img loading=\"lazy\" decoding=\"async\" class=\"alignnone size-full wp-image-14971\" src=\"https:\/\/agora.xtec.cat\/ieslaromanica\/wp-content\/uploads\/usu857\/2019\/06\/20190530_131814.jpg\" alt=\"\" width=\"1280\" height=\"768\" srcset=\"https:\/\/agora.xtec.cat\/ieslaromanica\/wp-content\/uploads\/usu857\/2019\/06\/20190530_131814.jpg 1280w, https:\/\/agora.xtec.cat\/ieslaromanica\/wp-content\/uploads\/usu857\/2019\/06\/20190530_131814-300x180.jpg 300w, https:\/\/agora.xtec.cat\/ieslaromanica\/wp-content\/uploads\/usu857\/2019\/06\/20190530_131814-768x461.jpg 768w, https:\/\/agora.xtec.cat\/ieslaromanica\/wp-content\/uploads\/usu857\/2019\/06\/20190530_131814-1024x614.jpg 1024w\" sizes=\"auto, (max-width: 1280px) 100vw, 1280px\" \/><\/a><\/p>\n<p><a href=\"https:\/\/agora.xtec.cat\/ieslaromanica\/wp-content\/uploads\/usu857\/2019\/06\/20190530_132001.jpg\"><img loading=\"lazy\" decoding=\"async\" class=\"alignnone size-full wp-image-14963\" src=\"https:\/\/agora.xtec.cat\/ieslaromanica\/wp-content\/uploads\/usu857\/2019\/06\/20190530_132001.jpg\" alt=\"\" width=\"1280\" height=\"768\" srcset=\"https:\/\/agora.xtec.cat\/ieslaromanica\/wp-content\/uploads\/usu857\/2019\/06\/20190530_132001.jpg 1280w, https:\/\/agora.xtec.cat\/ieslaromanica\/wp-content\/uploads\/usu857\/2019\/06\/20190530_132001-300x180.jpg 300w, https:\/\/agora.xtec.cat\/ieslaromanica\/wp-content\/uploads\/usu857\/2019\/06\/20190530_132001-768x461.jpg 768w, https:\/\/agora.xtec.cat\/ieslaromanica\/wp-content\/uploads\/usu857\/2019\/06\/20190530_132001-1024x614.jpg 1024w\" sizes=\"auto, (max-width: 1280px) 100vw, 1280px\" \/><\/a><\/p>\n<p><a href=\"https:\/\/agora.xtec.cat\/ieslaromanica\/wp-content\/uploads\/usu857\/2019\/06\/20190530_131913.jpg\"><img loading=\"lazy\" decoding=\"async\" class=\"alignnone size-full wp-image-14962\" src=\"https:\/\/agora.xtec.cat\/ieslaromanica\/wp-content\/uploads\/usu857\/2019\/06\/20190530_131913.jpg\" alt=\"\" width=\"1280\" height=\"768\" srcset=\"https:\/\/agora.xtec.cat\/ieslaromanica\/wp-content\/uploads\/usu857\/2019\/06\/20190530_131913.jpg 1280w, https:\/\/agora.xtec.cat\/ieslaromanica\/wp-content\/uploads\/usu857\/2019\/06\/20190530_131913-300x180.jpg 300w, https:\/\/agora.xtec.cat\/ieslaromanica\/wp-content\/uploads\/usu857\/2019\/06\/20190530_131913-768x461.jpg 768w, https:\/\/agora.xtec.cat\/ieslaromanica\/wp-content\/uploads\/usu857\/2019\/06\/20190530_131913-1024x614.jpg 1024w\" sizes=\"auto, (max-width: 1280px) 100vw, 1280px\" \/><\/a><\/p>\n<p><a href=\"https:\/\/agora.xtec.cat\/ieslaromanica\/wp-content\/uploads\/usu857\/2019\/06\/20190530_132046.jpg\"><img loading=\"lazy\" decoding=\"async\" class=\"alignnone size-full wp-image-14964\" src=\"https:\/\/agora.xtec.cat\/ieslaromanica\/wp-content\/uploads\/usu857\/2019\/06\/20190530_132046.jpg\" alt=\"\" width=\"1280\" height=\"768\" srcset=\"https:\/\/agora.xtec.cat\/ieslaromanica\/wp-content\/uploads\/usu857\/2019\/06\/20190530_132046.jpg 1280w, https:\/\/agora.xtec.cat\/ieslaromanica\/wp-content\/uploads\/usu857\/2019\/06\/20190530_132046-300x180.jpg 300w, https:\/\/agora.xtec.cat\/ieslaromanica\/wp-content\/uploads\/usu857\/2019\/06\/20190530_132046-768x461.jpg 768w, https:\/\/agora.xtec.cat\/ieslaromanica\/wp-content\/uploads\/usu857\/2019\/06\/20190530_132046-1024x614.jpg 1024w\" sizes=\"auto, (max-width: 1280px) 100vw, 1280px\" \/><\/a><\/p>\n<p>En acabar, l&#8217;alumnat de 4t va poder gaudir de la bellesa i la brisa marina de Collioure.<\/p>\n<p style=\"text-align: center;\"><a href=\"https:\/\/agora.xtec.cat\/ieslaromanica\/wp-content\/uploads\/usu857\/2019\/06\/20190530_145930.jpg\"><img loading=\"lazy\" decoding=\"async\" class=\"alignnone size-full wp-image-14966\" src=\"https:\/\/agora.xtec.cat\/ieslaromanica\/wp-content\/uploads\/usu857\/2019\/06\/20190530_145930.jpg\" alt=\"\" width=\"1280\" height=\"768\" srcset=\"https:\/\/agora.xtec.cat\/ieslaromanica\/wp-content\/uploads\/usu857\/2019\/06\/20190530_145930.jpg 1280w, https:\/\/agora.xtec.cat\/ieslaromanica\/wp-content\/uploads\/usu857\/2019\/06\/20190530_145930-300x180.jpg 300w, https:\/\/agora.xtec.cat\/ieslaromanica\/wp-content\/uploads\/usu857\/2019\/06\/20190530_145930-768x461.jpg 768w, https:\/\/agora.xtec.cat\/ieslaromanica\/wp-content\/uploads\/usu857\/2019\/06\/20190530_145930-1024x614.jpg 1024w\" sizes=\"auto, (max-width: 1280px) 100vw, 1280px\" \/><\/a><\/p>\n<p style=\"text-align: justify;\">Des del Departament de Llengua Catalana es va treballar, per exemple, la figura de Neus Catal\u00e0, el bri d&#8217;esperan\u00e7a que supos\u00e0 l&#8217;ajuda humanit\u00e0ria de La Maternitat d&#8217;Elna i van poder veure la pel\u00b7l\u00edcula &#8220;La llum d&#8217;Elna&#8221;. Per aix\u00f2, la darrera parada del viatge va ser a La Maternitat d&#8217;Elna, on van poder con\u00e8ixer millor la figura d&#8217;Elisabeth Eidenbenz i tot el qu\u00e8 aquesta dona va aconseguir, aix\u00ed com rec\u00f3rrer els espais de la maternitat.<\/p>\n<p style=\"text-align: center;\"><a href=\"https:\/\/agora.xtec.cat\/ieslaromanica\/wp-content\/uploads\/usu857\/2019\/06\/20190530_155030.jpg\"><img loading=\"lazy\" decoding=\"async\" class=\"alignnone size-full wp-image-14967\" src=\"https:\/\/agora.xtec.cat\/ieslaromanica\/wp-content\/uploads\/usu857\/2019\/06\/20190530_155030.jpg\" alt=\"\" width=\"1280\" height=\"768\" srcset=\"https:\/\/agora.xtec.cat\/ieslaromanica\/wp-content\/uploads\/usu857\/2019\/06\/20190530_155030.jpg 1280w, https:\/\/agora.xtec.cat\/ieslaromanica\/wp-content\/uploads\/usu857\/2019\/06\/20190530_155030-300x180.jpg 300w, https:\/\/agora.xtec.cat\/ieslaromanica\/wp-content\/uploads\/usu857\/2019\/06\/20190530_155030-768x461.jpg 768w, https:\/\/agora.xtec.cat\/ieslaromanica\/wp-content\/uploads\/usu857\/2019\/06\/20190530_155030-1024x614.jpg 1024w\" sizes=\"auto, (max-width: 1280px) 100vw, 1280px\" \/><\/a><\/p>\n<p style=\"text-align: justify;\">Aquesta sortida, que ha suposat per als nois i les noies de 4t, pr\u00e0cticament, una activitat de tancament del curs, ha estat un exemple de qu\u00e8 significa viure en primera persona la hist\u00f2ria, la literatura i els valors de l&#8217;ajuda humanit\u00e0ria, i n&#8217;han fet una valoraci\u00f3 molt positiva.<\/p>\n","protected":false},"excerpt":{"rendered":"<p><a href=\"https:\/\/agora.xtec.cat\/ieslaromanica\/wp-content\/uploads\/usu857\/2019\/06\/20190530_132627.jpg\"><\/a><br \/>\nEl dia 30 de maig, l&#8217;alumnat de 4t d&#8217;ESO va poder concloure un projecte interdisciplinar, organitzat pels departaments de Llengua Castellana, Ci\u00e8ncies Socials i Llengua Catalana, fent una sortida a Fran\u00e7a, tot seguint el cam\u00ed de l&#8217;exili.<br \/>\nA aquesta sortida, que tradicionalment es feia a&hellip;  <a href=\"https:\/\/agora.xtec.cat\/ieslaromanica\/general\/sortida-a-franca-seguint-el-cami-de-lexili\/\" title=\"Read Sortida a Fran\u00e7a, seguint el cam\u00ed de l&#8217;exili\">Llegeix m\u00e9s\u00bb<\/a><\/p>\n","protected":false},"author":3,"featured_media":14965,"comment_status":"open","ping_status":"closed","sticky":false,"template":"","format":"standard","meta":{"_bbp_topic_count":0,"_bbp_reply_count":0,"_bbp_total_topic_count":0,"_bbp_total_reply_count":0,"_bbp_voice_count":0,"_bbp_anonymous_reply_count":0,"_bbp_topic_count_hidden":0,"_bbp_reply_count_hidden":0,"_bbp_forum_subforum_count":0,"footnotes":""},"categories":[7,1,29],"tags":[240,279,280,128,262,209,281,278,123],"class_list":["post-14900","post","type-post","status-publish","format-standard","has-post-thumbnail","hentry","category-eso-4","category-general","category-portada","tag-240","tag-argelers","tag-collioure","tag-departament-de-ciencies-socials","tag-departament-de-llengua-castellana","tag-departament-de-llengua-catalana","tag-elna","tag-franca","tag-sortida"],"post_mailing_queue_ids":[],"_links":{"self":[{"href":"https:\/\/agora.xtec.cat\/ieslaromanica\/wp-json\/wp\/v2\/posts\/14900","targetHints":{"allow":["GET"]}}],"collection":[{"href":"https:\/\/agora.xtec.cat\/ieslaromanica\/wp-json\/wp\/v2\/posts"}],"about":[{"href":"https:\/\/agora.xtec.cat\/ieslaromanica\/wp-json\/wp\/v2\/types\/post"}],"author":[{"embeddable":true,"href":"https:\/\/agora.xtec.cat\/ieslaromanica\/wp-json\/wp\/v2\/users\/3"}],"replies":[{"embeddable":true,"href":"https:\/\/agora.xtec.cat\/ieslaromanica\/wp-json\/wp\/v2\/comments?post=14900"}],"version-history":[{"count":3,"href":"https:\/\/agora.xtec.cat\/ieslaromanica\/wp-json\/wp\/v2\/posts\/14900\/revisions"}],"predecessor-version":[{"id":14975,"href":"https:\/\/agora.xtec.cat\/ieslaromanica\/wp-json\/wp\/v2\/posts\/14900\/revisions\/14975"}],"wp:featuredmedia":[{"embeddable":true,"href":"https:\/\/agora.xtec.cat\/ieslaromanica\/wp-json\/wp\/v2\/media\/14965"}],"wp:attachment":[{"href":"https:\/\/agora.xtec.cat\/ieslaromanica\/wp-json\/wp\/v2\/media?parent=14900"}],"wp:term":[{"taxonomy":"category","embeddable":true,"href":"https:\/\/agora.xtec.cat\/ieslaromanica\/wp-json\/wp\/v2\/categories?post=14900"},{"taxonomy":"post_tag","embeddable":true,"href":"https:\/\/agora.xtec.cat\/ieslaromanica\/wp-json\/wp\/v2\/tags?post=14900"}],"curies":[{"name":"wp","href":"https:\/\/api.w.org\/{rel}","templated":true}]}}