{"id":14827,"date":"2019-05-23T17:47:33","date_gmt":"2019-05-23T15:47:33","guid":{"rendered":"http:\/\/agora.xtec.cat\/ieslaromanica\/?p=14827"},"modified":"2019-05-23T17:51:18","modified_gmt":"2019-05-23T15:51:18","slug":"17e-certamen-minerva-2019","status":"publish","type":"post","link":"https:\/\/agora.xtec.cat\/ieslaromanica\/general\/17e-certamen-minerva-2019\/","title":{"rendered":"17\u00e8 Certamen Minerva (2019)"},"content":{"rendered":"<p><img loading=\"lazy\" decoding=\"async\" class=\"size-full wp-image-14854 aligncenter\" src=\"https:\/\/agora.xtec.cat\/ieslaromanica\/wp-content\/uploads\/usu857\/2019\/05\/treballs-recerca-retallat.png\" alt=\"\" width=\"1069\" height=\"425\" srcset=\"https:\/\/agora.xtec.cat\/ieslaromanica\/wp-content\/uploads\/usu857\/2019\/05\/treballs-recerca-retallat.png 1069w, https:\/\/agora.xtec.cat\/ieslaromanica\/wp-content\/uploads\/usu857\/2019\/05\/treballs-recerca-retallat-300x119.png 300w, https:\/\/agora.xtec.cat\/ieslaromanica\/wp-content\/uploads\/usu857\/2019\/05\/treballs-recerca-retallat-768x305.png 768w, https:\/\/agora.xtec.cat\/ieslaromanica\/wp-content\/uploads\/usu857\/2019\/05\/treballs-recerca-retallat-1024x407.png 1024w\" sizes=\"auto, (max-width: 1069px) 100vw, 1069px\" \/><\/p>\n<p>El passat 16 de maig de 2019 va tenir lloc el 17\u00e8 certamen Minerva, on es premien els millors treballs de recerca de l&#8217;alumnat de Batxillerat dels instituts de Barber\u00e0 del Vall\u00e8s i de Badia del Vall\u00e8s. Enguany, va tenir lloc a l&#8217;Auditori de Badia del Vall\u00e8s a les 16 hores.<\/p>\n<p style=\"text-align: center;\"><img loading=\"lazy\" decoding=\"async\" class=\"alignnone size-full wp-image-14857\" src=\"https:\/\/agora.xtec.cat\/ieslaromanica\/wp-content\/uploads\/usu857\/2019\/05\/IMG-20190517-WA0028.jpg\" alt=\"\" width=\"1600\" height=\"1200\" srcset=\"https:\/\/agora.xtec.cat\/ieslaromanica\/wp-content\/uploads\/usu857\/2019\/05\/IMG-20190517-WA0028.jpg 1600w, https:\/\/agora.xtec.cat\/ieslaromanica\/wp-content\/uploads\/usu857\/2019\/05\/IMG-20190517-WA0028-300x225.jpg 300w, https:\/\/agora.xtec.cat\/ieslaromanica\/wp-content\/uploads\/usu857\/2019\/05\/IMG-20190517-WA0028-768x576.jpg 768w, https:\/\/agora.xtec.cat\/ieslaromanica\/wp-content\/uploads\/usu857\/2019\/05\/IMG-20190517-WA0028-1024x768.jpg 1024w, https:\/\/agora.xtec.cat\/ieslaromanica\/wp-content\/uploads\/usu857\/2019\/05\/IMG-20190517-WA0028-200x150.jpg 200w\" sizes=\"auto, (max-width: 1600px) 100vw, 1600px\" \/><\/p>\n<p>Els treballs de recerca premiats de l&#8217;Institut La Rom\u00e0nica han estat els seg\u00fcents:<\/p>\n<h5>&#8220;Las innombradas&#8221;:<\/h5>\n<p style=\"text-align: justify;\">Treball realitzat per Nuria Ba\u00f1os S\u00e1nchez, Cristina Franco Rosillo i Elena Fern\u00e1ndez Jim\u00e9nez, alumnes del Batxillerat Human\u00edstic, i tutoritzat per la professora Maite Mart\u00ed.<\/p>\n<p style=\"text-align: justify;\">&#8220;El nostre objectiu era demostrar l\u2019empoderament femen\u00ed a partir de la producci\u00f3 d\u2019aquestes autores de la Generaci\u00f3 del 27. Aix\u00ed doncs, la hip\u00f2tesi del nostre treball es fonamenta en el possible empoderament i rebel\u00b7lia que van poder arribar a transmetre en les seves obres les autores de la Generaci\u00f3 del 27, Las Sinsombrero. Aquesta rebel\u00b7lia va ser fruit de la invisibilitzaci\u00f3 causada pel masclisme de l\u2019\u00e8poca, posteriorment alimentat per la Dictadura Franquista.&#8221;<\/p>\n<p style=\"text-align: center;\"><img loading=\"lazy\" decoding=\"async\" class=\"alignnone wp-image-14863\" src=\"https:\/\/agora.xtec.cat\/ieslaromanica\/wp-content\/uploads\/usu857\/2019\/05\/las-innombrables.png\" alt=\"\" width=\"482\" height=\"332\" srcset=\"https:\/\/agora.xtec.cat\/ieslaromanica\/wp-content\/uploads\/usu857\/2019\/05\/las-innombrables.png 322w, https:\/\/agora.xtec.cat\/ieslaromanica\/wp-content\/uploads\/usu857\/2019\/05\/las-innombrables-300x207.png 300w\" sizes=\"auto, (max-width: 482px) 100vw, 482px\" \/><\/p>\n<h5>&#8220;Comprar, desig o necessitat&#8221;:<\/h5>\n<p style=\"text-align: justify;\">Treball realitzat per les alumnes Beatriz Herrera Medina i Laura S\u00e1nchez Poyato, del Batxillerat Social, i tutoritzat per la professora Ver\u00f3nica Guti\u00e9rrez.<\/p>\n<p style=\"text-align: justify;\">&#8220;L\u2019Ess\u00e8ncia, hem pogut comprovar que l\u2019aparen\u00e7a dels anuncis i la metodologia emprada per elaborar-los distorsionen notablement les nostres decisions de consum, aix\u00ed com que el m\u00e0rqueting, en la seva relaci\u00f3 amb la publicitat, \u00e9s capa\u00e7 d\u2019idear i perfeccionar estrat\u00e8gies infal\u00b7libles per a la seducci\u00f3 i l\u2019est\u00edmul dels nostres instints. En aquest sentit, es pot afirmar que la publicitat influencia la nostra capacitat d\u2019elecci\u00f3 i conducta davant la compra, alhora que la societat fonamenta el seu propi mode de vida amb la imposici\u00f3 d\u2019uns est\u00e0ndards i estigmes que modelen el col\u00b7lectiu que la forma.&#8221;<\/p>\n<p style=\"text-align: center;\"><a href=\"https:\/\/agora.xtec.cat\/ieslaromanica\/wp-content\/uploads\/usu857\/2019\/05\/IMG-20190517-WA0024.jpg\"><img loading=\"lazy\" decoding=\"async\" class=\"alignnone size-full wp-image-14856\" src=\"https:\/\/agora.xtec.cat\/ieslaromanica\/wp-content\/uploads\/usu857\/2019\/05\/IMG-20190517-WA0024.jpg\" alt=\"\" width=\"1600\" height=\"1200\" srcset=\"https:\/\/agora.xtec.cat\/ieslaromanica\/wp-content\/uploads\/usu857\/2019\/05\/IMG-20190517-WA0024.jpg 1600w, https:\/\/agora.xtec.cat\/ieslaromanica\/wp-content\/uploads\/usu857\/2019\/05\/IMG-20190517-WA0024-300x225.jpg 300w, https:\/\/agora.xtec.cat\/ieslaromanica\/wp-content\/uploads\/usu857\/2019\/05\/IMG-20190517-WA0024-768x576.jpg 768w, https:\/\/agora.xtec.cat\/ieslaromanica\/wp-content\/uploads\/usu857\/2019\/05\/IMG-20190517-WA0024-1024x768.jpg 1024w, https:\/\/agora.xtec.cat\/ieslaromanica\/wp-content\/uploads\/usu857\/2019\/05\/IMG-20190517-WA0024-200x150.jpg 200w\" sizes=\"auto, (max-width: 1600px) 100vw, 1600px\" \/><\/a><\/p>\n<p>&nbsp;<\/p>\n<p style=\"text-align: center;\"><a href=\"https:\/\/agora.xtec.cat\/ieslaromanica\/wp-content\/uploads\/usu857\/2019\/05\/IMG-20190518-WA0080.jpg\"><img loading=\"lazy\" decoding=\"async\" class=\"alignnone size-full wp-image-14850\" src=\"https:\/\/agora.xtec.cat\/ieslaromanica\/wp-content\/uploads\/usu857\/2019\/05\/IMG-20190518-WA0080.jpg\" alt=\"\" width=\"720\" height=\"480\" srcset=\"https:\/\/agora.xtec.cat\/ieslaromanica\/wp-content\/uploads\/usu857\/2019\/05\/IMG-20190518-WA0080.jpg 720w, https:\/\/agora.xtec.cat\/ieslaromanica\/wp-content\/uploads\/usu857\/2019\/05\/IMG-20190518-WA0080-300x200.jpg 300w\" sizes=\"auto, (max-width: 720px) 100vw, 720px\" \/><\/a><\/p>\n<p style=\"text-align: justify;\">El Certamen Minerva, organitzat des del Servei Educatiu del Vall\u00e8s Occidental VII, reconeix, cada curs, els millors treballs de recerca de l\u2019alumnat de batxillerat dels instituts de la zona educativa de Badia del Vall\u00e8s i Barber\u00e0 del Vall\u00e8s. El seu nom, Minerva, prov\u00e9 del de la deessa romana de la saviesa i les arts, que sovint apareix representada amb un mussol. El seu culte es va relacionar amb el m\u00f3n de l\u2019ensenyament. L\u2019acte \u00e9s un reconeixement a la bona feina tant de l\u2019alumnat com del professorat dels nostres instituts, a m\u00e9s d\u2019un mitj\u00e0 per difondre exemples per als companys i companyes que, en el futur, hauran de fer els seus propis treballs. Aqu\u00ed teniu una fotografia de totes les noies i nois premiats:<\/p>\n<h5 style=\"text-align: center;\">L&#8217;enhorabona!<\/h5>\n<p style=\"text-align: center;\"><img loading=\"lazy\" decoding=\"async\" class=\"alignnone size-full wp-image-14860\" src=\"https:\/\/agora.xtec.cat\/ieslaromanica\/wp-content\/uploads\/usu857\/2019\/05\/IMG-20190517-WA0019.jpg\" alt=\"\" width=\"1600\" height=\"1200\" srcset=\"https:\/\/agora.xtec.cat\/ieslaromanica\/wp-content\/uploads\/usu857\/2019\/05\/IMG-20190517-WA0019.jpg 1600w, https:\/\/agora.xtec.cat\/ieslaromanica\/wp-content\/uploads\/usu857\/2019\/05\/IMG-20190517-WA0019-300x225.jpg 300w, https:\/\/agora.xtec.cat\/ieslaromanica\/wp-content\/uploads\/usu857\/2019\/05\/IMG-20190517-WA0019-768x576.jpg 768w, https:\/\/agora.xtec.cat\/ieslaromanica\/wp-content\/uploads\/usu857\/2019\/05\/IMG-20190517-WA0019-1024x768.jpg 1024w, https:\/\/agora.xtec.cat\/ieslaromanica\/wp-content\/uploads\/usu857\/2019\/05\/IMG-20190517-WA0019-200x150.jpg 200w\" sizes=\"auto, (max-width: 1600px) 100vw, 1600px\" \/><\/p>\n<p style=\"text-align: justify;\">Col\u00b7laboren en aquest certamen els Serveis Educatius del Vall\u00e8s Occidental VII, l&#8217;Ajuntament de Barber\u00e0 del Vall\u00e8s, l&#8217;Ajuntament de Badia del Vall\u00e8s, el Departament d&#8217;Ensenyament i Baricentro.<\/p>\n<p style=\"text-align: left;\">La Colla de Ball de Bastons de l&#8217;Institut La Rom\u00e0nica va actuar per a tot el p\u00fablic assistent.<\/p>\n<p style=\"text-align: center;\"><a href=\"https:\/\/agora.xtec.cat\/ieslaromanica\/wp-content\/uploads\/usu857\/2019\/05\/IMG-20190517-WA0006.jpg\"><img loading=\"lazy\" decoding=\"async\" class=\"alignnone size-full wp-image-14858\" src=\"https:\/\/agora.xtec.cat\/ieslaromanica\/wp-content\/uploads\/usu857\/2019\/05\/IMG-20190517-WA0006.jpg\" alt=\"\" width=\"1600\" height=\"1200\" srcset=\"https:\/\/agora.xtec.cat\/ieslaromanica\/wp-content\/uploads\/usu857\/2019\/05\/IMG-20190517-WA0006.jpg 1600w, https:\/\/agora.xtec.cat\/ieslaromanica\/wp-content\/uploads\/usu857\/2019\/05\/IMG-20190517-WA0006-300x225.jpg 300w, https:\/\/agora.xtec.cat\/ieslaromanica\/wp-content\/uploads\/usu857\/2019\/05\/IMG-20190517-WA0006-768x576.jpg 768w, https:\/\/agora.xtec.cat\/ieslaromanica\/wp-content\/uploads\/usu857\/2019\/05\/IMG-20190517-WA0006-1024x768.jpg 1024w, https:\/\/agora.xtec.cat\/ieslaromanica\/wp-content\/uploads\/usu857\/2019\/05\/IMG-20190517-WA0006-200x150.jpg 200w\" sizes=\"auto, (max-width: 1600px) 100vw, 1600px\" \/><\/a><\/p>\n","protected":false},"excerpt":{"rendered":"<p>El passat 16 de maig de 2019 va tenir lloc el 17\u00e8 certamen Minerva, on es premien els millors treballs de recerca de l&#8217;alumnat de Batxillerat dels instituts de Barber\u00e0 del Vall\u00e8s i de Badia del Vall\u00e8s. Enguany, va tenir lloc a l&#8217;Auditori de Badia&hellip;  <a href=\"https:\/\/agora.xtec.cat\/ieslaromanica\/general\/17e-certamen-minerva-2019\/\" title=\"Read 17\u00e8 Certamen Minerva (2019)\">Llegeix m\u00e9s\u00bb<\/a><\/p>\n","protected":false},"author":3,"featured_media":14854,"comment_status":"open","ping_status":"closed","sticky":false,"template":"","format":"standard","meta":{"_bbp_topic_count":0,"_bbp_reply_count":0,"_bbp_total_topic_count":0,"_bbp_total_reply_count":0,"_bbp_voice_count":0,"_bbp_anonymous_reply_count":0,"_bbp_topic_count_hidden":0,"_bbp_reply_count_hidden":0,"_bbp_forum_subforum_count":0,"footnotes":""},"categories":[73,8,1,29],"tags":[240,161],"class_list":["post-14827","post","type-post","status-publish","format-standard","has-post-thumbnail","hentry","category-2-batx","category-batxillerat","category-general","category-portada","tag-240","tag-premis-minerva"],"post_mailing_queue_ids":[],"_links":{"self":[{"href":"https:\/\/agora.xtec.cat\/ieslaromanica\/wp-json\/wp\/v2\/posts\/14827","targetHints":{"allow":["GET"]}}],"collection":[{"href":"https:\/\/agora.xtec.cat\/ieslaromanica\/wp-json\/wp\/v2\/posts"}],"about":[{"href":"https:\/\/agora.xtec.cat\/ieslaromanica\/wp-json\/wp\/v2\/types\/post"}],"author":[{"embeddable":true,"href":"https:\/\/agora.xtec.cat\/ieslaromanica\/wp-json\/wp\/v2\/users\/3"}],"replies":[{"embeddable":true,"href":"https:\/\/agora.xtec.cat\/ieslaromanica\/wp-json\/wp\/v2\/comments?post=14827"}],"version-history":[{"count":3,"href":"https:\/\/agora.xtec.cat\/ieslaromanica\/wp-json\/wp\/v2\/posts\/14827\/revisions"}],"predecessor-version":[{"id":14867,"href":"https:\/\/agora.xtec.cat\/ieslaromanica\/wp-json\/wp\/v2\/posts\/14827\/revisions\/14867"}],"wp:featuredmedia":[{"embeddable":true,"href":"https:\/\/agora.xtec.cat\/ieslaromanica\/wp-json\/wp\/v2\/media\/14854"}],"wp:attachment":[{"href":"https:\/\/agora.xtec.cat\/ieslaromanica\/wp-json\/wp\/v2\/media?parent=14827"}],"wp:term":[{"taxonomy":"category","embeddable":true,"href":"https:\/\/agora.xtec.cat\/ieslaromanica\/wp-json\/wp\/v2\/categories?post=14827"},{"taxonomy":"post_tag","embeddable":true,"href":"https:\/\/agora.xtec.cat\/ieslaromanica\/wp-json\/wp\/v2\/tags?post=14827"}],"curies":[{"name":"wp","href":"https:\/\/api.w.org\/{rel}","templated":true}]}}