{"id":14665,"date":"2019-04-12T14:50:21","date_gmt":"2019-04-12T12:50:21","guid":{"rendered":"http:\/\/agora.xtec.cat\/ieslaromanica\/?p=14665"},"modified":"2019-04-12T14:50:21","modified_gmt":"2019-04-12T12:50:21","slug":"cob-orienta-2019","status":"publish","type":"post","link":"https:\/\/agora.xtec.cat\/ieslaromanica\/general\/cob-orienta-2019\/","title":{"rendered":"COB Orienta 2019"},"content":{"rendered":"<p style=\"text-align: center;\"><img loading=\"lazy\" decoding=\"async\" class=\"alignnone size-full wp-image-14658\" src=\"https:\/\/agora.xtec.cat\/ieslaromanica\/wp-content\/uploads\/usu857\/2019\/04\/IMG-7694.jpg\" alt=\"\" width=\"1632\" height=\"1224\" srcset=\"https:\/\/agora.xtec.cat\/ieslaromanica\/wp-content\/uploads\/usu857\/2019\/04\/IMG-7694.jpg 1632w, https:\/\/agora.xtec.cat\/ieslaromanica\/wp-content\/uploads\/usu857\/2019\/04\/IMG-7694-300x225.jpg 300w, https:\/\/agora.xtec.cat\/ieslaromanica\/wp-content\/uploads\/usu857\/2019\/04\/IMG-7694-768x576.jpg 768w, https:\/\/agora.xtec.cat\/ieslaromanica\/wp-content\/uploads\/usu857\/2019\/04\/IMG-7694-1024x768.jpg 1024w, https:\/\/agora.xtec.cat\/ieslaromanica\/wp-content\/uploads\/usu857\/2019\/04\/IMG-7694-200x150.jpg 200w\" sizes=\"auto, (max-width: 1632px) 100vw, 1632px\" \/><\/p>\n<p>Text i imatges: Esther Perarnau<\/p>\n<p style=\"text-align: justify;\">Aqu\u00ed teniu unes fotos d&#8217;uns tallers on ha participat tot l&#8217;alumnat de 3r d&#8217;ESO. Aquesta \u00e9s una iniciativa de COB Orienta, una fundaci\u00f3 de l&#8217;Ajuntament de Barber\u00e0 que promou la inserci\u00f3 laboral i l&#8217;orientaci\u00f3 i formaci\u00f3 de joves. Cada taller donava un tast de professions d&#8217;\u00e0mbits molt diversos, d&#8217;una manera pr\u00e0ctica i l\u00fadica: qu\u00edmica, sanitat, serveis de protecci\u00f3 i seguretat, serveis socioculturals i a la comunitat, activitats f\u00edsiques i esportives, agr\u00e0ria, hoteleria i turisme, i per \u00faltim, ind\u00fastria 4.0.<\/p>\n<p style=\"text-align: center;\"><img loading=\"lazy\" decoding=\"async\" class=\"alignnone size-full wp-image-14657\" src=\"https:\/\/agora.xtec.cat\/ieslaromanica\/wp-content\/uploads\/usu857\/2019\/04\/IMG-7661.jpg\" alt=\"\" width=\"1632\" height=\"1224\" srcset=\"https:\/\/agora.xtec.cat\/ieslaromanica\/wp-content\/uploads\/usu857\/2019\/04\/IMG-7661.jpg 1632w, https:\/\/agora.xtec.cat\/ieslaromanica\/wp-content\/uploads\/usu857\/2019\/04\/IMG-7661-300x225.jpg 300w, https:\/\/agora.xtec.cat\/ieslaromanica\/wp-content\/uploads\/usu857\/2019\/04\/IMG-7661-768x576.jpg 768w, https:\/\/agora.xtec.cat\/ieslaromanica\/wp-content\/uploads\/usu857\/2019\/04\/IMG-7661-1024x768.jpg 1024w, https:\/\/agora.xtec.cat\/ieslaromanica\/wp-content\/uploads\/usu857\/2019\/04\/IMG-7661-200x150.jpg 200w\" sizes=\"auto, (max-width: 1632px) 100vw, 1632px\" \/><\/p>\n<p style=\"text-align: justify;\">Han estat tres dies de tallers a la torre d&#8217;en Gorgs, on el nostre alumnat ha tingut la possibilitat de -per unes hores- practicar tots aquests oficis. Moltes gr\u00e0cies a totes les persones que han treballat de valent per fer-ho possible!<\/p>\n<p style=\"text-align: center;\"><a href=\"https:\/\/agora.xtec.cat\/ieslaromanica\/wp-content\/uploads\/usu857\/2019\/04\/IMG-7707.jpg\"><img loading=\"lazy\" decoding=\"async\" class=\"alignnone size-full wp-image-14659\" src=\"https:\/\/agora.xtec.cat\/ieslaromanica\/wp-content\/uploads\/usu857\/2019\/04\/IMG-7707.jpg\" alt=\"\" width=\"1743\" height=\"1061\" srcset=\"https:\/\/agora.xtec.cat\/ieslaromanica\/wp-content\/uploads\/usu857\/2019\/04\/IMG-7707.jpg 1743w, https:\/\/agora.xtec.cat\/ieslaromanica\/wp-content\/uploads\/usu857\/2019\/04\/IMG-7707-300x183.jpg 300w, https:\/\/agora.xtec.cat\/ieslaromanica\/wp-content\/uploads\/usu857\/2019\/04\/IMG-7707-768x467.jpg 768w, https:\/\/agora.xtec.cat\/ieslaromanica\/wp-content\/uploads\/usu857\/2019\/04\/IMG-7707-1024x623.jpg 1024w\" sizes=\"auto, (max-width: 1743px) 100vw, 1743px\" \/><\/a><\/p>\n<p>Esperem repetir l&#8217;any vinent!!!<\/p>\n","protected":false},"excerpt":{"rendered":"<p>Text i imatges: Esther Perarnau<br \/>\nAqu\u00ed teniu unes fotos d&#8217;uns tallers on ha participat tot l&#8217;alumnat de 3r d&#8217;ESO. Aquesta \u00e9s una iniciativa de COB Orienta, una fundaci\u00f3 de l&#8217;Ajuntament de Barber\u00e0 que promou la inserci\u00f3 laboral i l&#8217;orientaci\u00f3 i formaci\u00f3 de joves. Cada taller donava&hellip;  <a href=\"https:\/\/agora.xtec.cat\/ieslaromanica\/general\/cob-orienta-2019\/\" title=\"Read COB Orienta 2019\">Llegeix m\u00e9s\u00bb<\/a><\/p>\n","protected":false},"author":3,"featured_media":14658,"comment_status":"open","ping_status":"closed","sticky":false,"template":"","format":"standard","meta":{"_bbp_topic_count":0,"_bbp_reply_count":0,"_bbp_total_topic_count":0,"_bbp_total_reply_count":0,"_bbp_voice_count":0,"_bbp_anonymous_reply_count":0,"_bbp_topic_count_hidden":0,"_bbp_reply_count_hidden":0,"_bbp_forum_subforum_count":0,"footnotes":""},"categories":[3,6,1,29],"tags":[240,267,156],"class_list":["post-14665","post","type-post","status-publish","format-standard","has-post-thumbnail","hentry","category-eso","category-eso-3","category-general","category-portada","tag-240","tag-3r-deso","tag-cob-orienta"],"post_mailing_queue_ids":[],"_links":{"self":[{"href":"https:\/\/agora.xtec.cat\/ieslaromanica\/wp-json\/wp\/v2\/posts\/14665","targetHints":{"allow":["GET"]}}],"collection":[{"href":"https:\/\/agora.xtec.cat\/ieslaromanica\/wp-json\/wp\/v2\/posts"}],"about":[{"href":"https:\/\/agora.xtec.cat\/ieslaromanica\/wp-json\/wp\/v2\/types\/post"}],"author":[{"embeddable":true,"href":"https:\/\/agora.xtec.cat\/ieslaromanica\/wp-json\/wp\/v2\/users\/3"}],"replies":[{"embeddable":true,"href":"https:\/\/agora.xtec.cat\/ieslaromanica\/wp-json\/wp\/v2\/comments?post=14665"}],"version-history":[{"count":2,"href":"https:\/\/agora.xtec.cat\/ieslaromanica\/wp-json\/wp\/v2\/posts\/14665\/revisions"}],"predecessor-version":[{"id":14672,"href":"https:\/\/agora.xtec.cat\/ieslaromanica\/wp-json\/wp\/v2\/posts\/14665\/revisions\/14672"}],"wp:featuredmedia":[{"embeddable":true,"href":"https:\/\/agora.xtec.cat\/ieslaromanica\/wp-json\/wp\/v2\/media\/14658"}],"wp:attachment":[{"href":"https:\/\/agora.xtec.cat\/ieslaromanica\/wp-json\/wp\/v2\/media?parent=14665"}],"wp:term":[{"taxonomy":"category","embeddable":true,"href":"https:\/\/agora.xtec.cat\/ieslaromanica\/wp-json\/wp\/v2\/categories?post=14665"},{"taxonomy":"post_tag","embeddable":true,"href":"https:\/\/agora.xtec.cat\/ieslaromanica\/wp-json\/wp\/v2\/tags?post=14665"}],"curies":[{"name":"wp","href":"https:\/\/api.w.org\/{rel}","templated":true}]}}