{"id":14562,"date":"2019-04-02T12:56:12","date_gmt":"2019-04-02T10:56:12","guid":{"rendered":"http:\/\/agora.xtec.cat\/ieslaromanica\/?p=14562"},"modified":"2019-04-02T12:56:12","modified_gmt":"2019-04-02T10:56:12","slug":"gimcana-dentitats-joves-2019","status":"publish","type":"post","link":"https:\/\/agora.xtec.cat\/ieslaromanica\/general\/gimcana-dentitats-joves-2019\/","title":{"rendered":"GIMCANA D&#8217;ENTITATS JOVES 2019"},"content":{"rendered":"<p style=\"text-align: center;\"><a href=\"https:\/\/agora.xtec.cat\/ieslaromanica\/wp-content\/uploads\/usu857\/2019\/04\/voluntariat1.jpg\"><img loading=\"lazy\" decoding=\"async\" class=\"alignnone size-full wp-image-14568\" src=\"https:\/\/agora.xtec.cat\/ieslaromanica\/wp-content\/uploads\/usu857\/2019\/04\/voluntariat1.jpg\" alt=\"\" width=\"1038\" height=\"1719\" srcset=\"https:\/\/agora.xtec.cat\/ieslaromanica\/wp-content\/uploads\/usu857\/2019\/04\/voluntariat1.jpg 1038w, https:\/\/agora.xtec.cat\/ieslaromanica\/wp-content\/uploads\/usu857\/2019\/04\/voluntariat1-181x300.jpg 181w, https:\/\/agora.xtec.cat\/ieslaromanica\/wp-content\/uploads\/usu857\/2019\/04\/voluntariat1-768x1272.jpg 768w, https:\/\/agora.xtec.cat\/ieslaromanica\/wp-content\/uploads\/usu857\/2019\/04\/voluntariat1-618x1024.jpg 618w\" sizes=\"auto, (max-width: 1038px) 100vw, 1038px\" \/><\/a><\/p>\n<p>Text i imatges: Ester Alc\u00f3n<\/p>\n<p style=\"text-align: justify;\">L&#8217;alumnat que est\u00e0 realitzant l&#8217;optativa de 3rESO EDUCAR EN PARTICIPACI\u00d3 va poder gaudir de la visita a les diverses entitats i espais per a joves que tenim a Barber\u00e0 del Vall\u00e8s. Van con\u00e8ixer, juntament amb un grup de nois i noies de l&#8217;Institut Bit\u00e0cola, els esplais El Piulet i l&#8217;Esquirol, on els monitors i monitores que treballen all\u00e0 volunt\u00e0riament els van explicar en qu\u00e8 consistia la seva tasca. Per cert, va ser molt emocionant veure a ex alumnes del nostre institut com la Paula Luque, Paula L\u00f3pez o el Josep Ruiz com s&#8217;han implicat activament en aquestes entitats.<\/p>\n<p style=\"text-align: center;\"><a href=\"https:\/\/agora.xtec.cat\/ieslaromanica\/wp-content\/uploads\/usu857\/2019\/04\/voluntariat2.jpg\"><img loading=\"lazy\" decoding=\"async\" class=\"alignnone size-full wp-image-14569\" src=\"https:\/\/agora.xtec.cat\/ieslaromanica\/wp-content\/uploads\/usu857\/2019\/04\/voluntariat2.jpg\" alt=\"\" width=\"1239\" height=\"697\" srcset=\"https:\/\/agora.xtec.cat\/ieslaromanica\/wp-content\/uploads\/usu857\/2019\/04\/voluntariat2.jpg 1239w, https:\/\/agora.xtec.cat\/ieslaromanica\/wp-content\/uploads\/usu857\/2019\/04\/voluntariat2-300x169.jpg 300w, https:\/\/agora.xtec.cat\/ieslaromanica\/wp-content\/uploads\/usu857\/2019\/04\/voluntariat2-768x432.jpg 768w, https:\/\/agora.xtec.cat\/ieslaromanica\/wp-content\/uploads\/usu857\/2019\/04\/voluntariat2-1024x576.jpg 1024w\" sizes=\"auto, (max-width: 1239px) 100vw, 1239px\" \/><\/a><\/p>\n<p style=\"text-align: justify;\">La ruta va incloure els espais de l&#8217;Ateneu, el Casal de Joves Obriu Pas i tamb\u00e9 els espais La Roma i el Forat, on van poder realitzar tallers com el de serigrafia (impressi\u00f3 en samarretes) o cuina (van elaborar les salses guacamole i hummus), apart d&#8217;altre tipus de jocs i din\u00e0miques.<\/p>\n<p style=\"text-align: center;\"><a href=\"https:\/\/agora.xtec.cat\/ieslaromanica\/wp-content\/uploads\/usu857\/2019\/04\/voluntariat4.jpg\"><img loading=\"lazy\" decoding=\"async\" class=\"alignnone size-full wp-image-14570\" src=\"https:\/\/agora.xtec.cat\/ieslaromanica\/wp-content\/uploads\/usu857\/2019\/04\/voluntariat4.jpg\" alt=\"\" width=\"1124\" height=\"618\" srcset=\"https:\/\/agora.xtec.cat\/ieslaromanica\/wp-content\/uploads\/usu857\/2019\/04\/voluntariat4.jpg 1124w, https:\/\/agora.xtec.cat\/ieslaromanica\/wp-content\/uploads\/usu857\/2019\/04\/voluntariat4-300x165.jpg 300w, https:\/\/agora.xtec.cat\/ieslaromanica\/wp-content\/uploads\/usu857\/2019\/04\/voluntariat4-768x422.jpg 768w, https:\/\/agora.xtec.cat\/ieslaromanica\/wp-content\/uploads\/usu857\/2019\/04\/voluntariat4-1024x563.jpg 1024w\" sizes=\"auto, (max-width: 1124px) 100vw, 1124px\" \/><\/a><\/p>\n<p style=\"text-align: justify;\">Una sortida molt interessant per a poder con\u00e8ixer l&#8217;oferta d&#8217;activitats i associacionisme que t\u00e9 al seu abast el jovent de la ciutat.<\/p>\n<p style=\"text-align: center;\"><a href=\"https:\/\/agora.xtec.cat\/ieslaromanica\/wp-content\/uploads\/usu857\/2019\/04\/voluntariat3.jpg\"><img loading=\"lazy\" decoding=\"async\" class=\"alignnone size-full wp-image-14571\" src=\"https:\/\/agora.xtec.cat\/ieslaromanica\/wp-content\/uploads\/usu857\/2019\/04\/voluntariat3.jpg\" alt=\"\" width=\"1239\" height=\"697\" srcset=\"https:\/\/agora.xtec.cat\/ieslaromanica\/wp-content\/uploads\/usu857\/2019\/04\/voluntariat3.jpg 1239w, https:\/\/agora.xtec.cat\/ieslaromanica\/wp-content\/uploads\/usu857\/2019\/04\/voluntariat3-300x169.jpg 300w, https:\/\/agora.xtec.cat\/ieslaromanica\/wp-content\/uploads\/usu857\/2019\/04\/voluntariat3-768x432.jpg 768w, https:\/\/agora.xtec.cat\/ieslaromanica\/wp-content\/uploads\/usu857\/2019\/04\/voluntariat3-1024x576.jpg 1024w\" sizes=\"auto, (max-width: 1239px) 100vw, 1239px\" \/><\/a><\/p>\n<p style=\"text-align: justify;\">Agra\u00efments als monitors d&#8217;Obriu Pas pel seu acompanyament i a tota la resta per la bona disposici\u00f3 i tracte.<\/p>\n","protected":false},"excerpt":{"rendered":"<p><a href=\"https:\/\/agora.xtec.cat\/ieslaromanica\/wp-content\/uploads\/usu857\/2019\/04\/voluntariat1.jpg\"><\/a><br \/>\nText i imatges: Ester Alc\u00f3n<br \/>\nL&#8217;alumnat que est\u00e0 realitzant l&#8217;optativa de 3rESO EDUCAR EN PARTICIPACI\u00d3 va poder gaudir de la visita a les diverses entitats i espais per a joves que tenim a Barber\u00e0 del Vall\u00e8s. Van con\u00e8ixer, juntament amb un grup de nois i&hellip;  <a href=\"https:\/\/agora.xtec.cat\/ieslaromanica\/general\/gimcana-dentitats-joves-2019\/\" title=\"Read GIMCANA D&#8217;ENTITATS JOVES 2019\">Llegeix m\u00e9s\u00bb<\/a><\/p>\n","protected":false},"author":3,"featured_media":14568,"comment_status":"open","ping_status":"closed","sticky":false,"template":"","format":"standard","meta":{"_bbp_topic_count":0,"_bbp_reply_count":0,"_bbp_total_topic_count":0,"_bbp_total_reply_count":0,"_bbp_voice_count":0,"_bbp_anonymous_reply_count":0,"_bbp_topic_count_hidden":0,"_bbp_reply_count_hidden":0,"_bbp_forum_subforum_count":0,"footnotes":""},"categories":[3,1,29],"tags":[],"class_list":["post-14562","post","type-post","status-publish","format-standard","has-post-thumbnail","hentry","category-eso","category-general","category-portada"],"post_mailing_queue_ids":[],"_links":{"self":[{"href":"https:\/\/agora.xtec.cat\/ieslaromanica\/wp-json\/wp\/v2\/posts\/14562","targetHints":{"allow":["GET"]}}],"collection":[{"href":"https:\/\/agora.xtec.cat\/ieslaromanica\/wp-json\/wp\/v2\/posts"}],"about":[{"href":"https:\/\/agora.xtec.cat\/ieslaromanica\/wp-json\/wp\/v2\/types\/post"}],"author":[{"embeddable":true,"href":"https:\/\/agora.xtec.cat\/ieslaromanica\/wp-json\/wp\/v2\/users\/3"}],"replies":[{"embeddable":true,"href":"https:\/\/agora.xtec.cat\/ieslaromanica\/wp-json\/wp\/v2\/comments?post=14562"}],"version-history":[{"count":3,"href":"https:\/\/agora.xtec.cat\/ieslaromanica\/wp-json\/wp\/v2\/posts\/14562\/revisions"}],"predecessor-version":[{"id":14573,"href":"https:\/\/agora.xtec.cat\/ieslaromanica\/wp-json\/wp\/v2\/posts\/14562\/revisions\/14573"}],"wp:featuredmedia":[{"embeddable":true,"href":"https:\/\/agora.xtec.cat\/ieslaromanica\/wp-json\/wp\/v2\/media\/14568"}],"wp:attachment":[{"href":"https:\/\/agora.xtec.cat\/ieslaromanica\/wp-json\/wp\/v2\/media?parent=14562"}],"wp:term":[{"taxonomy":"category","embeddable":true,"href":"https:\/\/agora.xtec.cat\/ieslaromanica\/wp-json\/wp\/v2\/categories?post=14562"},{"taxonomy":"post_tag","embeddable":true,"href":"https:\/\/agora.xtec.cat\/ieslaromanica\/wp-json\/wp\/v2\/tags?post=14562"}],"curies":[{"name":"wp","href":"https:\/\/api.w.org\/{rel}","templated":true}]}}