{"id":14515,"date":"2019-03-25T08:58:14","date_gmt":"2019-03-25T07:58:14","guid":{"rendered":"http:\/\/agora.xtec.cat\/ieslaromanica\/?p=14515"},"modified":"2020-02-08T12:52:33","modified_gmt":"2020-02-08T11:52:33","slug":"jornada-participativa-educob","status":"publish","type":"post","link":"https:\/\/agora.xtec.cat\/ieslaromanica\/general\/jornada-participativa-educob\/","title":{"rendered":"JORNADA PARTICIPATIVA #eduCoB"},"content":{"rendered":"<table style=\"width: 418px;\">\n<tbody>\n<tr>\n<td style=\"width: 411.818px;\"><img loading=\"lazy\" decoding=\"async\" class=\" wp-image-14516 aligncenter\" src=\"https:\/\/agora.xtec.cat\/ieslaromanica\/wp-content\/uploads\/usu857\/2019\/03\/eduCoB.jpg\" alt=\"\" width=\"436\" height=\"458\" srcset=\"https:\/\/agora.xtec.cat\/ieslaromanica\/wp-content\/uploads\/usu857\/2019\/03\/eduCoB.jpg 1157w, https:\/\/agora.xtec.cat\/ieslaromanica\/wp-content\/uploads\/usu857\/2019\/03\/eduCoB-285x300.jpg 285w, https:\/\/agora.xtec.cat\/ieslaromanica\/wp-content\/uploads\/usu857\/2019\/03\/eduCoB-768x808.jpg 768w, https:\/\/agora.xtec.cat\/ieslaromanica\/wp-content\/uploads\/usu857\/2019\/03\/eduCoB-974x1024.jpg 974w\" sizes=\"auto, (max-width: 436px) 100vw, 436px\" \/><\/td>\n<\/tr>\n<\/tbody>\n<\/table>\n<p>Text i imatge: Ester Alc\u00f3n<\/p>\n<p><strong>JORNADA PARTICIPATIVA #eduCoB<\/strong><br \/>\n<strong>Projecte Educatiu de Barber\u00e0 del Vall\u00e8s<\/strong><\/p>\n<p style=\"text-align: justify;\">Una representaci\u00f3 d&#8217;alumnat i professorat del nostre institut va assistir aquest passat dissabte 23 de mar\u00e7 a la Jornada Participativa #eduCoB. Van fer acte de pres\u00e8ncia tant l&#8217;alcaldessa de la ciutat Silvia Fuster, com el gerent de Serveis d&#8217;Educaci\u00f3 a la Diputaci\u00f3 de Barcelona, en Jordi Plana, i un representant del Departament d&#8217;Ensenyament de la Generalitat de Catalunya.<\/p>\n<p style=\"text-align: justify;\">La visualitzaci\u00f3 dels diferents v\u00eddeos gravats per membres del Consell Municipal d&#8217;Infants, de l&#8217;Escola CEP-Fundaci\u00f3 Barber\u00e0 Promoci\u00f3, de l&#8217;Institut Bit\u00e0cola i, com no, de l&#8217;Institut La Rom\u00e0nica, va donar pas al di\u00e0leg &#8220;Educar-se i cr\u00e9ixer a Barber\u00e0&#8221;, on hem de destacar la pres\u00e8ncia de la nostra alumna de batxillerat Amira Chouchane qui, a preguntes del soci\u00f2leg Jordi Collet, va explicar la seva traject\u00f2ria i experi\u00e8ncia personal com a estudiant i ciutadana de Barber\u00e0 del Vall\u00e8s.<\/p>\n<p style=\"text-align: justify;\">Despr\u00e9s de gaudir de l&#8217;esmorzar als jardinets de la Torre d&#8217;en Gorgs, la Jornada va continuar amb diversos tallers participatius on els assistents van poder COnnectar, COmpartir i COnstruir de manera conjunta el futur de l&#8217;educaci\u00f3 de la ciutat. Aqu\u00ed teniu el programa:<\/p>\n<p style=\"text-align: center;\"><a href=\"https:\/\/agora.xtec.cat\/ieslaromanica\/wp-content\/uploads\/usu857\/2019\/03\/Programa-jornada-eduCoB.pdf\">Programa jornada eduCoB<\/a><\/p>\n<p style=\"text-align: justify;\">Tenim molta feina per endavant. L&#8217;important \u00e9s que ja hem comen\u00e7at i anem pel bon cam\u00ed. A seguir aixi!<\/p>\n<p>&nbsp;<\/p>\n","protected":false},"excerpt":{"rendered":"<p>Text i imatge: Ester Alc\u00f3n<br \/>\nJORNADA PARTICIPATIVA #eduCoB<br \/>\nProjecte Educatiu de Barber\u00e0 del Vall\u00e8s<br \/>\nUna representaci\u00f3 d&#8217;alumnat i professorat del nostre institut va assistir aquest passat dissabte 23 de mar\u00e7 a la Jornada Participativa #eduCoB. Van fer acte de pres\u00e8ncia tant l&#8217;alcaldessa de la ciutat Silvia Fuster, com&hellip;  <a href=\"https:\/\/agora.xtec.cat\/ieslaromanica\/general\/jornada-participativa-educob\/\" title=\"Read JORNADA PARTICIPATIVA #eduCoB\">Llegeix m\u00e9s\u00bb<\/a><\/p>\n","protected":false},"author":3,"featured_media":14516,"comment_status":"open","ping_status":"closed","sticky":false,"template":"","format":"standard","meta":{"_bbp_topic_count":0,"_bbp_reply_count":0,"_bbp_total_topic_count":0,"_bbp_total_reply_count":0,"_bbp_voice_count":0,"_bbp_anonymous_reply_count":0,"_bbp_topic_count_hidden":0,"_bbp_reply_count_hidden":0,"_bbp_forum_subforum_count":0,"footnotes":""},"categories":[1,29],"tags":[240,260],"class_list":["post-14515","post","type-post","status-publish","format-standard","has-post-thumbnail","hentry","category-general","category-portada","tag-240","tag-jornada-participativa-educob"],"post_mailing_queue_ids":[],"_links":{"self":[{"href":"https:\/\/agora.xtec.cat\/ieslaromanica\/wp-json\/wp\/v2\/posts\/14515","targetHints":{"allow":["GET"]}}],"collection":[{"href":"https:\/\/agora.xtec.cat\/ieslaromanica\/wp-json\/wp\/v2\/posts"}],"about":[{"href":"https:\/\/agora.xtec.cat\/ieslaromanica\/wp-json\/wp\/v2\/types\/post"}],"author":[{"embeddable":true,"href":"https:\/\/agora.xtec.cat\/ieslaromanica\/wp-json\/wp\/v2\/users\/3"}],"replies":[{"embeddable":true,"href":"https:\/\/agora.xtec.cat\/ieslaromanica\/wp-json\/wp\/v2\/comments?post=14515"}],"version-history":[{"count":3,"href":"https:\/\/agora.xtec.cat\/ieslaromanica\/wp-json\/wp\/v2\/posts\/14515\/revisions"}],"predecessor-version":[{"id":16505,"href":"https:\/\/agora.xtec.cat\/ieslaromanica\/wp-json\/wp\/v2\/posts\/14515\/revisions\/16505"}],"wp:featuredmedia":[{"embeddable":true,"href":"https:\/\/agora.xtec.cat\/ieslaromanica\/wp-json\/wp\/v2\/media\/14516"}],"wp:attachment":[{"href":"https:\/\/agora.xtec.cat\/ieslaromanica\/wp-json\/wp\/v2\/media?parent=14515"}],"wp:term":[{"taxonomy":"category","embeddable":true,"href":"https:\/\/agora.xtec.cat\/ieslaromanica\/wp-json\/wp\/v2\/categories?post=14515"},{"taxonomy":"post_tag","embeddable":true,"href":"https:\/\/agora.xtec.cat\/ieslaromanica\/wp-json\/wp\/v2\/tags?post=14515"}],"curies":[{"name":"wp","href":"https:\/\/api.w.org\/{rel}","templated":true}]}}