{"id":14505,"date":"2019-03-21T11:53:59","date_gmt":"2019-03-21T10:53:59","guid":{"rendered":"http:\/\/agora.xtec.cat\/ieslaromanica\/?p=14505"},"modified":"2019-03-21T11:53:59","modified_gmt":"2019-03-21T10:53:59","slug":"technovation","status":"publish","type":"post","link":"https:\/\/agora.xtec.cat\/ieslaromanica\/general\/technovation\/","title":{"rendered":"Technovation"},"content":{"rendered":"<p><img loading=\"lazy\" decoding=\"async\" class=\"size-full wp-image-14507 aligncenter\" src=\"https:\/\/agora.xtec.cat\/ieslaromanica\/wp-content\/uploads\/usu857\/2019\/03\/techonovation.png\" alt=\"\" width=\"704\" height=\"392\" srcset=\"https:\/\/agora.xtec.cat\/ieslaromanica\/wp-content\/uploads\/usu857\/2019\/03\/techonovation.png 704w, https:\/\/agora.xtec.cat\/ieslaromanica\/wp-content\/uploads\/usu857\/2019\/03\/techonovation-300x167.png 300w\" sizes=\"auto, (max-width: 704px) 100vw, 704px\" \/><\/p>\n<p>Text: Ricardo B\u00e1rcena<\/p>\n<p>Font i imatges: Xarxa punt TIC de la Generalitat de Catalunya <a href=\"http:\/\/punttic.gencat.cat\/article\/en-marxa-ledicio-catalana-de-technovation\" target=\"_blank\" rel=\"noopener\" data-saferedirecturl=\"https:\/\/www.google.com\/url?q=http:\/\/punttic.gencat.cat\/article\/en-marxa-ledicio-catalana-de-technovation&amp;source=gmail&amp;ust=1553248345211000&amp;usg=AFQjCNF-N3gtveeTU0SMP4-9v92JjNDxzg\">http:\/\/punttic.<wbr \/>gencat.cat\/article\/en-marxa-<wbr \/>ledicio-catalana-de-<wbr \/>technovation <\/a><\/p>\n<p>&nbsp;<\/p>\n<div dir=\"ltr\">\n<div dir=\"ltr\">\n<div>\n<div class=\"m_3506451114634623403gmail-resum\">\n<p style=\"text-align: justify;\">L&#8217;Institut La Rom\u00e0nica participar\u00e0 aquest any 2019 al <strong>Technovation<\/strong> amb dos grups de noies de 3r i 4rt de la ESO, amb l&#8217;objectiu d&#8217;estendre-ho cara el curs que ve a m\u00e9s alumnat i a crear un projecte interdepartamental.<\/p>\n<p style=\"text-align: justify;\">El Departament de Tecnologia de l&#8217;Institut la Rom\u00e0nica t\u00e9 com a un dels seus objectius &#8220;digitalitzar&#8221; l&#8217;alumnat del centre. Dintre d&#8217;aquest objectiu s&#8217;emmarca aquesta nova iniciativa amb la qual s&#8217;intenta apropar a les noies a les noves tecnologies, per\u00f2 no nom\u00e9s com a usu\u00e0ries sin\u00f3 com a part\u00edcips de la revoluci\u00f3 que estem vivint.<\/p>\n<p style=\"text-align: justify;\">Tot i les mancances d&#8217;infraestructures digitals i d&#8217;espais de treball adequats amb les que compte el centre, el departament de tecnologia continua proposant nous projectes d&#8217;actualitat pioners als instituts de la ciutat.<\/p>\n<p style=\"text-align: justify;\">Aquest projecte compta amb la mentoritzaci\u00f3 de Lorena Lanchazo (dept Angl\u00e8s) i Ricardo B\u00e1rcena (dept Tecnologia) i amb el suport de professors del centre com Rosa Valderrama entre d&#8217;altres.<\/p>\n<p>&nbsp;<\/p>\n<p><strong>Expliquem en qu\u00e8 consisteix <em>Technovation:<\/em><\/strong><\/p>\n<p style=\"text-align: justify;\">Com cada any,\u00a0<a lang=\"ca\" title=\"Plana web del Technovation\" href=\"https:\/\/technovationchallenge.org\/\" target=\"_blank\" rel=\"noopener\" data-saferedirecturl=\"https:\/\/www.google.com\/url?q=https:\/\/technovationchallenge.org\/&amp;source=gmail&amp;ust=1553248345210000&amp;usg=AFQjCNHjV_65tP9NAnTjhMCWvUwS_MpWYg\">Technovation<\/a>\u00a0convida<strong>\u00a0<wbr \/>equips de noies<\/strong>\u00a0a resoldre reptes socials a trav\u00e9s de la\u00a0<strong>tecnologia<\/strong>. El 24 de gener s&#8217;ha donat el tret de sortida a l&#8217;edici\u00f3 catalana, amb un esdeveniment celebrat a la Universitat Polit\u00e8cnica de Catalunya.<\/p>\n<p style=\"text-align: center;\"><a href=\"https:\/\/agora.xtec.cat\/ieslaromanica\/wp-content\/uploads\/usu857\/2019\/03\/technovation_cat_01.png\"><img loading=\"lazy\" decoding=\"async\" class=\"alignnone size-full wp-image-14510\" src=\"https:\/\/agora.xtec.cat\/ieslaromanica\/wp-content\/uploads\/usu857\/2019\/03\/technovation_cat_01.png\" alt=\"\" width=\"750\" height=\"520\" srcset=\"https:\/\/agora.xtec.cat\/ieslaromanica\/wp-content\/uploads\/usu857\/2019\/03\/technovation_cat_01.png 750w, https:\/\/agora.xtec.cat\/ieslaromanica\/wp-content\/uploads\/usu857\/2019\/03\/technovation_cat_01-300x208.png 300w\" sizes=\"auto, (max-width: 750px) 100vw, 750px\" \/><\/a><\/p>\n<\/div>\n<div class=\"m_3506451114634623403gmail-field m_3506451114634623403gmail-field-name-body m_3506451114634623403gmail-field-type-text-with-summary m_3506451114634623403gmail-field-label-hidden\">\n<div class=\"m_3506451114634623403gmail-field-items\">\n<div class=\"m_3506451114634623403gmail-field-item m_3506451114634623403even\">\n<p style=\"text-align: justify;\">La trobada ha aplegat noies que participaran en aquesta nova edici\u00f3 del repte, aix\u00ed com possibles i actuals mentores i mentors. S&#8217;hi ha donat a con\u00e8ixer el programa, s&#8217;han pogut completar equips i comen\u00e7ar a fer els primers passos.<\/p>\n<p style=\"text-align: justify;\">Technovation\u00a0ofereix a les noies d&#8217;entre 10 i 18 anys d&#8217;arreu del m\u00f3n l&#8217;oportunitat de convertir-se en\u00a0<strong>emprenedores<\/strong>\u00a0i\u00a0<strong>l\u00edders de tecnologia<\/strong>. S&#8217;anima a les participants a identificar un problema en la seva comunitat i crear una\u00a0<strong>soluci\u00f3 d&#8217;aplicaci\u00f3 m\u00f2bil\u00a0<\/strong>per fer-hi front. Tamb\u00e9 aprenen a comunicar aquestes idees i traduir-les en un\u00a0<strong>pla de negoci<\/strong>. Ho fan en grups de m\u00e0xim 5 noies i amb el suport de mentores volunt\u00e0ries.<\/p>\n<p style=\"text-align: justify;\">Aquest\u00a0<strong>repte internacional<\/strong>\u00a0se celebra des de l&#8217;any 2010. Des de llavors, m\u00e9s de\u00a0<strong>23 mil noies<\/strong>\u00a0de m\u00e9s de 100 pa\u00efsos hi han participat. A Catalunya, 307 noies d&#8217;entre 10 i 18 anys i 65 mentores van participar en l&#8217;edici\u00f3 2018. En equips de dos a cinc estudiants, van treballar durant 12 setmanes en la creaci\u00f3 d&#8217;una aplicaci\u00f3 m\u00f2bil. 40 equips van aconseguir lliurar l&#8217;app i un pla de negoci dins el termini establert i van arribar a la final catalana.<\/p>\n<p style=\"text-align: center;\"><a href=\"https:\/\/agora.xtec.cat\/ieslaromanica\/wp-content\/uploads\/usu857\/2019\/03\/photo5960968235648134509.jpg\"><img loading=\"lazy\" decoding=\"async\" class=\"alignnone size-full wp-image-14508\" src=\"https:\/\/agora.xtec.cat\/ieslaromanica\/wp-content\/uploads\/usu857\/2019\/03\/photo5960968235648134509.jpg\" alt=\"\" width=\"1280\" height=\"716\" srcset=\"https:\/\/agora.xtec.cat\/ieslaromanica\/wp-content\/uploads\/usu857\/2019\/03\/photo5960968235648134509.jpg 1280w, https:\/\/agora.xtec.cat\/ieslaromanica\/wp-content\/uploads\/usu857\/2019\/03\/photo5960968235648134509-300x168.jpg 300w, https:\/\/agora.xtec.cat\/ieslaromanica\/wp-content\/uploads\/usu857\/2019\/03\/photo5960968235648134509-768x430.jpg 768w, https:\/\/agora.xtec.cat\/ieslaromanica\/wp-content\/uploads\/usu857\/2019\/03\/photo5960968235648134509-1024x573.jpg 1024w\" sizes=\"auto, (max-width: 1280px) 100vw, 1280px\" \/><\/a><\/p>\n<p style=\"text-align: justify;\">Una vegada feta la inscripci\u00f3, les participants tindran acc\u00e9s al pla de Technovation, que les guiar\u00e0 a trav\u00e9s de la identificaci\u00f3 d&#8217;un problema en la seva comunitat, el desenvolupament d&#8217;una aplicaci\u00f3 m\u00f2bil i la construcci\u00f3 d&#8217;un pla de negocis.<\/p>\n<p style=\"text-align: justify;\">Per estar informats\/des de les darreres novetats del certamen, podeu seguir els comptes de Twitter\u00a0<a lang=\"ca\" title=\"Enlla\u00e7 al compte de Twitter\" href=\"https:\/\/twitter.com\/technovation\" target=\"_blank\" rel=\"noopener\" data-saferedirecturl=\"https:\/\/www.google.com\/url?q=https:\/\/twitter.com\/technovation&amp;source=gmail&amp;ust=1553248345211000&amp;usg=AFQjCNH80ibUJA6_JfuvlFyT4Az5fYzz8g\">@technovation<\/a>\u00a0i\u00a0<a lang=\"ca\" title=\"Enlla\u00e7 al compte de Twitter\" href=\"https:\/\/twitter.com\/TechnovationCat\" target=\"_blank\" rel=\"noopener\" data-saferedirecturl=\"https:\/\/www.google.com\/url?q=https:\/\/twitter.com\/TechnovationCat&amp;source=gmail&amp;ust=1553248345211000&amp;usg=AFQjCNELIselwN_GJkmgUWpwPFpvNBudyQ\">@<wbr \/>technovationCat<\/a>\u00a0i les etiquetes\u00a0\u00a0<strong>#Technovation2019<\/strong>\u00a0i<strong><wbr \/>\u00a0#TechnovationCat<\/strong>.<\/p>\n<p style=\"text-align: justify;\">Technovation \u00e9s una iniciativa de l&#8217;organitzaci\u00f3 sense afany de lucre\u00a0Iridescent. A Catalunya \u00e9s possible gr\u00e0cies a la col\u00b7laboraci\u00f3 d&#8217;Espiral.<\/p>\n<\/div>\n<\/div>\n<\/div>\n<\/div>\n<\/div>\n<\/div>\n","protected":false},"excerpt":{"rendered":"<p>Text: Ricardo B\u00e1rcena<br \/>\nFont i imatges: Xarxa punt TIC de la Generalitat de Catalunya <a href=\"http:\/\/punttic.gencat.cat\/article\/en-marxa-ledicio-catalana-de-technovation\" target=\"_blank\" rel=\"noopener\" data-saferedirecturl=\"https:\/\/www.google.com\/url?q=http:\/\/punttic.gencat.cat\/article\/en-marxa-ledicio-catalana-de-technovation&amp;source=gmail&amp;ust=1553248345211000&amp;usg=AFQjCNF-N3gtveeTU0SMP4-9v92JjNDxzg\">http:\/\/punttic.gencat.cat\/article\/en-marxa-ledicio-catalana-de-technovation <\/a><br \/>\n&nbsp;<\/p>\n<p>L&#8217;Institut La Rom\u00e0nica participar\u00e0 aquest any 2019 al Technovation amb dos grups de noies de 3r i 4rt de la ESO, amb l&#8217;objectiu d&#8217;estendre-ho cara el curs&hellip;  <a href=\"https:\/\/agora.xtec.cat\/ieslaromanica\/general\/technovation\/\" title=\"Read Technovation\">Llegeix m\u00e9s\u00bb<\/a><\/p>\n","protected":false},"author":3,"featured_media":14507,"comment_status":"open","ping_status":"closed","sticky":false,"template":"","format":"standard","meta":{"_bbp_topic_count":0,"_bbp_reply_count":0,"_bbp_total_topic_count":0,"_bbp_total_reply_count":0,"_bbp_voice_count":0,"_bbp_anonymous_reply_count":0,"_bbp_topic_count_hidden":0,"_bbp_reply_count_hidden":0,"_bbp_forum_subforum_count":0,"footnotes":""},"categories":[3,1,29],"tags":[240,216,89,259],"class_list":["post-14505","post","type-post","status-publish","format-standard","has-post-thumbnail","hentry","category-eso","category-general","category-portada","tag-240","tag-departament-de-tecnologies","tag-projectes","tag-technovation"],"post_mailing_queue_ids":[],"_links":{"self":[{"href":"https:\/\/agora.xtec.cat\/ieslaromanica\/wp-json\/wp\/v2\/posts\/14505","targetHints":{"allow":["GET"]}}],"collection":[{"href":"https:\/\/agora.xtec.cat\/ieslaromanica\/wp-json\/wp\/v2\/posts"}],"about":[{"href":"https:\/\/agora.xtec.cat\/ieslaromanica\/wp-json\/wp\/v2\/types\/post"}],"author":[{"embeddable":true,"href":"https:\/\/agora.xtec.cat\/ieslaromanica\/wp-json\/wp\/v2\/users\/3"}],"replies":[{"embeddable":true,"href":"https:\/\/agora.xtec.cat\/ieslaromanica\/wp-json\/wp\/v2\/comments?post=14505"}],"version-history":[{"count":2,"href":"https:\/\/agora.xtec.cat\/ieslaromanica\/wp-json\/wp\/v2\/posts\/14505\/revisions"}],"predecessor-version":[{"id":14511,"href":"https:\/\/agora.xtec.cat\/ieslaromanica\/wp-json\/wp\/v2\/posts\/14505\/revisions\/14511"}],"wp:featuredmedia":[{"embeddable":true,"href":"https:\/\/agora.xtec.cat\/ieslaromanica\/wp-json\/wp\/v2\/media\/14507"}],"wp:attachment":[{"href":"https:\/\/agora.xtec.cat\/ieslaromanica\/wp-json\/wp\/v2\/media?parent=14505"}],"wp:term":[{"taxonomy":"category","embeddable":true,"href":"https:\/\/agora.xtec.cat\/ieslaromanica\/wp-json\/wp\/v2\/categories?post=14505"},{"taxonomy":"post_tag","embeddable":true,"href":"https:\/\/agora.xtec.cat\/ieslaromanica\/wp-json\/wp\/v2\/tags?post=14505"}],"curies":[{"name":"wp","href":"https:\/\/api.w.org\/{rel}","templated":true}]}}