{"id":14480,"date":"2019-03-20T19:03:28","date_gmt":"2019-03-20T18:03:28","guid":{"rendered":"http:\/\/agora.xtec.cat\/ieslaromanica\/?p=14480"},"modified":"2019-03-20T19:07:15","modified_gmt":"2019-03-20T18:07:15","slug":"v-setmana-tecnico-cultural-de-formacio-professional","status":"publish","type":"post","link":"https:\/\/agora.xtec.cat\/ieslaromanica\/general\/v-setmana-tecnico-cultural-de-formacio-professional\/","title":{"rendered":"V SETMANA T\u00c8CNICO-CULTURAL de Formaci\u00f3 Professional"},"content":{"rendered":"<p><a href=\"https:\/\/agora.xtec.cat\/ieslaromanica\/wp-content\/uploads\/usu857\/2019\/03\/V-setmana-t\u00e8cnica.jpg\"><img loading=\"lazy\" decoding=\"async\" class=\"size-full wp-image-14481 aligncenter\" src=\"https:\/\/agora.xtec.cat\/ieslaromanica\/wp-content\/uploads\/usu857\/2019\/03\/V-setmana-t\u00e8cnica.jpg\" alt=\"\" width=\"422\" height=\"600\" srcset=\"https:\/\/agora.xtec.cat\/ieslaromanica\/wp-content\/uploads\/usu857\/2019\/03\/V-setmana-t\u00e8cnica.jpg 422w, https:\/\/agora.xtec.cat\/ieslaromanica\/wp-content\/uploads\/usu857\/2019\/03\/V-setmana-t\u00e8cnica-211x300.jpg 211w\" sizes=\"auto, (max-width: 422px) 100vw, 422px\" \/><\/a><\/p>\n<p>Text: Departament de Formaci\u00f3 Professional<\/p>\n<p>Imatge: Anna Garcia<\/p>\n<p style=\"text-align: justify;\">Els dies 26, 27 i 28 de mar\u00e7 tindr\u00e0 lloc la V Setmana T\u00e8cnico-Cultural de Formaci\u00f3 Professional de l\u2019Institut la Rom\u00e0nica, organitzades pel departament d&#8217;FP amb el suport de l\u2019Ajuntament de Barber\u00e0 del Vall\u00e8s i del <em>Ministerio de Educaci\u00f3n y Formaci\u00f3n Profesional<\/em> i el Fons Social Europeu.<\/p>\n<p style=\"text-align: justify;\">La V Setmana T\u00e8cnico-Cultural s\u2019iniciar\u00e0 el 26 de mar\u00e7 \u00a0i comptar\u00e0 amb la participaci\u00f3 de m\u00e9s de 25 empreses del sector qu\u00edmico-farmac\u00e8utic. L\u2019esdeveniment servir\u00e0 perqu\u00e8 l\u2019alumnat dels cicles formatius de la fam\u00edlia professional qu\u00edmica entri en contacte amb empreses del seu sector, i d\u2019aquesta manera enfortir el lligam entre el sector empresarial i educatiu.<\/p>\n<p style=\"text-align: justify;\">El mateix dia 26 de mar\u00e7 a les 15:45 hores, comen\u00e7aran les jornades amb una confer\u00e8ncia inaugural i posteriorment es realitzaran els \u2018work-caf\u00e8s\u2019, una s\u00e8rie de xerrades on l\u2019alumnat de formaci\u00f3 professional tindr\u00e0 l\u2019oportunitat de con\u00e8ixer i parlar amb representants d\u2019empreses del sector en el qual s\u2019estan formant.<\/p>\n<p style=\"text-align: justify;\">Aquesta primera sessi\u00f3 servir\u00e0 perqu\u00e8 m\u00e9s de 200 alumnes del centre educatiu s\u2019apropin a les oportunitats de trobar feina i coneguin quins son els perfils que demanen les empreses del sector qu\u00edmico-farmac\u00e8utic. Els posteriors dies serviran per realitzar diferents activitats, com ara tallers i visites a empreses punteres del sector qu\u00edmico-farmac\u00e8utic.<\/p>\n<p>&nbsp;<\/p>\n<p>&nbsp;<\/p>\n","protected":false},"excerpt":{"rendered":"<p><a href=\"https:\/\/agora.xtec.cat\/ieslaromanica\/wp-content\/uploads\/usu857\/2019\/03\/V-setmana-t\u00e8cnica.jpg\"><\/a><br \/>\nText: Departament de Formaci\u00f3 Professional<br \/>\nImatge: Anna Garcia<br \/>\nEls dies 26, 27 i 28 de mar\u00e7 tindr\u00e0 lloc la V Setmana T\u00e8cnico-Cultural de Formaci\u00f3 Professional de l\u2019Institut la Rom\u00e0nica, organitzades pel departament d&#8217;FP amb el suport de l\u2019Ajuntament de Barber\u00e0 del Vall\u00e8s i del Ministerio de&hellip;  <a href=\"https:\/\/agora.xtec.cat\/ieslaromanica\/general\/v-setmana-tecnico-cultural-de-formacio-professional\/\" title=\"Read V SETMANA T\u00c8CNICO-CULTURAL de Formaci\u00f3 Professional\">Llegeix m\u00e9s\u00bb<\/a><\/p>\n","protected":false},"author":3,"featured_media":14481,"comment_status":"open","ping_status":"closed","sticky":false,"template":"","format":"standard","meta":{"_bbp_topic_count":0,"_bbp_reply_count":0,"_bbp_total_topic_count":0,"_bbp_total_reply_count":0,"_bbp_voice_count":0,"_bbp_anonymous_reply_count":0,"_bbp_topic_count_hidden":0,"_bbp_reply_count_hidden":0,"_bbp_forum_subforum_count":0,"footnotes":""},"categories":[30,1,29],"tags":[240,256,258],"class_list":["post-14480","post","type-post","status-publish","format-standard","has-post-thumbnail","hentry","category-cicles-formatius","category-general","category-portada","tag-240","tag-departament-de-formacio-professional","tag-setmana-tecnico-cultural-dfp"],"post_mailing_queue_ids":[],"_links":{"self":[{"href":"https:\/\/agora.xtec.cat\/ieslaromanica\/wp-json\/wp\/v2\/posts\/14480","targetHints":{"allow":["GET"]}}],"collection":[{"href":"https:\/\/agora.xtec.cat\/ieslaromanica\/wp-json\/wp\/v2\/posts"}],"about":[{"href":"https:\/\/agora.xtec.cat\/ieslaromanica\/wp-json\/wp\/v2\/types\/post"}],"author":[{"embeddable":true,"href":"https:\/\/agora.xtec.cat\/ieslaromanica\/wp-json\/wp\/v2\/users\/3"}],"replies":[{"embeddable":true,"href":"https:\/\/agora.xtec.cat\/ieslaromanica\/wp-json\/wp\/v2\/comments?post=14480"}],"version-history":[{"count":2,"href":"https:\/\/agora.xtec.cat\/ieslaromanica\/wp-json\/wp\/v2\/posts\/14480\/revisions"}],"predecessor-version":[{"id":14484,"href":"https:\/\/agora.xtec.cat\/ieslaromanica\/wp-json\/wp\/v2\/posts\/14480\/revisions\/14484"}],"wp:featuredmedia":[{"embeddable":true,"href":"https:\/\/agora.xtec.cat\/ieslaromanica\/wp-json\/wp\/v2\/media\/14481"}],"wp:attachment":[{"href":"https:\/\/agora.xtec.cat\/ieslaromanica\/wp-json\/wp\/v2\/media?parent=14480"}],"wp:term":[{"taxonomy":"category","embeddable":true,"href":"https:\/\/agora.xtec.cat\/ieslaromanica\/wp-json\/wp\/v2\/categories?post=14480"},{"taxonomy":"post_tag","embeddable":true,"href":"https:\/\/agora.xtec.cat\/ieslaromanica\/wp-json\/wp\/v2\/tags?post=14480"}],"curies":[{"name":"wp","href":"https:\/\/api.w.org\/{rel}","templated":true}]}}