{"id":14433,"date":"2019-03-19T17:02:08","date_gmt":"2019-03-19T16:02:08","guid":{"rendered":"http:\/\/agora.xtec.cat\/ieslaromanica\/?p=14433"},"modified":"2019-03-20T16:14:26","modified_gmt":"2019-03-20T15:14:26","slug":"voleibol-cvb-la-romanica","status":"publish","type":"post","link":"https:\/\/agora.xtec.cat\/ieslaromanica\/general\/voleibol-cvb-la-romanica\/","title":{"rendered":"Voleibol CVB-LA ROM\u00c0NICA"},"content":{"rendered":"<p style=\"text-align: center;\"><a href=\"https:\/\/agora.xtec.cat\/ieslaromanica\/wp-content\/uploads\/usu857\/2019\/03\/partitvolei.jpg\"><img loading=\"lazy\" decoding=\"async\" class=\"alignnone size-full wp-image-14429\" src=\"https:\/\/agora.xtec.cat\/ieslaromanica\/wp-content\/uploads\/usu857\/2019\/03\/partitvolei.jpg\" alt=\"\" width=\"1652\" height=\"929\" srcset=\"https:\/\/agora.xtec.cat\/ieslaromanica\/wp-content\/uploads\/usu857\/2019\/03\/partitvolei.jpg 1652w, https:\/\/agora.xtec.cat\/ieslaromanica\/wp-content\/uploads\/usu857\/2019\/03\/partitvolei-300x169.jpg 300w, https:\/\/agora.xtec.cat\/ieslaromanica\/wp-content\/uploads\/usu857\/2019\/03\/partitvolei-768x432.jpg 768w, https:\/\/agora.xtec.cat\/ieslaromanica\/wp-content\/uploads\/usu857\/2019\/03\/partitvolei-1024x576.jpg 1024w\" sizes=\"auto, (max-width: 1652px) 100vw, 1652px\" \/><\/a><\/p>\n<p>Text i fotografies: Ester Alc\u00f3n<\/p>\n<p style=\"text-align: justify;\">El nostre equip de voleibol, el CVB-LA ROM\u00c0NICA, que segueix en competici\u00f3 a la lliga escolar cadet, va tornar a jugar el divendres 15 de mar\u00e7 contra l&#8217;Institut Can Llong de Sabadell.<\/p>\n<p style=\"text-align: justify;\">El partit, que va tenir lloc al gimn\u00e0s del nostre institut, va destacar per la gran quantitat de gent que va gaudir del joc mostrat per ambd\u00f3s equips. Tot i la derrota per 0-3, les nostres jugadores i jugadors confirmen la seva progressi\u00f3, i van estar a punt d&#8217;adjudicar-se el 1r i el 3r sets.<\/p>\n<p style=\"text-align: justify;\">Ara, cal seguir entrenant i millorant. Us esperem a tots i a totes per animar l&#8217;equip.<\/p>\n<p style=\"text-align: center;\"><a href=\"https:\/\/agora.xtec.cat\/ieslaromanica\/wp-content\/uploads\/usu857\/2019\/03\/equipvolei.jpg\"><img loading=\"lazy\" decoding=\"async\" class=\"alignnone size-full wp-image-14428\" src=\"https:\/\/agora.xtec.cat\/ieslaromanica\/wp-content\/uploads\/usu857\/2019\/03\/equipvolei.jpg\" alt=\"\" width=\"1505\" height=\"953\" srcset=\"https:\/\/agora.xtec.cat\/ieslaromanica\/wp-content\/uploads\/usu857\/2019\/03\/equipvolei.jpg 1505w, https:\/\/agora.xtec.cat\/ieslaromanica\/wp-content\/uploads\/usu857\/2019\/03\/equipvolei-300x190.jpg 300w, https:\/\/agora.xtec.cat\/ieslaromanica\/wp-content\/uploads\/usu857\/2019\/03\/equipvolei-768x486.jpg 768w, https:\/\/agora.xtec.cat\/ieslaromanica\/wp-content\/uploads\/usu857\/2019\/03\/equipvolei-1024x648.jpg 1024w\" sizes=\"auto, (max-width: 1505px) 100vw, 1505px\" \/><\/a><\/p>\n","protected":false},"excerpt":{"rendered":"<p><a href=\"https:\/\/agora.xtec.cat\/ieslaromanica\/wp-content\/uploads\/usu857\/2019\/03\/partitvolei.jpg\"><\/a><br \/>\nText i fotografies: Ester Alc\u00f3n<br \/>\nEl nostre equip de voleibol, el CVB-LA ROM\u00c0NICA, que segueix en competici\u00f3 a la lliga escolar cadet, va tornar a jugar el divendres 15 de mar\u00e7 contra l&#8217;Institut Can Llong de Sabadell.<br \/>\nEl partit, que va tenir lloc al gimn\u00e0s del&hellip;  <a href=\"https:\/\/agora.xtec.cat\/ieslaromanica\/general\/voleibol-cvb-la-romanica\/\" title=\"Read Voleibol CVB-LA ROM\u00c0NICA\">Llegeix m\u00e9s\u00bb<\/a><\/p>\n","protected":false},"author":3,"featured_media":14429,"comment_status":"open","ping_status":"closed","sticky":false,"template":"","format":"standard","meta":{"_bbp_topic_count":0,"_bbp_reply_count":0,"_bbp_total_topic_count":0,"_bbp_total_reply_count":0,"_bbp_voice_count":0,"_bbp_anonymous_reply_count":0,"_bbp_topic_count_hidden":0,"_bbp_reply_count_hidden":0,"_bbp_forum_subforum_count":0,"footnotes":""},"categories":[1,29],"tags":[240,254,253],"class_list":["post-14433","post","type-post","status-publish","format-standard","has-post-thumbnail","hentry","category-general","category-portada","tag-240","tag-cvb-la-romanica","tag-voleibol"],"post_mailing_queue_ids":[],"_links":{"self":[{"href":"https:\/\/agora.xtec.cat\/ieslaromanica\/wp-json\/wp\/v2\/posts\/14433","targetHints":{"allow":["GET"]}}],"collection":[{"href":"https:\/\/agora.xtec.cat\/ieslaromanica\/wp-json\/wp\/v2\/posts"}],"about":[{"href":"https:\/\/agora.xtec.cat\/ieslaromanica\/wp-json\/wp\/v2\/types\/post"}],"author":[{"embeddable":true,"href":"https:\/\/agora.xtec.cat\/ieslaromanica\/wp-json\/wp\/v2\/users\/3"}],"replies":[{"embeddable":true,"href":"https:\/\/agora.xtec.cat\/ieslaromanica\/wp-json\/wp\/v2\/comments?post=14433"}],"version-history":[{"count":3,"href":"https:\/\/agora.xtec.cat\/ieslaromanica\/wp-json\/wp\/v2\/posts\/14433\/revisions"}],"predecessor-version":[{"id":14474,"href":"https:\/\/agora.xtec.cat\/ieslaromanica\/wp-json\/wp\/v2\/posts\/14433\/revisions\/14474"}],"wp:featuredmedia":[{"embeddable":true,"href":"https:\/\/agora.xtec.cat\/ieslaromanica\/wp-json\/wp\/v2\/media\/14429"}],"wp:attachment":[{"href":"https:\/\/agora.xtec.cat\/ieslaromanica\/wp-json\/wp\/v2\/media?parent=14433"}],"wp:term":[{"taxonomy":"category","embeddable":true,"href":"https:\/\/agora.xtec.cat\/ieslaromanica\/wp-json\/wp\/v2\/categories?post=14433"},{"taxonomy":"post_tag","embeddable":true,"href":"https:\/\/agora.xtec.cat\/ieslaromanica\/wp-json\/wp\/v2\/tags?post=14433"}],"curies":[{"name":"wp","href":"https:\/\/api.w.org\/{rel}","templated":true}]}}