{"id":14380,"date":"2019-03-18T11:56:21","date_gmt":"2019-03-18T10:56:21","guid":{"rendered":"http:\/\/agora.xtec.cat\/ieslaromanica\/?p=14380"},"modified":"2019-03-20T16:10:24","modified_gmt":"2019-03-20T15:10:24","slug":"8-de-marc-dia-internacional-de-les-dones-3","status":"publish","type":"post","link":"https:\/\/agora.xtec.cat\/ieslaromanica\/general\/8-de-marc-dia-internacional-de-les-dones-3\/","title":{"rendered":"8 de Mar\u00e7: Dia Internacional de les Dones"},"content":{"rendered":"<p style=\"text-align: center;\"><a href=\"https:\/\/agora.xtec.cat\/ieslaromanica\/wp-content\/uploads\/usu857\/2019\/03\/IMG_05521.jpg\"><img loading=\"lazy\" decoding=\"async\" class=\"alignnone size-full wp-image-14381\" src=\"https:\/\/agora.xtec.cat\/ieslaromanica\/wp-content\/uploads\/usu857\/2019\/03\/IMG_05521.jpg\" alt=\"\" width=\"1454\" height=\"950\" srcset=\"https:\/\/agora.xtec.cat\/ieslaromanica\/wp-content\/uploads\/usu857\/2019\/03\/IMG_05521.jpg 1454w, https:\/\/agora.xtec.cat\/ieslaromanica\/wp-content\/uploads\/usu857\/2019\/03\/IMG_05521-300x196.jpg 300w, https:\/\/agora.xtec.cat\/ieslaromanica\/wp-content\/uploads\/usu857\/2019\/03\/IMG_05521-768x502.jpg 768w, https:\/\/agora.xtec.cat\/ieslaromanica\/wp-content\/uploads\/usu857\/2019\/03\/IMG_05521-1024x669.jpg 1024w\" sizes=\"auto, (max-width: 1454px) 100vw, 1454px\" \/><\/a><\/p>\n<p>Textos: Rosa Gallardo i Maria Teresa S\u00e1nchez Costa<\/p>\n<p>Fotografies: Cristina Vallribera i Montserrat Bigas<\/p>\n<p style=\"text-align: justify;\">Com ja sabeu, el dia 8 de mar\u00e7 \u00e9s el Dia Internacional de les Dones, antigament anomenat Dia Internacional de la Dona Treballadora. Tot i que enguany el dia ha coincidit amb una vaga general feminista, aquests dies s&#8217;han anat fent multitud d&#8217;activitats al nostre centre. Aqu\u00ed en tenim una mostra:<\/p>\n<p style=\"text-align: justify;\">\u00a0&#8211; El mateix dia 8 de mar\u00e7, amb l&#8217;alumnat de 1r d&#8217;ESO, la Rosa Gallardo va fer activitats per commemorar aquesta diada reivindicativa de la igualtat entre dones i homes, com: una cadena de dones de color lila que ha penjat a l&#8217;entrada i a la porta que dona al vest\u00edbul, amb els noms de les alumnes, el qu\u00e8 volen ser de grans, amb el nom de dones importants per a elles, i els nois tamb\u00e9 van col.laborar amb dones importants per a ells. Moltes de les dones liles porten els noms de les seves mares i de les seves \u00e0vies, dones lluitadores i treballadores:<\/p>\n<p style=\"text-align: center;\"><a href=\"https:\/\/agora.xtec.cat\/ieslaromanica\/wp-content\/uploads\/usu857\/2019\/03\/IMG_0550.jpg\"><img loading=\"lazy\" decoding=\"async\" class=\"alignnone size-full wp-image-14383\" src=\"https:\/\/agora.xtec.cat\/ieslaromanica\/wp-content\/uploads\/usu857\/2019\/03\/IMG_0550.jpg\" alt=\"\" width=\"1008\" height=\"756\" srcset=\"https:\/\/agora.xtec.cat\/ieslaromanica\/wp-content\/uploads\/usu857\/2019\/03\/IMG_0550.jpg 1008w, https:\/\/agora.xtec.cat\/ieslaromanica\/wp-content\/uploads\/usu857\/2019\/03\/IMG_0550-300x225.jpg 300w, https:\/\/agora.xtec.cat\/ieslaromanica\/wp-content\/uploads\/usu857\/2019\/03\/IMG_0550-768x576.jpg 768w, https:\/\/agora.xtec.cat\/ieslaromanica\/wp-content\/uploads\/usu857\/2019\/03\/IMG_0550-200x150.jpg 200w\" sizes=\"auto, (max-width: 1008px) 100vw, 1008px\" \/><\/a><\/p>\n<p style=\"text-align: justify;\">\u00a0&#8211; La Lourdes Ferran des d&#8217;Extraescolars ha impulsat la creaci\u00f3 d&#8217;un mural amb dones que han destacat per la seva v\u00e0lua com artistes, cient\u00edfiques, pol\u00edtiques, m\u00fasiques, escriptores o com a dones activistes defensores de la igualtat. L&#8217;exposici\u00f3 consta d&#8217;imatges, el nom de les dones i frases que mostren el seu pensament, per tal de visibilitzar-les i ajudar-nos a reflexionar. Es tracta d&#8217;una exposici\u00f3 interactiva on\u00a0el nostre alumnat ha pogut enganxar p\u00f2sits amb missatges:<\/p>\n<p style=\"text-align: center;\"><a href=\"https:\/\/agora.xtec.cat\/ieslaromanica\/wp-content\/uploads\/usu857\/2019\/03\/IMG_2367.jpg\"><img loading=\"lazy\" decoding=\"async\" class=\"alignnone size-full wp-image-14398\" src=\"https:\/\/agora.xtec.cat\/ieslaromanica\/wp-content\/uploads\/usu857\/2019\/03\/IMG_2367.jpg\" alt=\"\" width=\"1505\" height=\"925\" srcset=\"https:\/\/agora.xtec.cat\/ieslaromanica\/wp-content\/uploads\/usu857\/2019\/03\/IMG_2367.jpg 1505w, https:\/\/agora.xtec.cat\/ieslaromanica\/wp-content\/uploads\/usu857\/2019\/03\/IMG_2367-300x184.jpg 300w, https:\/\/agora.xtec.cat\/ieslaromanica\/wp-content\/uploads\/usu857\/2019\/03\/IMG_2367-768x472.jpg 768w, https:\/\/agora.xtec.cat\/ieslaromanica\/wp-content\/uploads\/usu857\/2019\/03\/IMG_2367-1024x629.jpg 1024w\" sizes=\"auto, (max-width: 1505px) 100vw, 1505px\" \/><\/a><\/p>\n<p style=\"text-align: justify;\">\u00a0&#8211; Alguns professors i professores hem aprofitat tamb\u00e9 per fer una tasca de visibilitzaci\u00f3 de dones que han destacat en diversos camps, com la ci\u00e8ncia,\u00a0 l&#8217;art, la literatura, la tecnologia o el pensament. Algunes d&#8217;aquestes activitats s&#8217;han tradu\u00eft en exposicions: Dones i Ci\u00e8ncia de la m\u00e0 de l&#8217;Adri\u00e0 Ortiz i\u00a0 Dones i Art de la m\u00e0 de la Marisa Aleu:<\/p>\n<p style=\"text-align: center;\"><a href=\"https:\/\/agora.xtec.cat\/ieslaromanica\/wp-content\/uploads\/usu857\/2019\/03\/IMG_2365.jpg\"><img loading=\"lazy\" decoding=\"async\" class=\"alignnone size-full wp-image-14396\" src=\"https:\/\/agora.xtec.cat\/ieslaromanica\/wp-content\/uploads\/usu857\/2019\/03\/IMG_2365.jpg\" alt=\"\" width=\"1605\" height=\"1161\" srcset=\"https:\/\/agora.xtec.cat\/ieslaromanica\/wp-content\/uploads\/usu857\/2019\/03\/IMG_2365.jpg 1605w, https:\/\/agora.xtec.cat\/ieslaromanica\/wp-content\/uploads\/usu857\/2019\/03\/IMG_2365-300x217.jpg 300w, https:\/\/agora.xtec.cat\/ieslaromanica\/wp-content\/uploads\/usu857\/2019\/03\/IMG_2365-768x556.jpg 768w, https:\/\/agora.xtec.cat\/ieslaromanica\/wp-content\/uploads\/usu857\/2019\/03\/IMG_2365-1024x741.jpg 1024w\" sizes=\"auto, (max-width: 1605px) 100vw, 1605px\" \/><\/a><\/p>\n<p><a href=\"https:\/\/agora.xtec.cat\/ieslaromanica\/wp-content\/uploads\/usu857\/2019\/03\/IMG_2366-1.jpg\"><img loading=\"lazy\" decoding=\"async\" class=\"alignnone size-full wp-image-14397\" src=\"https:\/\/agora.xtec.cat\/ieslaromanica\/wp-content\/uploads\/usu857\/2019\/03\/IMG_2366-1.jpg\" alt=\"\" width=\"1545\" height=\"1205\" srcset=\"https:\/\/agora.xtec.cat\/ieslaromanica\/wp-content\/uploads\/usu857\/2019\/03\/IMG_2366-1.jpg 1545w, https:\/\/agora.xtec.cat\/ieslaromanica\/wp-content\/uploads\/usu857\/2019\/03\/IMG_2366-1-300x234.jpg 300w, https:\/\/agora.xtec.cat\/ieslaromanica\/wp-content\/uploads\/usu857\/2019\/03\/IMG_2366-1-768x599.jpg 768w, https:\/\/agora.xtec.cat\/ieslaromanica\/wp-content\/uploads\/usu857\/2019\/03\/IMG_2366-1-1024x799.jpg 1024w\" sizes=\"auto, (max-width: 1545px) 100vw, 1545px\" \/><\/a><\/p>\n<p style=\"text-align: justify;\">\u00a0&#8211; Des d&#8217;Educaci\u00f3 Visual i Pl\u00e0stica s&#8217;ha dut a terme una exposici\u00f3 amb treballs de 1r d&#8217;ESO sobre la pintora Frida Kahlo:<\/p>\n<p style=\"text-align: center;\"><a href=\"https:\/\/agora.xtec.cat\/ieslaromanica\/wp-content\/uploads\/usu857\/2019\/03\/IMG_2370.jpg\"><img loading=\"lazy\" decoding=\"async\" class=\"alignnone size-full wp-image-14401\" src=\"https:\/\/agora.xtec.cat\/ieslaromanica\/wp-content\/uploads\/usu857\/2019\/03\/IMG_2370.jpg\" alt=\"\" width=\"1392\" height=\"1772\" srcset=\"https:\/\/agora.xtec.cat\/ieslaromanica\/wp-content\/uploads\/usu857\/2019\/03\/IMG_2370.jpg 1392w, https:\/\/agora.xtec.cat\/ieslaromanica\/wp-content\/uploads\/usu857\/2019\/03\/IMG_2370-236x300.jpg 236w, https:\/\/agora.xtec.cat\/ieslaromanica\/wp-content\/uploads\/usu857\/2019\/03\/IMG_2370-768x978.jpg 768w, https:\/\/agora.xtec.cat\/ieslaromanica\/wp-content\/uploads\/usu857\/2019\/03\/IMG_2370-804x1024.jpg 804w\" sizes=\"auto, (max-width: 1392px) 100vw, 1392px\" \/><\/a><\/p>\n<p style=\"text-align: center;\"><a href=\"https:\/\/agora.xtec.cat\/ieslaromanica\/wp-content\/uploads\/usu857\/2019\/03\/IMG_2369.jpg\"><img loading=\"lazy\" decoding=\"async\" class=\"alignnone size-full wp-image-14400\" src=\"https:\/\/agora.xtec.cat\/ieslaromanica\/wp-content\/uploads\/usu857\/2019\/03\/IMG_2369.jpg\" alt=\"\" width=\"1254\" height=\"1609\" srcset=\"https:\/\/agora.xtec.cat\/ieslaromanica\/wp-content\/uploads\/usu857\/2019\/03\/IMG_2369.jpg 1254w, https:\/\/agora.xtec.cat\/ieslaromanica\/wp-content\/uploads\/usu857\/2019\/03\/IMG_2369-234x300.jpg 234w, https:\/\/agora.xtec.cat\/ieslaromanica\/wp-content\/uploads\/usu857\/2019\/03\/IMG_2369-768x985.jpg 768w, https:\/\/agora.xtec.cat\/ieslaromanica\/wp-content\/uploads\/usu857\/2019\/03\/IMG_2369-798x1024.jpg 798w\" sizes=\"auto, (max-width: 1254px) 100vw, 1254px\" \/><\/a><\/p>\n<p style=\"text-align: justify;\">\u00a0 <a href=\"https:\/\/agora.xtec.cat\/ieslaromanica\/wp-content\/uploads\/usu857\/2019\/03\/IMG_2368.jpg\"><img loading=\"lazy\" decoding=\"async\" class=\"alignnone size-full wp-image-14399\" src=\"https:\/\/agora.xtec.cat\/ieslaromanica\/wp-content\/uploads\/usu857\/2019\/03\/IMG_2368.jpg\" alt=\"\" width=\"1341\" height=\"941\" srcset=\"https:\/\/agora.xtec.cat\/ieslaromanica\/wp-content\/uploads\/usu857\/2019\/03\/IMG_2368.jpg 1341w, https:\/\/agora.xtec.cat\/ieslaromanica\/wp-content\/uploads\/usu857\/2019\/03\/IMG_2368-300x211.jpg 300w, https:\/\/agora.xtec.cat\/ieslaromanica\/wp-content\/uploads\/usu857\/2019\/03\/IMG_2368-768x539.jpg 768w, https:\/\/agora.xtec.cat\/ieslaromanica\/wp-content\/uploads\/usu857\/2019\/03\/IMG_2368-1024x719.jpg 1024w\" sizes=\"auto, (max-width: 1341px) 100vw, 1341px\" \/><\/a><\/p>\n<p style=\"text-align: justify;\">\u00a0&#8211; Des de la mat\u00e8ria optativa de Religi\u00f3, des de l&#8217;\u00c0mbit Educaci\u00f3 en Valors i tamb\u00e9 des d&#8217;altres \u00e0mbits, com el Ling\u00fc\u00edstic o a les Tutories, s&#8217;han anat visionat diversos documentals sobre la import\u00e0ncia de l&#8217;educaci\u00f3 per assolir la igualtat efectiva, com per exemple &#8220;Qu\u00e8 volen les dones?&#8221;<\/p>\n<p style=\"text-align: justify;\">\u00a0&#8211; Des de l&#8217;optativa de Religi\u00f3 el Jes\u00fas Mart\u00ednez ha fet una entrevista de r\u00e0dio a l&#8217;alumnat sobre el Dia de les Dones, el Feminisme i la igualtat de drets entre homes i dones. A continuaci\u00f3, podeu escoltar el <em>potcast<\/em> amb l&#8217;entrevista a 4t d&#8217;ESO<em>:<\/em><\/p>\n<!--[if lt IE 9]><script>document.createElement('audio');<\/script><![endif]-->\n<audio class=\"wp-audio-shortcode\" id=\"audio-14380-1\" preload=\"none\" style=\"width: 100%;\" controls=\"controls\"><source type=\"audio\/mpeg\" src=\"https:\/\/agora.xtec.cat\/ieslaromanica\/wp-content\/uploads\/usu857\/2019\/03\/Igualtat-de-drets.mp3?_=1\" \/><a href=\"https:\/\/agora.xtec.cat\/ieslaromanica\/wp-content\/uploads\/usu857\/2019\/03\/Igualtat-de-drets.mp3\">https:\/\/agora.xtec.cat\/ieslaromanica\/wp-content\/uploads\/usu857\/2019\/03\/Igualtat-de-drets.mp3<\/a><\/audio>\n<h6 style=\"text-align: center;\"><\/h6>\n<h6 style=\"text-align: center;\">No oblidem mai que &#8220;el contrari del feminisme \u00e9s la ignor\u00e0ncia&#8221;<\/h6>\n<p>&nbsp;<\/p>\n","protected":false},"excerpt":{"rendered":"<p><a href=\"https:\/\/agora.xtec.cat\/ieslaromanica\/wp-content\/uploads\/usu857\/2019\/03\/IMG_05521.jpg\"><\/a><br \/>\nTextos: Rosa Gallardo i Maria Teresa S\u00e1nchez Costa<br \/>\nFotografies: Cristina Vallribera i Montserrat Bigas<br \/>\nCom ja sabeu, el dia 8 de mar\u00e7 \u00e9s el Dia Internacional de les Dones, antigament anomenat Dia Internacional de la Dona Treballadora. Tot i que enguany el dia ha coincidit amb&hellip;  <a href=\"https:\/\/agora.xtec.cat\/ieslaromanica\/general\/8-de-marc-dia-internacional-de-les-dones-3\/\" title=\"Read 8 de Mar\u00e7: Dia Internacional de les Dones\">Llegeix m\u00e9s\u00bb<\/a><\/p>\n","protected":false},"author":3,"featured_media":14381,"comment_status":"open","ping_status":"closed","sticky":false,"template":"","format":"standard","meta":{"_bbp_topic_count":0,"_bbp_reply_count":0,"_bbp_total_topic_count":0,"_bbp_total_reply_count":0,"_bbp_voice_count":0,"_bbp_anonymous_reply_count":0,"_bbp_topic_count_hidden":0,"_bbp_reply_count_hidden":0,"_bbp_forum_subforum_count":0,"footnotes":""},"categories":[31,8,3,1,29],"tags":[240,132,133,252],"class_list":["post-14380","post","type-post","status-publish","format-standard","has-post-thumbnail","hentry","category-afa","category-batxillerat","category-eso","category-general","category-portada","tag-240","tag-8-de-marc","tag-dia-internacional-de-les-dones","tag-exposicions"],"post_mailing_queue_ids":[],"_links":{"self":[{"href":"https:\/\/agora.xtec.cat\/ieslaromanica\/wp-json\/wp\/v2\/posts\/14380","targetHints":{"allow":["GET"]}}],"collection":[{"href":"https:\/\/agora.xtec.cat\/ieslaromanica\/wp-json\/wp\/v2\/posts"}],"about":[{"href":"https:\/\/agora.xtec.cat\/ieslaromanica\/wp-json\/wp\/v2\/types\/post"}],"author":[{"embeddable":true,"href":"https:\/\/agora.xtec.cat\/ieslaromanica\/wp-json\/wp\/v2\/users\/3"}],"replies":[{"embeddable":true,"href":"https:\/\/agora.xtec.cat\/ieslaromanica\/wp-json\/wp\/v2\/comments?post=14380"}],"version-history":[{"count":3,"href":"https:\/\/agora.xtec.cat\/ieslaromanica\/wp-json\/wp\/v2\/posts\/14380\/revisions"}],"predecessor-version":[{"id":14472,"href":"https:\/\/agora.xtec.cat\/ieslaromanica\/wp-json\/wp\/v2\/posts\/14380\/revisions\/14472"}],"wp:featuredmedia":[{"embeddable":true,"href":"https:\/\/agora.xtec.cat\/ieslaromanica\/wp-json\/wp\/v2\/media\/14381"}],"wp:attachment":[{"href":"https:\/\/agora.xtec.cat\/ieslaromanica\/wp-json\/wp\/v2\/media?parent=14380"}],"wp:term":[{"taxonomy":"category","embeddable":true,"href":"https:\/\/agora.xtec.cat\/ieslaromanica\/wp-json\/wp\/v2\/categories?post=14380"},{"taxonomy":"post_tag","embeddable":true,"href":"https:\/\/agora.xtec.cat\/ieslaromanica\/wp-json\/wp\/v2\/tags?post=14380"}],"curies":[{"name":"wp","href":"https:\/\/api.w.org\/{rel}","templated":true}]}}