{"id":14324,"date":"2019-03-05T11:09:14","date_gmt":"2019-03-05T10:09:14","guid":{"rendered":"http:\/\/agora.xtec.cat\/ieslaromanica\/?p=14324"},"modified":"2019-03-05T11:10:15","modified_gmt":"2019-03-05T10:10:15","slug":"filo","status":"publish","type":"post","link":"https:\/\/agora.xtec.cat\/ieslaromanica\/general\/filo\/","title":{"rendered":"Art i Filosofia"},"content":{"rendered":"<div><\/div>\n<div><a href=\"https:\/\/agora.xtec.cat\/ieslaromanica\/wp-content\/uploads\/usu857\/2019\/03\/IMG_20190220_130043.jpg\"><img loading=\"lazy\" decoding=\"async\" class=\"size-full wp-image-14325 aligncenter\" src=\"https:\/\/agora.xtec.cat\/ieslaromanica\/wp-content\/uploads\/usu857\/2019\/03\/IMG_20190220_130043.jpg\" alt=\"\" width=\"1550\" height=\"1156\" srcset=\"https:\/\/agora.xtec.cat\/ieslaromanica\/wp-content\/uploads\/usu857\/2019\/03\/IMG_20190220_130043.jpg 1550w, https:\/\/agora.xtec.cat\/ieslaromanica\/wp-content\/uploads\/usu857\/2019\/03\/IMG_20190220_130043-300x224.jpg 300w, https:\/\/agora.xtec.cat\/ieslaromanica\/wp-content\/uploads\/usu857\/2019\/03\/IMG_20190220_130043-768x573.jpg 768w, https:\/\/agora.xtec.cat\/ieslaromanica\/wp-content\/uploads\/usu857\/2019\/03\/IMG_20190220_130043-1024x764.jpg 1024w, https:\/\/agora.xtec.cat\/ieslaromanica\/wp-content\/uploads\/usu857\/2019\/03\/IMG_20190220_130043-200x150.jpg 200w\" sizes=\"auto, (max-width: 1550px) 100vw, 1550px\" \/><\/a><\/div>\n<div>Text i imatge: Xavier Ma\u00f1es<\/div>\n<div style=\"text-align: justify;\"><\/div>\n<div style=\"text-align: justify;\">El passat 20 de febrer, l&#8217;alumnat de la mat\u00e8ria optativa de 4t d&#8217;ESO de Filosofia va visitar, conjuntament amb el professorat de filosofia del centre, el Museu de les Cultures del M\u00f3n.<\/div>\n<div style=\"text-align: justify;\"><\/div>\n<div style=\"text-align: justify;\">Ubicat a Barcelona, aquest museu cont\u00e9 mostres d&#8217;expressions art\u00edstiques dels continents d&#8217;Am\u00e8rica, \u00c0frica, \u00c0sia i Oceania, corresponents a diferents \u00e8poques hist\u00f2riques.<\/div>\n<div style=\"text-align: justify;\"><\/div>\n<div style=\"text-align: justify;\">La sortida s&#8217;emmarca dins la unitat did\u00e0ctica <b>Qu\u00e8 \u00e9s l&#8217;art?<\/b>, i pretenia aprofundir en l&#8217;encaix de les expressions art\u00edstiques en els seus marcs culturals.<\/div>\n<div><\/div>\n","protected":false},"excerpt":{"rendered":"<p><a href=\"https:\/\/agora.xtec.cat\/ieslaromanica\/wp-content\/uploads\/usu857\/2019\/03\/IMG_20190220_130043.jpg\"><\/a><br \/>\nText i imatge: Xavier Ma\u00f1es<\/p>\n<p>El passat 20 de febrer, l&#8217;alumnat de la mat\u00e8ria optativa de 4t d&#8217;ESO de Filosofia va visitar, conjuntament amb el professorat de filosofia del centre, el Museu de les Cultures del M\u00f3n.<\/p>\n<p>Ubicat a Barcelona, aquest museu cont\u00e9 mostres d&#8217;expressions art\u00edstiques&hellip;  <a href=\"https:\/\/agora.xtec.cat\/ieslaromanica\/general\/filo\/\" title=\"Read Art i Filosofia\">Llegeix m\u00e9s\u00bb<\/a><\/p>\n","protected":false},"author":3,"featured_media":14325,"comment_status":"open","ping_status":"closed","sticky":false,"template":"","format":"standard","meta":{"_bbp_topic_count":0,"_bbp_reply_count":0,"_bbp_total_topic_count":0,"_bbp_total_reply_count":0,"_bbp_voice_count":0,"_bbp_anonymous_reply_count":0,"_bbp_topic_count_hidden":0,"_bbp_reply_count_hidden":0,"_bbp_forum_subforum_count":0,"footnotes":""},"categories":[7,1,29],"tags":[240,230],"class_list":["post-14324","post","type-post","status-publish","format-standard","has-post-thumbnail","hentry","category-eso-4","category-general","category-portada","tag-240","tag-departament-de-filosofia"],"post_mailing_queue_ids":[],"_links":{"self":[{"href":"https:\/\/agora.xtec.cat\/ieslaromanica\/wp-json\/wp\/v2\/posts\/14324","targetHints":{"allow":["GET"]}}],"collection":[{"href":"https:\/\/agora.xtec.cat\/ieslaromanica\/wp-json\/wp\/v2\/posts"}],"about":[{"href":"https:\/\/agora.xtec.cat\/ieslaromanica\/wp-json\/wp\/v2\/types\/post"}],"author":[{"embeddable":true,"href":"https:\/\/agora.xtec.cat\/ieslaromanica\/wp-json\/wp\/v2\/users\/3"}],"replies":[{"embeddable":true,"href":"https:\/\/agora.xtec.cat\/ieslaromanica\/wp-json\/wp\/v2\/comments?post=14324"}],"version-history":[{"count":2,"href":"https:\/\/agora.xtec.cat\/ieslaromanica\/wp-json\/wp\/v2\/posts\/14324\/revisions"}],"predecessor-version":[{"id":14327,"href":"https:\/\/agora.xtec.cat\/ieslaromanica\/wp-json\/wp\/v2\/posts\/14324\/revisions\/14327"}],"wp:featuredmedia":[{"embeddable":true,"href":"https:\/\/agora.xtec.cat\/ieslaromanica\/wp-json\/wp\/v2\/media\/14325"}],"wp:attachment":[{"href":"https:\/\/agora.xtec.cat\/ieslaromanica\/wp-json\/wp\/v2\/media?parent=14324"}],"wp:term":[{"taxonomy":"category","embeddable":true,"href":"https:\/\/agora.xtec.cat\/ieslaromanica\/wp-json\/wp\/v2\/categories?post=14324"},{"taxonomy":"post_tag","embeddable":true,"href":"https:\/\/agora.xtec.cat\/ieslaromanica\/wp-json\/wp\/v2\/tags?post=14324"}],"curies":[{"name":"wp","href":"https:\/\/api.w.org\/{rel}","templated":true}]}}