{"id":14311,"date":"2019-02-20T15:14:15","date_gmt":"2019-02-20T14:14:15","guid":{"rendered":"http:\/\/agora.xtec.cat\/ieslaromanica\/?p=14311"},"modified":"2019-02-20T15:14:15","modified_gmt":"2019-02-20T14:14:15","slug":"posada-en-marxa-del-club-de-lectura","status":"publish","type":"post","link":"https:\/\/agora.xtec.cat\/ieslaromanica\/general\/posada-en-marxa-del-club-de-lectura\/","title":{"rendered":"Posada en marxa del CLUB DE LECTURA"},"content":{"rendered":"<p style=\"text-align: justify;\"><a href=\"https:\/\/agora.xtec.cat\/ieslaromanica\/wp-content\/uploads\/usu857\/2019\/02\/IMG_7721.jpg\"><img loading=\"lazy\" decoding=\"async\" class=\"alignnone size-full wp-image-14314\" src=\"https:\/\/agora.xtec.cat\/ieslaromanica\/wp-content\/uploads\/usu857\/2019\/02\/IMG_7721.jpg\" alt=\"\" width=\"2016\" height=\"1512\" srcset=\"https:\/\/agora.xtec.cat\/ieslaromanica\/wp-content\/uploads\/usu857\/2019\/02\/IMG_7721.jpg 2016w, https:\/\/agora.xtec.cat\/ieslaromanica\/wp-content\/uploads\/usu857\/2019\/02\/IMG_7721-300x225.jpg 300w, https:\/\/agora.xtec.cat\/ieslaromanica\/wp-content\/uploads\/usu857\/2019\/02\/IMG_7721-768x576.jpg 768w, https:\/\/agora.xtec.cat\/ieslaromanica\/wp-content\/uploads\/usu857\/2019\/02\/IMG_7721-1024x768.jpg 1024w, https:\/\/agora.xtec.cat\/ieslaromanica\/wp-content\/uploads\/usu857\/2019\/02\/IMG_7721-200x150.jpg 200w\" sizes=\"auto, (max-width: 2016px) 100vw, 2016px\" \/><\/a> Despr\u00e9s de dos cursos de treball intens per adaptar-la als nous temps, estem ja en cam\u00ed de donar-li nous usos i una nova vida aquest espai imprescindible per al centre: la Biblioteca.<\/p>\n<p style=\"text-align: justify;\">La Biblioteca de l&#8217;Institut ha recuperat el seu esplendor a trav\u00e9s de la primera sessi\u00f3 del Club de Lectura. Tal i com us anunci\u00e0vem, el Club de Lectura, que est\u00e0 obert tant a l&#8217;alumnat, com al professorat, com a les fam\u00edlies, s&#8217;ha inaugurat amb la novel.la <strong><em>La tresse,<\/em><\/strong> de Laetitia Colombani.<\/p>\n<p><a href=\"https:\/\/agora.xtec.cat\/ieslaromanica\/wp-content\/uploads\/usu857\/2019\/02\/IMG_7713.jpg\"><img loading=\"lazy\" decoding=\"async\" class=\"alignnone size-full wp-image-14313\" src=\"https:\/\/agora.xtec.cat\/ieslaromanica\/wp-content\/uploads\/usu857\/2019\/02\/IMG_7713.jpg\" alt=\"\" width=\"2337\" height=\"1321\" srcset=\"https:\/\/agora.xtec.cat\/ieslaromanica\/wp-content\/uploads\/usu857\/2019\/02\/IMG_7713.jpg 2337w, https:\/\/agora.xtec.cat\/ieslaromanica\/wp-content\/uploads\/usu857\/2019\/02\/IMG_7713-300x170.jpg 300w, https:\/\/agora.xtec.cat\/ieslaromanica\/wp-content\/uploads\/usu857\/2019\/02\/IMG_7713-768x434.jpg 768w, https:\/\/agora.xtec.cat\/ieslaromanica\/wp-content\/uploads\/usu857\/2019\/02\/IMG_7713-1024x579.jpg 1024w\" sizes=\"auto, (max-width: 2337px) 100vw, 2337px\" \/><\/a><\/p>\n<p style=\"text-align: justify;\">Alumnat i professorat del centre van poder conversar, analitzar i posar en com\u00fa la lectura d&#8217;aquest llibre, aix\u00ed com llegir en veu alta alguns dels seus par\u00e0grafs, en qualsevol de les seves traduccions i a gust dels lectors i lectores, amb l&#8217;acompanyament al piano del professor Sergio de Orte.<\/p>\n<p><a href=\"https:\/\/agora.xtec.cat\/ieslaromanica\/wp-content\/uploads\/usu857\/2019\/02\/IMG_7711.jpg\"><img loading=\"lazy\" decoding=\"async\" class=\"alignnone size-full wp-image-14312\" src=\"https:\/\/agora.xtec.cat\/ieslaromanica\/wp-content\/uploads\/usu857\/2019\/02\/IMG_7711.jpg\" alt=\"\" width=\"2285\" height=\"1379\" srcset=\"https:\/\/agora.xtec.cat\/ieslaromanica\/wp-content\/uploads\/usu857\/2019\/02\/IMG_7711.jpg 2285w, https:\/\/agora.xtec.cat\/ieslaromanica\/wp-content\/uploads\/usu857\/2019\/02\/IMG_7711-300x181.jpg 300w, https:\/\/agora.xtec.cat\/ieslaromanica\/wp-content\/uploads\/usu857\/2019\/02\/IMG_7711-768x463.jpg 768w, https:\/\/agora.xtec.cat\/ieslaromanica\/wp-content\/uploads\/usu857\/2019\/02\/IMG_7711-1024x618.jpg 1024w\" sizes=\"auto, (max-width: 2285px) 100vw, 2285px\" \/><\/a><\/p>\n<p style=\"text-align: justify;\">La trena, tant f\u00edsicament com simb\u00f2licament, ha estat l&#8217;element que ha lligat les vides de tres dones, la Smila, la Sarah i la Giulia, ben diferents en aparen\u00e7a i circumst\u00e0ncies personals, per\u00f2 amb molts punts de connexi\u00f3, com la dignitat de les seves tres protagonistes i la lluita per sortir de les seves respectives g\u00e0bies.<\/p>\n<p style=\"text-align: justify;\">Ha estat una experi\u00e8ncia que les persones assistents els agradaria aviat repetir. Aprofitem per convidar a participar a totes aquelles persones que sigueu amants de la lectura, la conversa i la bona companyia.<\/p>\n","protected":false},"excerpt":{"rendered":"<p><a href=\"https:\/\/agora.xtec.cat\/ieslaromanica\/wp-content\/uploads\/usu857\/2019\/02\/IMG_7721.jpg\"><\/a> Despr\u00e9s de dos cursos de treball intens per adaptar-la als nous temps, estem ja en cam\u00ed de donar-li nous usos i una nova vida aquest espai imprescindible per al centre: la Biblioteca.<br \/>\nLa Biblioteca de l&#8217;Institut ha recuperat el seu esplendor a trav\u00e9s de&hellip;  <a href=\"https:\/\/agora.xtec.cat\/ieslaromanica\/general\/posada-en-marxa-del-club-de-lectura\/\" title=\"Read Posada en marxa del CLUB DE LECTURA\">Llegeix m\u00e9s\u00bb<\/a><\/p>\n","protected":false},"author":3,"featured_media":14314,"comment_status":"open","ping_status":"closed","sticky":false,"template":"","format":"standard","meta":{"_bbp_topic_count":0,"_bbp_reply_count":0,"_bbp_total_topic_count":0,"_bbp_total_reply_count":0,"_bbp_voice_count":0,"_bbp_anonymous_reply_count":0,"_bbp_topic_count_hidden":0,"_bbp_reply_count_hidden":0,"_bbp_forum_subforum_count":0,"footnotes":""},"categories":[243,1,29],"tags":[240,244],"class_list":["post-14311","post","type-post","status-publish","format-standard","has-post-thumbnail","hentry","category-biblioteca","category-general","category-portada","tag-240","tag-club-de-lectura"],"post_mailing_queue_ids":[],"_links":{"self":[{"href":"https:\/\/agora.xtec.cat\/ieslaromanica\/wp-json\/wp\/v2\/posts\/14311","targetHints":{"allow":["GET"]}}],"collection":[{"href":"https:\/\/agora.xtec.cat\/ieslaromanica\/wp-json\/wp\/v2\/posts"}],"about":[{"href":"https:\/\/agora.xtec.cat\/ieslaromanica\/wp-json\/wp\/v2\/types\/post"}],"author":[{"embeddable":true,"href":"https:\/\/agora.xtec.cat\/ieslaromanica\/wp-json\/wp\/v2\/users\/3"}],"replies":[{"embeddable":true,"href":"https:\/\/agora.xtec.cat\/ieslaromanica\/wp-json\/wp\/v2\/comments?post=14311"}],"version-history":[{"count":2,"href":"https:\/\/agora.xtec.cat\/ieslaromanica\/wp-json\/wp\/v2\/posts\/14311\/revisions"}],"predecessor-version":[{"id":14316,"href":"https:\/\/agora.xtec.cat\/ieslaromanica\/wp-json\/wp\/v2\/posts\/14311\/revisions\/14316"}],"wp:featuredmedia":[{"embeddable":true,"href":"https:\/\/agora.xtec.cat\/ieslaromanica\/wp-json\/wp\/v2\/media\/14314"}],"wp:attachment":[{"href":"https:\/\/agora.xtec.cat\/ieslaromanica\/wp-json\/wp\/v2\/media?parent=14311"}],"wp:term":[{"taxonomy":"category","embeddable":true,"href":"https:\/\/agora.xtec.cat\/ieslaromanica\/wp-json\/wp\/v2\/categories?post=14311"},{"taxonomy":"post_tag","embeddable":true,"href":"https:\/\/agora.xtec.cat\/ieslaromanica\/wp-json\/wp\/v2\/tags?post=14311"}],"curies":[{"name":"wp","href":"https:\/\/api.w.org\/{rel}","templated":true}]}}