{"id":14289,"date":"2019-02-18T08:49:53","date_gmt":"2019-02-18T07:49:53","guid":{"rendered":"http:\/\/agora.xtec.cat\/ieslaromanica\/?p=14289"},"modified":"2019-02-18T08:49:53","modified_gmt":"2019-02-18T07:49:53","slug":"taller-de-teatre-en-alemany","status":"publish","type":"post","link":"https:\/\/agora.xtec.cat\/ieslaromanica\/general\/taller-de-teatre-en-alemany\/","title":{"rendered":"Taller de Teatre en Alemany"},"content":{"rendered":"<p lang=\"es-ES\" style=\"text-align: center;\" align=\"justify\"><a href=\"https:\/\/agora.xtec.cat\/ieslaromanica\/wp-content\/uploads\/usu857\/2019\/02\/IMG_5277.jpg\"><img loading=\"lazy\" decoding=\"async\" class=\"alignnone size-full wp-image-14297\" src=\"https:\/\/agora.xtec.cat\/ieslaromanica\/wp-content\/uploads\/usu857\/2019\/02\/IMG_5277.jpg\" alt=\"\" width=\"1632\" height=\"1224\" srcset=\"https:\/\/agora.xtec.cat\/ieslaromanica\/wp-content\/uploads\/usu857\/2019\/02\/IMG_5277.jpg 1632w, https:\/\/agora.xtec.cat\/ieslaromanica\/wp-content\/uploads\/usu857\/2019\/02\/IMG_5277-300x225.jpg 300w, https:\/\/agora.xtec.cat\/ieslaromanica\/wp-content\/uploads\/usu857\/2019\/02\/IMG_5277-768x576.jpg 768w, https:\/\/agora.xtec.cat\/ieslaromanica\/wp-content\/uploads\/usu857\/2019\/02\/IMG_5277-1024x768.jpg 1024w, https:\/\/agora.xtec.cat\/ieslaromanica\/wp-content\/uploads\/usu857\/2019\/02\/IMG_5277-200x150.jpg 200w\" sizes=\"auto, (max-width: 1632px) 100vw, 1632px\" \/><\/a><\/p>\n<p lang=\"es-ES\" align=\"justify\">Text, fotografia i v\u00eddeo: Marzena Korczakowska<\/p>\n<p lang=\"es-ES\" align=\"justify\">El dia 13 de desembre de 2018, l&#8217;alumnat de 4t d&#8217;ESO de la mat\u00e8ria optativa d&#8217;Alemany, va poder participar al <strong>Taller de Teatre en Alemany<\/strong> impartit al nostre institut, de la m\u00e0 del pedagog teatral Arthur H\u00e0ring, subvencionat pel Goethe Institut de Barcelona.<\/p>\n<p lang=\"es-ES\" align=\"justify\">Durant aquesta activitat de tres hores de durada, l&#8217;alumnat va poder jugar de manera molt din\u00e0mica i creativa, fomentant aix\u00ed la seva capacitat comunicativa i, a m\u00e9s a m\u00e9s, tot en alemany!<\/p>\n<p lang=\"es-ES\" align=\"justify\"><a href=\"https:\/\/youtu.be\/nWWUquzJMCY\">Aqu\u00ed una petita mostra (clica)<\/a><\/p>\n<p lang=\"es-ES\" align=\"justify\"><span style=\"font-size: small;\">\u00a0<\/span><\/p>\n","protected":false},"excerpt":{"rendered":"<p><a href=\"https:\/\/agora.xtec.cat\/ieslaromanica\/wp-content\/uploads\/usu857\/2019\/02\/IMG_5277.jpg\"><\/a><br \/>\nText, fotografia i v\u00eddeo: Marzena Korczakowska<br \/>\nEl dia 13 de desembre de 2018, l&#8217;alumnat de 4t d&#8217;ESO de la mat\u00e8ria optativa d&#8217;Alemany, va poder participar al Taller de Teatre en Alemany impartit al nostre institut, de la m\u00e0 del pedagog teatral Arthur H\u00e0ring, subvencionat pel&hellip;  <a href=\"https:\/\/agora.xtec.cat\/ieslaromanica\/general\/taller-de-teatre-en-alemany\/\" title=\"Read Taller de Teatre en Alemany\">Llegeix m\u00e9s\u00bb<\/a><\/p>\n","protected":false},"author":3,"featured_media":14297,"comment_status":"open","ping_status":"closed","sticky":false,"template":"","format":"standard","meta":{"_bbp_topic_count":0,"_bbp_reply_count":0,"_bbp_total_topic_count":0,"_bbp_total_reply_count":0,"_bbp_voice_count":0,"_bbp_anonymous_reply_count":0,"_bbp_topic_count_hidden":0,"_bbp_reply_count_hidden":0,"_bbp_forum_subforum_count":0,"footnotes":""},"categories":[3,7,1,29],"tags":[240,188,250],"class_list":["post-14289","post","type-post","status-publish","format-standard","has-post-thumbnail","hentry","category-eso","category-eso-4","category-general","category-portada","tag-240","tag-alemany","tag-taller-de-teatre-en-alemany"],"post_mailing_queue_ids":[],"_links":{"self":[{"href":"https:\/\/agora.xtec.cat\/ieslaromanica\/wp-json\/wp\/v2\/posts\/14289","targetHints":{"allow":["GET"]}}],"collection":[{"href":"https:\/\/agora.xtec.cat\/ieslaromanica\/wp-json\/wp\/v2\/posts"}],"about":[{"href":"https:\/\/agora.xtec.cat\/ieslaromanica\/wp-json\/wp\/v2\/types\/post"}],"author":[{"embeddable":true,"href":"https:\/\/agora.xtec.cat\/ieslaromanica\/wp-json\/wp\/v2\/users\/3"}],"replies":[{"embeddable":true,"href":"https:\/\/agora.xtec.cat\/ieslaromanica\/wp-json\/wp\/v2\/comments?post=14289"}],"version-history":[{"count":3,"href":"https:\/\/agora.xtec.cat\/ieslaromanica\/wp-json\/wp\/v2\/posts\/14289\/revisions"}],"predecessor-version":[{"id":14302,"href":"https:\/\/agora.xtec.cat\/ieslaromanica\/wp-json\/wp\/v2\/posts\/14289\/revisions\/14302"}],"wp:featuredmedia":[{"embeddable":true,"href":"https:\/\/agora.xtec.cat\/ieslaromanica\/wp-json\/wp\/v2\/media\/14297"}],"wp:attachment":[{"href":"https:\/\/agora.xtec.cat\/ieslaromanica\/wp-json\/wp\/v2\/media?parent=14289"}],"wp:term":[{"taxonomy":"category","embeddable":true,"href":"https:\/\/agora.xtec.cat\/ieslaromanica\/wp-json\/wp\/v2\/categories?post=14289"},{"taxonomy":"post_tag","embeddable":true,"href":"https:\/\/agora.xtec.cat\/ieslaromanica\/wp-json\/wp\/v2\/tags?post=14289"}],"curies":[{"name":"wp","href":"https:\/\/api.w.org\/{rel}","templated":true}]}}